{"id":6795,"date":"2024-05-09T10:15:45","date_gmt":"2024-05-09T10:15:45","guid":{"rendered":"https:\/\/scenaamadeo.hr\/wordpress\/?p=6795"},"modified":"2024-05-20T15:08:55","modified_gmt":"2024-05-20T15:08:55","slug":"26-08-srdan-bulat-gitara","status":"publish","type":"post","link":"https:\/\/scenaamadeo.hr\/wordpress\/index.php\/2024\/05\/09\/26-08-srdan-bulat-gitara\/","title":{"rendered":"Ponedjeljak, 26.08.2024. \/ SR\u0110AN BULAT, gitara"},"content":{"rendered":"\n<p class=\"wp-block-paragraph\">\u201c<em>&#8230;koncertni umjetnik posebne scenske izra\u017eajnosti&#8230;\u201d (David Russell, predava\u010d na Royal Academy of Music u Londonu, vi\u0161estruki dobitnik nagrade Grammy)<\/em><\/p>\n\n\n\n<p class=\"wp-block-paragraph\">Program: <em>Dowland; Regondi; Albeniz;Tarrega; Papandopulo; Piazzolla; Fumi\u0107<\/em><\/p>\n\n\n\n<div class=\"wp-block-stackable-divider stk-block-divider stk-block stk-e140646\" data-block-id=\"e140646\"><hr class=\"stk-block-divider__hr\"\/><\/div>\n\n\n\n<p class=\"wp-block-paragraph\"><strong>Sr\u0111an Bulat<\/strong> (Split, 1986.) stekao je naobrazbu u splitskoj Srednjoj glazbenoj \u0161koli \u201eJosip Hatze\u201c i Op\u0107oj gimnaziji &#8220;Marko Maruli\u0107&#8221;, te na Umjetni\u010dkoj akademiji u Splitu (gdje je dobio i Rektorovu nagradu Sveu\u010dili\u0161ta u Splitu za akademsku godinu 2006.\/2007.). Godine 2010. diplomirao je gitaru na Muzi\u010dkoj akademiji u Zagrebu. Dobitnik je Dekanove nagrade, Rektorove nagrade Sveu\u010dili\u0161ta u Zagrebu za akademsku godinu 2009.\/2010. i priznanja Summa cum laude za najboljeg studenta generacije. U srpnju 2014. godine diplomirao je s pohvalama na Royal Academy of Music u Londonu, kao prvi gitarist s ovih prostora koji je dovr\u0161io poslijediplomski studij na ovoj ustanovi, u jednoj od najpresti\u017enijih glazbenih akademija na svijetu. Sr\u0111anov studij u Londonu omogu\u0107ila je organizacija ABRSM, kao najboljem me\u0111unarodnom kandidatu (neovisno o instrumentu) na audiciji za poslijediplomski studij. U rujnu 2015. godine zavr\u0161io je poslijediplomski specijalisti\u010dki studij na Muzi\u010dkoj akademiji u Zagrebu, na kojemu je glavna tema njegovog specijalisti\u010dkog rada bila \u2018Analiza odabranih skladbi hrvatskih skladatelja za gitaru u razdoblju nakon 1970. godine\u2019.<\/p>\n\n\n\n<p class=\"wp-block-paragraph\">Sr\u0111an je osvaja\u010d najvi\u0161ih nagrada na gotovo svim najpresti\u017enijim svjetskim natjecanjima za klasi\u010dnu gitaru: \u2018Francisco Tarrega\u2019 u Benicassimu, \u2018Michele Pittaluga\u2019 u Alessandriji, \u2018Fernando Sor\u2019 u Rimu, \u2018Julian Arcas\u2019 u Almeriji, \u2018Alhambra\u2019 u Valenciji, \u2018Gredos San Diego\u2019 u Madridu, \u2018Maurizio Biasini\u2019 u Bologni. Na ovim natjecanjima osvojio je i brojne specijalne nagrade, me\u0111u kojima se posebno isti\u010du nagrade za najbolju interpretaciju \u0161panjolske glazbe. Dobinik je gotovo svih doma\u0107ih nagrada za mlade umjetnike; pobjednik natjecanja \u201eFerdo Livadi\u0107\u201c i Tribine \u201eDarko Luki\u0107\u201c te godi\u0161nje nagrade \u201eIvo Vuljevi\u0107\u201c. Svirao je kao solist sa Zagreba\u010dkom filharmonijom, Splitskim komornim orkestrom, Dubrova\u010dkim simfonijskim orkestrom, \u201eCantus\u201d ansamblom, orkestrom \u201eVivaldi\u201d iz Alessandrije i orkestrom Opere iz Valencije, te odr\u017eao brojne solisti\u010dke recitale diljem svijeta (Madrid, Rim, Dublin, Kopenhagen, Oslo, Kairo, New York, Chicago, Toronto, Helsinki). U o\u017eujku 2011. godine snimio je u Londonu svoj prvi profesionalni CD za izdava\u010dku ku\u0107u \u201eRTVE M\u00fasica\u201d \u0160panjolske dr\u017eavne radiotelevizije, dok je godinu dana nakon toga snimio i CD za uglednu izdava\u010dku ku\u0107u Naxos, koji je slu\u017ebeno izdan u rujnu 2012. godine. Od 2018. godine redoviti je \u010dlan Hrvatske zajednice samostalnih umjetnika.<\/p>\n\n\n\n<div class=\"wp-block-stackable-divider stk-block-divider stk-block stk-062fa05\" data-block-id=\"062fa05\"><hr class=\"stk-block-divider__hr\"\/><\/div>\n\n\n\n<p class=\"has-text-align-center wp-block-paragraph\"><span style=\"color: var(--theme-palette-color-1, #D22027);\" class=\"stk-highlight\"><strong>Cijena ulaznice: 15 EUR<\/strong><\/span><\/p>\n\n\n\n<div class=\"wp-block-stackable-divider stk-block-divider stk-block stk-06ff6c4\" data-block-id=\"06ff6c4\"><hr class=\"stk-block-divider__hr\"\/><\/div>\n\n\n\n<p class=\"has-text-align-center wp-block-paragraph\"><a href=\"https:\/\/www.ulaznice.hr\/web\/event\/38\/11916\"><img loading=\"lazy\" decoding=\"async\" width=\"200\" height=\"120\" class=\"wp-image-51556\" style=\"width: 200px;\" src=\"https:\/\/scenaamadeo.hr\/wordpress\/wp-content\/uploads\/logo-ulaznicehr2.png\" alt=\"\"><\/a><\/p>\n","protected":false},"excerpt":{"rendered":"<p>\u201c&#8230;koncertni umjetnik posebne scenske izra\u017eajnosti&#8230;\u201d (David Russell, predava\u010d na Royal Academy of Music u Londonu, vi\u0161estruki dobitnik nagrade Grammy) Program: Dowland; Regondi; Albeniz;Tarrega; Papandopulo; Piazzolla; Fumi\u0107 Sr\u0111an Bulat (Split, 1986.) stekao je naobrazbu u splitskoj Srednjoj glazbenoj \u0161koli \u201eJosip Hatze\u201c i Op\u0107oj gimnaziji &#8220;Marko Maruli\u0107&#8221;, te na Umjetni\u010dkoj akademiji u Splitu (gdje je dobio i [&hellip;]<\/p>\n","protected":false},"author":4,"featured_media":6796,"comment_status":"open","ping_status":"closed","sticky":false,"template":"","format":"standard","meta":{"_acf_changed":false,"_editorskit_title_hidden":false,"_editorskit_reading_time":0,"_editorskit_is_block_options_detached":false,"_editorskit_block_options_position":"{}","_gspb_post_css":"","_crdt_document":"","ngg_post_thumbnail":0,"footnotes":""},"categories":[129],"tags":[228,227],"class_list":["post-6795","post","type-post","status-publish","format-standard","has-post-thumbnail","hentry","category-program-2024","tag-event","tag-program"],"blocksy_meta":[],"acf":[],"_links":{"self":[{"href":"https:\/\/scenaamadeo.hr\/wordpress\/index.php\/wp-json\/wp\/v2\/posts\/6795","targetHints":{"allow":["GET"]}}],"collection":[{"href":"https:\/\/scenaamadeo.hr\/wordpress\/index.php\/wp-json\/wp\/v2\/posts"}],"about":[{"href":"https:\/\/scenaamadeo.hr\/wordpress\/index.php\/wp-json\/wp\/v2\/types\/post"}],"author":[{"embeddable":true,"href":"https:\/\/scenaamadeo.hr\/wordpress\/index.php\/wp-json\/wp\/v2\/users\/4"}],"replies":[{"embeddable":true,"href":"https:\/\/scenaamadeo.hr\/wordpress\/index.php\/wp-json\/wp\/v2\/comments?post=6795"}],"version-history":[{"count":4,"href":"https:\/\/scenaamadeo.hr\/wordpress\/index.php\/wp-json\/wp\/v2\/posts\/6795\/revisions"}],"predecessor-version":[{"id":51634,"href":"https:\/\/scenaamadeo.hr\/wordpress\/index.php\/wp-json\/wp\/v2\/posts\/6795\/revisions\/51634"}],"wp:featuredmedia":[{"embeddable":true,"href":"https:\/\/scenaamadeo.hr\/wordpress\/index.php\/wp-json\/wp\/v2\/media\/6796"}],"wp:attachment":[{"href":"https:\/\/scenaamadeo.hr\/wordpress\/index.php\/wp-json\/wp\/v2\/media?parent=6795"}],"wp:term":[{"taxonomy":"category","embeddable":true,"href":"https:\/\/scenaamadeo.hr\/wordpress\/index.php\/wp-json\/wp\/v2\/categories?post=6795"},{"taxonomy":"post_tag","embeddable":true,"href":"https:\/\/scenaamadeo.hr\/wordpress\/index.php\/wp-json\/wp\/v2\/tags?post=6795"}],"curies":[{"name":"wp","href":"https:\/\/api.w.org\/{rel}","templated":true}]}}