{"id":6754,"date":"2024-05-09T08:57:47","date_gmt":"2024-05-09T08:57:47","guid":{"rendered":"https:\/\/scenaamadeo.hr\/wordpress\/?p=6754"},"modified":"2024-12-23T06:37:25","modified_gmt":"2024-12-23T06:37:25","slug":"27-07-miroslav-tadic-gitaristicki-recital","status":"publish","type":"post","link":"https:\/\/scenaamadeo.hr\/wordpress\/index.php\/2024\/05\/09\/27-07-miroslav-tadic-gitaristicki-recital\/","title":{"rendered":"Subota, 27.07. \/ MIROSLAV TADI\u0106 \/ IZVORI \u2013 20 godina na sceni Amadeo"},"content":{"rendered":"\n<p class=\"wp-block-paragraph\"><\/p>\n\n\n\n<p class=\"wp-block-paragraph\">Dvadeseta je godina od Tadi\u0107eva prvog nastupa na sceni Amadeo pa je to i odli\u010dan razlog za retrospektivu njegovih solisti\u010dkih pute\u0161estvija. \u010cut \u0107emo kako danas zvu\u010de njegove skladbe, obrade i improvizacije sa solo albuma \u201cWindow Mirror\u201d, \u201cMirina\u201d i \u201cSpavati, mo\u017eda sanjati\u201d, kao i \u0161to nam sprema za sljede\u0107e desetlje\u0107e.<\/p>\n\n\n\n<div class=\"wp-block-stackable-divider stk-block-divider stk-block stk-1126f4b\" data-block-id=\"1126f4b\"><hr class=\"stk-block-divider__hr\"\/><\/div>\n\n\n\n<p class=\"wp-block-paragraph\">Gitarist, skladatelj, improvizator i glazbeni pedagog Miroslav Tadi\u0107 ve\u0107 se desetlje\u0107ima bavi kombiniranjem i spajanjem mnogobrojnih glazbenih utjecaja me\u0111u kojima su barok, klasika, balkanski folklor, flamenko, jazz, blues i rock. Sura\u0111ivao je sa velikim brojem glazbenika iz cijelog svijeta, me\u0111u kojima su i London Symphony Orchestra, MDR Leipzig Symphony, The Philharmonic Orchestra of Monte-Carlo, Howard Levy, Joachim K\u00fchn, L. Shankar, Markus Stockhausen, Du\u0161an Bogdanovi\u0107, Vlatko Stefanovski, bra\u0107a Teofilovi\u0107, Bo\u017eo Vre\u0107o, Merima Klju\u010do, Tamara Obrovac, Matija Dedi\u0107, Rambo Amadeus, Wadada Leo Smith, Jack Bruce, Theodosii Spassov, Kudsi Erguner, Djivan Gasparyan, Pandit Swapan Chaudhuri i Ustad Ashish Khan. Tadi\u0107evi brojni snimci mogu se \u010duti u izdanju CMP Records, Enja, MA Recordings, Sony Classical, Croatia Records i mnogih drugih. Kao pedagog, Tadi\u0107 je voditelj odsjeka gitare na presti\u017enom California Institute of the Arts u Los Angelesu.<\/p>\n\n\n\n<div class=\"wp-block-stackable-divider stk-block-divider stk-block stk-3e51f55\" data-block-id=\"3e51f55\"><hr class=\"stk-block-divider__hr\"\/><\/div>\n\n\n\n<p class=\"has-text-align-center wp-block-paragraph\"><span style=\"color: var(--theme-palette-color-1, #D22027);\" class=\"stk-highlight\"><strong>Cijena ulaznice: 20 EUR<\/strong><\/span><\/p>\n\n\n\n<div class=\"wp-block-stackable-divider stk-block-divider stk-block stk-bb70851\" data-block-id=\"bb70851\"><hr class=\"stk-block-divider__hr\"\/><\/div>\n\n\n\n<p class=\"has-text-align-center wp-block-paragraph\"><a href=\"https:\/\/www.ulaznice.hr\/web\/event\/38\/11898\"><img loading=\"lazy\" decoding=\"async\" width=\"200\" height=\"120\" class=\"wp-image-51556\" style=\"width: 200px;\" src=\"https:\/\/scenaamadeo.hr\/wordpress\/wp-content\/uploads\/logo-ulaznicehr2.png\" alt=\"\"><\/a><\/p>\n\n\n\n<p class=\"has-text-align-center wp-block-paragraph\"><a href=\"https:\/\/www.eventim.hr\/hr\/ulaznice\/miroslav-tadic-zagreb-hrvatski-prirodoslovni-muzej-atrij-1427627\/performance.html\"><img decoding=\"async\" class=\"wp-image-51557\" style=\"width: 200px;\" src=\"https:\/\/scenaamadeo.hr\/wordpress\/wp-content\/uploads\/eventim-logo.svg\" alt=\"\"><\/a><\/p>\n","protected":false},"excerpt":{"rendered":"<p>Dvadeseta je godina od Tadi\u0107eva prvog nastupa na sceni Amadeo pa je to i odli\u010dan razlog za retrospektivu njegovih solisti\u010dkih pute\u0161estvija. \u010cut \u0107emo kako danas zvu\u010de njegove skladbe, obrade i improvizacije sa solo albuma \u201cWindow Mirror\u201d, \u201cMirina\u201d i \u201cSpavati, mo\u017eda sanjati\u201d, kao i \u0161to nam sprema za sljede\u0107e desetlje\u0107e. Gitarist, skladatelj, improvizator i glazbeni pedagog [&hellip;]<\/p>\n","protected":false},"author":4,"featured_media":6755,"comment_status":"open","ping_status":"closed","sticky":false,"template":"","format":"standard","meta":{"_acf_changed":false,"_editorskit_title_hidden":false,"_editorskit_reading_time":0,"_editorskit_is_block_options_detached":false,"_editorskit_block_options_position":"{}","_gspb_post_css":"","_crdt_document":"","ngg_post_thumbnail":0,"footnotes":""},"categories":[129],"tags":[228,227],"class_list":["post-6754","post","type-post","status-publish","format-standard","has-post-thumbnail","hentry","category-program-2024","tag-event","tag-program"],"blocksy_meta":[],"acf":[],"_links":{"self":[{"href":"https:\/\/scenaamadeo.hr\/wordpress\/index.php\/wp-json\/wp\/v2\/posts\/6754","targetHints":{"allow":["GET"]}}],"collection":[{"href":"https:\/\/scenaamadeo.hr\/wordpress\/index.php\/wp-json\/wp\/v2\/posts"}],"about":[{"href":"https:\/\/scenaamadeo.hr\/wordpress\/index.php\/wp-json\/wp\/v2\/types\/post"}],"author":[{"embeddable":true,"href":"https:\/\/scenaamadeo.hr\/wordpress\/index.php\/wp-json\/wp\/v2\/users\/4"}],"replies":[{"embeddable":true,"href":"https:\/\/scenaamadeo.hr\/wordpress\/index.php\/wp-json\/wp\/v2\/comments?post=6754"}],"version-history":[{"count":4,"href":"https:\/\/scenaamadeo.hr\/wordpress\/index.php\/wp-json\/wp\/v2\/posts\/6754\/revisions"}],"predecessor-version":[{"id":51690,"href":"https:\/\/scenaamadeo.hr\/wordpress\/index.php\/wp-json\/wp\/v2\/posts\/6754\/revisions\/51690"}],"wp:featuredmedia":[{"embeddable":true,"href":"https:\/\/scenaamadeo.hr\/wordpress\/index.php\/wp-json\/wp\/v2\/media\/6755"}],"wp:attachment":[{"href":"https:\/\/scenaamadeo.hr\/wordpress\/index.php\/wp-json\/wp\/v2\/media?parent=6754"}],"wp:term":[{"taxonomy":"category","embeddable":true,"href":"https:\/\/scenaamadeo.hr\/wordpress\/index.php\/wp-json\/wp\/v2\/categories?post=6754"},{"taxonomy":"post_tag","embeddable":true,"href":"https:\/\/scenaamadeo.hr\/wordpress\/index.php\/wp-json\/wp\/v2\/tags?post=6754"}],"curies":[{"name":"wp","href":"https:\/\/api.w.org\/{rel}","templated":true}]}}