{"id":6706,"date":"2024-05-08T13:34:33","date_gmt":"2024-05-08T13:34:33","guid":{"rendered":"https:\/\/scenaamadeo.hr\/wordpress\/?p=6706"},"modified":"2024-12-23T06:44:42","modified_gmt":"2024-12-23T06:44:42","slug":"21-07-2024-2100-h-hrvatski-gitarski-kvartet","status":"publish","type":"post","link":"https:\/\/scenaamadeo.hr\/wordpress\/index.php\/2024\/05\/08\/21-07-2024-2100-h-hrvatski-gitarski-kvartet\/","title":{"rendered":"Nedjelja, 21.07.2024. \/ HRVATSKI GITARSKI KVARTET"},"content":{"rendered":"\n<p class=\"wp-block-paragraph\">Koncertni program obuhva\u0107a gotovo sve glazbene epohe paze\u0107i pritom da izvedbe i praizvedbe skladbi hrvatskih skladatelja budu neizostavan dio.<\/p>\n\n\n\n<div class=\"wp-block-stackable-divider stk-block-divider stk-block stk-4c11960\" data-block-id=\"4c11960\"><hr class=\"stk-block-divider__hr\"\/><\/div>\n\n\n\n<p class=\"wp-block-paragraph\">Nastupaju: Zoran Duki\u0107, Petrit \u00c7eku, Maroje Br\u010di\u0107, Tvrtko Sari\u0107<\/p>\n\n\n\n<p class=\"wp-block-paragraph\">Program: <em>Grieg, Mileti\u0107, Sorko\u010devi\u0107, Jurani\u0107, Prokofjev, Piazzolla<\/em><\/p>\n\n\n\n<div class=\"wp-block-stackable-divider stk-block-divider stk-block stk-fec1d1a\" data-block-id=\"fec1d1a\"><hr class=\"stk-block-divider__hr\"\/><\/div>\n\n\n\n<p class=\"wp-block-paragraph\">Prvi zajedni\u010dki koncert Zoran Duki\u0107, Petrit \u00c7eku, Maroje Br\u010di\u0107 i Tvrtko Sari\u0107 odr\u017eali su 2016. godine. Nakon toga su se na vi\u0161e koncertnih turneja predstavili publici u Hrvatskoj, Sloveniji, \u010ce\u0161koj i Ma\u0111arskoj te na koncertima sa Zagreba\u010dkim solistima i Vara\u017edinskim komornim orkestrom.<\/p>\n\n\n\n<p class=\"wp-block-paragraph\">Za koncert na Dubrova\u010dkim ljetnim igrama 2017. godine nagra\u0111eni su nagradom Orlando. Od 2020. godine Kvartet nastupa pod imenom Hrvatski gitarski kvartet. Iste godine izdali su, zajedno s jo\u0161 \u010detvero kolega gitarista (Morana Pe\u0161uti\u0107, Pedro Riberio Rodrigues, Tomislav Vuk\u0161i\u0107 i Kre\u0161imir Bedek), album \u201eGuitarrismo\u201c (Croatia records). Album je nominiran za nagradu Porin u dvije kategorije. Novu plo\u010du \u201eBagatelle za ku\u0107nu upotrebu\u201d, posve\u0107enu odabranim skladbama hrvatskih skladatelja, Kvartet je izdao 2022. godine. I taj album je nominiran za nagradu Porin. Njihov koncertni program obuhva\u0107a gotovo sve glazbene epohe paze\u0107i pritom da izvedbe i praizvedbe skladbi hrvatskih skladatelja budu njegov neizostavan dio.<\/p>\n\n\n\n<p class=\"wp-block-paragraph\"><strong>Zoran Duki\u0107<\/strong> diplomirao je na Muzi\u010dkoj akademiji u Zagrebu u klasi prof. D. Petrinjaka, a usavr\u0161avao se kod prof. H. K\u00e4ppela na Visokoj glazbenoj \u0161koli u K\u00f6lnu. Pobjednik je niza najva\u017enijih svjetskih gitarskih natjecanja, a i do danas je jedini koji je pobijedio na oba natjecanja Andr\u00e9s Segovia (u Granadi i u Palmi de Mallorci). Na najve\u0107em \u0161panjolskom gitarskom natjecanju u Madridu, koje se odr\u017eava pod pokroviteljstvom kraljevske obitelji, osvojio je prvu kao i posebnu nagradu za interpretaciju \u0161panjolske glazbe, po prvi puta dodijeljenu gitaristu ro\u0111enom izvan \u0160panjolske. Iznimno bogata koncertna karijera odvela ga je u najzna\u010dajnije koncertne dvorane svijeta kao \u0161to su Carnegie Hall u New Yorku, \u010cajkovski u Moskvi i Concertgebouw u Amsterdamu. Njegova suptilna poetika, superiorna virtuoznost i nadasve glazbena suverenost potaknula je mnoge skladatelje da mu posvete svoja djela. Snimio je nosa\u010de zvuka za diskografske tvrtke u Hrvatskoj, Njema\u010dkoj, \u0160panjolskoj, Belgiji, Kanadi i Brazilu. Kao vrstan pedagog odgojio je nara\u0161taje klasi\u010dnih gitarista na Kraljevskom konzervatoriju u Haagu gdje je profesor od 1997. godine. Od 2011. godine Zoran Duki\u0107 djeluje pod pokroviteljstvom ameri\u010dke tvrtke D\u2019Addario.<\/p>\n\n\n\n<p class=\"wp-block-paragraph\"><strong>Petrit \u00c7eku<\/strong> diplomirao je u klasi Darka Petrinjaka na Muzi\u010dkoj Akademiji u Zagrebu te se usavr\u0161avao kod Manuela Barrueca na konzervatoriju Peabody u Baltimoreu (SAD). Gitarski kriti\u010dar Colin Cooper oslovio ga je kao \u201esolista visokih mogu\u0107nosti\u201c. Nastupao je diljem svijeta sa solisti\u010dkim recitalima te uz orkestre poput Simfonijskog orkestra Allentowna, Simfonijskog orkestra Baltimorea, Komornog orkestra \u010ce\u0161ke filharmonije, Orkestra dr\u017eavnog hermita\u017ea St. Petersbuga, Filharmonije Daejeona, te najzna\u010dajnijim hrvatskim orkestrima poput Zagreba\u010dke filharmonije, Dubrova\u010dkog simfonijskog orkestra i Simfonijskog orkestra HRT-a. Tako\u0111er, redovito nastupa sa poznatim ansamblom Zagreba\u010dki solisti te gitarskim triom Elogio. Osvojio je brojne prve nagrade na internacionalnim natjecanjima me\u0111u kojima se izdvajaju Christopher Parkening u Malibuu (SAD), Schadt u Allentownu (SAD), Maurizio Biasini u Bologni (Italija) te natjecanje Michele Pittaluga u Alessandriji (Italija). Dobitnik je nagrade Ivo Vuljevi\u0107 Hrvatske glazbene mlade\u017ei, Mladi glazbenik godine Zagreba\u010dke filharmonije te nagrade Milka Trnina Hrvatskog dru\u0161tva glazbenih umjetnika. Profesor je komorne glazbe kao posebnog studija za gitaru na Umjetni\u010dkom sveu\u010dili\u0161tu u Grazu, Austrija. Njegovi nosa\u010di zvuka izdani pod etiketama Naxos, BuntArt i Eudora Records, a njegov album \u2018The Cello Suites\u2019 nominiran je za ICMA awards. Petrit \u00c7eku svira na gitari ameri\u010dkog graditelja Rossa Gutmeiera sa \u017eicama marke D\u2019Addario.<\/p>\n\n\n\n<p class=\"wp-block-paragraph\"><strong>Maroje Br\u010di\u0107<\/strong> diplomirao je na Muzi\u010dkoj akademiji u Zagrebu u klasi prof. Darka Petrinjaka. Predaje gitaru na Umjetni\u010dkoj akademiji Sveu\u010dili\u0161ta u Splitu. Redoviti je \u010dlan ocjenjiva\u010dkih vije\u0107a na dr\u017eavnim i me\u0111unarodnim natjecanjima i \u010desto dr\u017ei stru\u010dna predavanja i seminare. Njegovi u\u010denici i studenti osvojili su preko stotinu prvih nagrada na dr\u017eavnim i uglednim me\u0111unarodnim natjecanjima. Od 2019. urednik je \u010dasopisa Gitara, godi\u0161njaka Hrvatske udruge gitarskih pedagoga. Na koncertnim je podijima preko trideset godina kao solist, \u010dlan razli\u010ditih komornih tijela i kao solist uz orkestar (Simfonijski orkestar Hrvatske radiotelevizije, Dubrova\u010dki simfonijski orkestar, Vara\u017edinski komorni orkestar, Zagreba\u010dki solisti, Mostarski komorni orkestar, Sarajevska filharmonija, Temi\u0161varska filharmonija, Orkestar Makedonske nacionalne opere te moskovski Gnjesinski virtuozi). Osim u domovini, nastupio je u Europi, Aziji i Sjevernoj Americi. Potaknuo je brojne autore da pi\u0161u za gitaru, me\u0111u kojima treba istaknuti \u017deljka Brkanovi\u0107a, Nik\u0161u Njiri\u0107a, Ivu Josipovi\u0107a, Berislava \u0160ipu\u0161a, Philipa Bracanina, Gorana Liste\u0161a, An\u0111elka Klobu\u010dara i Zorana Jurani\u0107a. Dobitnik je Rektorove nagrade Sveu\u010dili\u0161ta u Zagrebu (1991.), Diplome Milka Trnina (Hrvatsko dru\u0161tvo glazbenih umjetnika, 2008.), Oskara znanja (Agencija za odgoj i obrazovanje, 2005., 2006., 2007., 2008., 2017., 2019. i 2021.) te nagrade Orlando (Hrvatska radiotelevizija, 2009. i 2017.). Objavio je knjigu u kojoj obra\u0111uje teme iz podru\u010dja interpretacije i tehnike sviranja, a za diskografske ku\u0107e u Hrvatskoj i Austriji snimio je osam kompaktnih plo\u010da i jedan DVD.<\/p>\n\n\n\n<p class=\"wp-block-paragraph\"><strong>Tvrtko Sari\u0107<\/strong> glazbenu naobrazbu zapo\u010deo je u Rijeci u klasi Nikole Jedrlini\u0107a da bi potom maturirao u Zagrebu u klasi prof. I\u0161tvana R\u00f6mera. Diplomirao je u klasi prof. Darka Petrinjaka na zagreba\u010dkoj Muzi\u010dkoj akademiji. Na Visokoj \u0161koli za glazbu u Lovranu poha\u0111ao je jednogodi\u0161nju specijalizaciju u klasi prof. Gorana Liste\u0161a. Koncertirao je gotovo svim europskim zemljama te Sjevernoj i Ju\u017enoj Americi. Kao solist, nastupao je sa Zagreba\u010dkom filharmonijom, Zagreba\u010dkim solistima, Celjskim godalnim orkestrom, Vara\u017edinskim komornim orkestrom, ve\u0107inom guda\u010dkih kvarteta u Hrvatskoj te kao \u010dlan ansambla za suvremenu glazbu Cantus. Od 2010. do 2015.godine bio je \u010dlan je renesansnog ansambla Minstrel, gdje je svirao lutnju. Za diskografske ku\u0107e u Hrvatskoj i Sloveniji snimio je devet nosa\u010da zvuka i jedan DVD. Dobitnik je nagrade Orlando (2017.), Porin (Cantus, 2018.). Na podru\u010dju grada Gospi\u0107a i Li\u010dko-senjske \u017eupanije osnovao je nekoliko glazbenih ciklusa i u svojstvu umjetni\u010dkog ravnatelja s uspjehom ih vodio dvadeset godina. U zvanju docenta zaposlen je na Odjelu za nastavni\u010dke studije u Gospi\u0107u Sveu\u010dili\u0161ta u Zadru, te na Glazbenoj \u0161koli u \u010crnomlju (Slovenija). Na spomenutom Odjelu 2012. godine osnovao je pjeva\u010dki zbor \u201eDegenija\u201c. Za \u201eizvrsna postignu\u0107a u umjetni\u010dkom radu i vo\u0111enju Zbora\u201c nagra\u0111en je 2017. godine Rektorovom nagradom.<\/p>\n\n\n\n<div class=\"wp-block-stackable-divider stk-block-divider stk-block stk-0017960\" data-block-id=\"0017960\"><hr class=\"stk-block-divider__hr\"\/><\/div>\n\n\n\n<p class=\"extendedwopts-md-center has-text-align-center wp-block-paragraph\"><span style=\"color: var(--theme-palette-color-1, #D22027);\" class=\"stk-highlight\"><strong>Cijena ulaznice: 20 EUR<\/strong><\/span><\/p>\n\n\n\n<div class=\"wp-block-stackable-divider stk-block-divider stk-block stk-cf5ed20\" data-block-id=\"cf5ed20\"><hr class=\"stk-block-divider__hr\"\/><\/div>\n\n\n\n<p class=\"has-text-align-center wp-block-paragraph\"><a href=\"https:\/\/www.ulaznice.hr\/web\/event\/38\/11894\"><img loading=\"lazy\" decoding=\"async\" width=\"200\" height=\"120\" class=\"wp-image-51556\" style=\"width: 200px;\" src=\"https:\/\/scenaamadeo.hr\/wordpress\/wp-content\/uploads\/logo-ulaznicehr2.png\" alt=\"\"><\/a> <\/p>\n\n\n\n<p class=\"has-text-align-center wp-block-paragraph\"><strong><a href=\"https:\/\/www.eventim.hr\/hr\/ulaznice\/hrvatski-gitarski-kvartet-zagreb-prirodoslovni-muzej-atrij-1427614\/performance.html\"><img decoding=\"async\" class=\"wp-image-51557\" style=\"width: 200px;\" src=\"https:\/\/scenaamadeo.hr\/wordpress\/wp-content\/uploads\/eventim-logo.svg\" alt=\"\"><\/a><\/strong><\/p>\n","protected":false},"excerpt":{"rendered":"<p>Koncertni program obuhva\u0107a gotovo sve glazbene epohe paze\u0107i pritom da izvedbe i praizvedbe skladbi hrvatskih skladatelja budu neizostavan dio. Nastupaju: Zoran Duki\u0107, Petrit \u00c7eku, Maroje Br\u010di\u0107, Tvrtko Sari\u0107 Program: Grieg, Mileti\u0107, Sorko\u010devi\u0107, Jurani\u0107, Prokofjev, Piazzolla Prvi zajedni\u010dki koncert Zoran Duki\u0107, Petrit \u00c7eku, Maroje Br\u010di\u0107 i Tvrtko Sari\u0107 odr\u017eali su 2016. godine. Nakon toga su se [&hellip;]<\/p>\n","protected":false},"author":4,"featured_media":6707,"comment_status":"open","ping_status":"closed","sticky":false,"template":"","format":"standard","meta":{"_acf_changed":false,"_editorskit_title_hidden":false,"_editorskit_reading_time":0,"_editorskit_is_block_options_detached":false,"_editorskit_block_options_position":"{}","_gspb_post_css":"","_crdt_document":"","ngg_post_thumbnail":0,"footnotes":""},"categories":[129],"tags":[228,227],"class_list":["post-6706","post","type-post","status-publish","format-standard","has-post-thumbnail","hentry","category-program-2024","tag-event","tag-program"],"blocksy_meta":[],"acf":[],"_links":{"self":[{"href":"https:\/\/scenaamadeo.hr\/wordpress\/index.php\/wp-json\/wp\/v2\/posts\/6706","targetHints":{"allow":["GET"]}}],"collection":[{"href":"https:\/\/scenaamadeo.hr\/wordpress\/index.php\/wp-json\/wp\/v2\/posts"}],"about":[{"href":"https:\/\/scenaamadeo.hr\/wordpress\/index.php\/wp-json\/wp\/v2\/types\/post"}],"author":[{"embeddable":true,"href":"https:\/\/scenaamadeo.hr\/wordpress\/index.php\/wp-json\/wp\/v2\/users\/4"}],"replies":[{"embeddable":true,"href":"https:\/\/scenaamadeo.hr\/wordpress\/index.php\/wp-json\/wp\/v2\/comments?post=6706"}],"version-history":[{"count":12,"href":"https:\/\/scenaamadeo.hr\/wordpress\/index.php\/wp-json\/wp\/v2\/posts\/6706\/revisions"}],"predecessor-version":[{"id":51686,"href":"https:\/\/scenaamadeo.hr\/wordpress\/index.php\/wp-json\/wp\/v2\/posts\/6706\/revisions\/51686"}],"wp:featuredmedia":[{"embeddable":true,"href":"https:\/\/scenaamadeo.hr\/wordpress\/index.php\/wp-json\/wp\/v2\/media\/6707"}],"wp:attachment":[{"href":"https:\/\/scenaamadeo.hr\/wordpress\/index.php\/wp-json\/wp\/v2\/media?parent=6706"}],"wp:term":[{"taxonomy":"category","embeddable":true,"href":"https:\/\/scenaamadeo.hr\/wordpress\/index.php\/wp-json\/wp\/v2\/categories?post=6706"},{"taxonomy":"post_tag","embeddable":true,"href":"https:\/\/scenaamadeo.hr\/wordpress\/index.php\/wp-json\/wp\/v2\/tags?post=6706"}],"curies":[{"name":"wp","href":"https:\/\/api.w.org\/{rel}","templated":true}]}}