{"id":51332,"date":"2023-06-23T17:40:37","date_gmt":"2023-06-23T17:40:37","guid":{"rendered":"https:\/\/scenaamadeo.hr\/wordpress\/index.php\/2023\/06\/23\/11-07-2023-20-30-galerija-sira-otvorenje-izlozbe-vide-meic\/"},"modified":"2023-06-23T17:40:37","modified_gmt":"2023-06-23T17:40:37","slug":"11-07-2023-20-30-galerija-sira-otvorenje-izlozbe-vide-meic","status":"publish","type":"post","link":"https:\/\/scenaamadeo.hr\/wordpress\/index.php\/2023\/06\/23\/11-07-2023-20-30-galerija-sira-otvorenje-izlozbe-vide-meic\/","title":{"rendered":"11.07.2023. \/ 20:30 \/ Galerija \u0160IRA \/ Otvorenje izlo\u017ebe Vide Mei\u0107"},"content":{"rendered":"<p style=\"text-align: justify;\">Popularna zagreba\u010dka ljetna Scena AMADEO, u suradnji sa Hrvatskim prirodoslovnim muzejem, u svojoj 24. sezoni nastavlja i sa serijom izlo\u017ebi posve\u0107enih prerano preminuloj \u010dlanici programskog odbora scene, slikarici i grafi\u010darki Izabeli \u0160imunovi\u0107, kojima se predstavljaju likovni umjetnici \u010dija su djela inspirirana prirodoslovnom tematikom. Ove godine izbor je pao na akademsku grafi\u010darku <strong>Vidu Mei\u0107<\/strong> koja \u0107e se 11. srpnja u Galeriji \u0160IRA u zagreba\u010dkoj Preradovi\u0107evoj ulici predstaviti izlo\u017ebom slika <em>\u201eSedimenti\u201c.<\/em><\/p>\n<hr \/>\n<p style=\"text-align: justify;\"><strong><em>\u201ePoeti\u010dnost kojom zra\u010di cijela ova izlo\u017eba, senzibilnost koja izbija iz svih objekata, stranica knjiga i elaboriranih grafi\u010dkih listova, mo\u017ee potaknuti brojne misli o njezinoj osnovnoj temi \u2013 talo\u017eenju kao fizi\u010dkom tragu prolaznosti vremena\u201c<\/em><\/strong><\/p>\n<p style=\"text-align: justify;\">Vida Mei\u0107 (1991., \u010cakovec) diplomirala je grafiku u klasi prof. Ines Krasi\u0107 na Nastavni\u010dkom odsjeku na Akademiji likovnih umjetnosti u Zagrebu s pohvalom Summa Cum Laude.<br \/> Dobitnica je sedam nagrada za umjetni\u010dki rad, od kojih se isti\u010du Erste Grand Prix, nagrada Grafi\u010dke zbirke NSK te MSU nagrada. Izlagala je na tridesetak skupnih izlo\u017ebi i pet samostalne.&nbsp; Zaposlena je kao asistentica na Akademiji likovnih umjetnosti Sveu\u010dili\u0161ta u Zagrebu.<\/p>\n<p style=\"text-align: justify;\">\u201eUvijek zainteresirana za strukturu, mrlju, materiju, odnosno za onaj osnovni element likovnog izri\u010daja (u koji gledatelj upisuje svoja tuma\u010denja), Vida Mei\u0107 sada analizira likovni jezik oslanjaju\u0107i se na metaforu sedimentacije. Talozi su istovremeno i ono skriveno i ono \u0161to otkriva pro\u0161lost, proto\u010dnost vremena ili postojanje nekih druga\u010dijih okolnosti\u201c. &#8211; napominje u svom predgovoru izlo\u017ebi povjesni\u010dar umjetnosti Fe\u0111a Gavrilovi\u0107, od 2020. godine selektor izlaga\u010dkog programa.<\/p>\n<p style=\"text-align: justify;\">Od 2010. godine do danas u ovoj presti\u017enoj seriji izlo\u017ebi izlagali su<em>: Izabela \u0160imunovi\u0107, Vladimir Filakovac, Denis Kra\u0161kovi\u0107, Petar Doli\u0107, Bane Milenkovi\u0107, Vatroslav Kuli\u0161, Marija Ujevi\u0107, Dominique Juri\u0107, Dora Kova\u010devi\u0107, Manuela Pauk, Ivona Juri\u0107 i Domagoj Rogina. <\/em>Uz promociju hrvatskih likovnih umjetnika \u010dija su djela inspirirana prirodoslovnom tematikom, ovaj jedinstveni projekt sadr\u017ei u sebi jo\u0161 jednu bitnu odrednicu: svi likovni umjetnici koji su ve\u0107 izlagali ili \u0107e tek izlagati u navedenom ciklusu u obvezi su da&nbsp;jedan svoj rad sa izlo\u017ebe poklone Hrvatskom prirodoslovnom muzeju, \u010dime je udaren temelj danas ve\u0107 respektabilnoj muzejskoj likovnoj zbirci.<\/p>\n<hr \/>\n<p><span style=\"color: #ff0000;\"><strong>Otvorenje: 11. srpnja u 20.30 sati<\/strong><\/span><\/p>\n<p><span style=\"color: #ff0000;\"><strong>Galerija \u0160ira, Preradovi\u0107eva 13<\/strong><\/span><\/p>\n<p><span style=\"color: #ff0000;\"><strong>Izlo\u017eba ostaje otvorena do 29. srpnja 2023.<\/strong><\/span><\/p>\n<p><span style=\"color: #ff0000;\"><strong>SLOBODAN ULAZ<\/strong><\/span><\/p>\n","protected":false},"excerpt":{"rendered":"<p>Popularna zagreba\u010dka ljetna Scena AMADEO, u suradnji sa Hrvatskim prirodoslovnim muzejem, u svojoj 24. sezoni nastavlja i sa serijom izlo\u017ebi posve\u0107enih prerano preminuloj \u010dlanici programskog odbora scene, slikarici i grafi\u010darki Izabeli \u0160imunovi\u0107, kojima se predstavljaju likovni umjetnici \u010dija su djela inspirirana prirodoslovnom tematikom. Ove godine izbor je pao na akademsku grafi\u010darku Vidu Mei\u0107 koja \u0107e [&hellip;]<\/p>\n","protected":false},"author":6,"featured_media":51331,"comment_status":"open","ping_status":"closed","sticky":false,"template":"","format":"standard","meta":{"_acf_changed":false,"_editorskit_title_hidden":false,"_editorskit_reading_time":0,"_editorskit_is_block_options_detached":false,"_editorskit_block_options_position":"{}","_gspb_post_css":"","_crdt_document":"","ngg_post_thumbnail":0,"footnotes":""},"categories":[308],"tags":[],"class_list":["post-51332","post","type-post","status-publish","format-standard","has-post-thumbnail","hentry","category-program-2023"],"blocksy_meta":[],"acf":[],"_links":{"self":[{"href":"https:\/\/scenaamadeo.hr\/wordpress\/index.php\/wp-json\/wp\/v2\/posts\/51332","targetHints":{"allow":["GET"]}}],"collection":[{"href":"https:\/\/scenaamadeo.hr\/wordpress\/index.php\/wp-json\/wp\/v2\/posts"}],"about":[{"href":"https:\/\/scenaamadeo.hr\/wordpress\/index.php\/wp-json\/wp\/v2\/types\/post"}],"author":[{"embeddable":true,"href":"https:\/\/scenaamadeo.hr\/wordpress\/index.php\/wp-json\/wp\/v2\/users\/6"}],"replies":[{"embeddable":true,"href":"https:\/\/scenaamadeo.hr\/wordpress\/index.php\/wp-json\/wp\/v2\/comments?post=51332"}],"version-history":[{"count":0,"href":"https:\/\/scenaamadeo.hr\/wordpress\/index.php\/wp-json\/wp\/v2\/posts\/51332\/revisions"}],"wp:featuredmedia":[{"embeddable":true,"href":"https:\/\/scenaamadeo.hr\/wordpress\/index.php\/wp-json\/wp\/v2\/media\/51331"}],"wp:attachment":[{"href":"https:\/\/scenaamadeo.hr\/wordpress\/index.php\/wp-json\/wp\/v2\/media?parent=51332"}],"wp:term":[{"taxonomy":"category","embeddable":true,"href":"https:\/\/scenaamadeo.hr\/wordpress\/index.php\/wp-json\/wp\/v2\/categories?post=51332"},{"taxonomy":"post_tag","embeddable":true,"href":"https:\/\/scenaamadeo.hr\/wordpress\/index.php\/wp-json\/wp\/v2\/tags?post=51332"}],"curies":[{"name":"wp","href":"https:\/\/api.w.org\/{rel}","templated":true}]}}