{"id":51328,"date":"2023-06-21T11:39:45","date_gmt":"2023-06-21T11:39:45","guid":{"rendered":"https:\/\/scenaamadeo.hr\/wordpress\/index.php\/2023\/06\/21\/08-09-2023-20-30-galerija-klovicevi-dvori-amalia-baraona-i-vitor-garbelotto-dorival-caymmi-susrece-badena-powella\/"},"modified":"2023-06-21T11:39:45","modified_gmt":"2023-06-21T11:39:45","slug":"08-09-2023-20-30-galerija-klovicevi-dvori-amalia-baraona-i-vitor-garbelotto-dorival-caymmi-susrece-badena-powella","status":"publish","type":"post","link":"https:\/\/scenaamadeo.hr\/wordpress\/index.php\/2023\/06\/21\/08-09-2023-20-30-galerija-klovicevi-dvori-amalia-baraona-i-vitor-garbelotto-dorival-caymmi-susrece-badena-powella\/","title":{"rendered":"08.09.2023. \/ 20:30 \/ Galerija Klovi\u0107evi dvori \/ Am\u00e1lia Baraona i Vitor Garbelotto \/ Dorival Caymmi susre\u0107e Badena Powella"},"content":{"rendered":"<p style=\"text-align: justify;\"><strong><strong><em>Od Afro-Brazilske glazbe do Bossa Nove:<\/em><\/strong> <strong>Dorival Caymmi susre\u0107e Badena Powella<\/strong><\/strong><\/p>\n<p style=\"text-align: justify;\"><strong>Am\u00e1lia Baraona, vokal&nbsp;&nbsp;&nbsp; <\/strong><\/p>\n<p style=\"text-align: justify;\"><strong>Vitor Garbelotto, gitara&nbsp;&nbsp;&nbsp; <\/strong><\/p>\n<hr \/>\n<p style=\"text-align: justify;\">Glazbenik i aran\u017eer <strong>Vitor Garbelotto<\/strong> dio je nove generacije brazilskih gitarista koji je izgradio dojmljivu me\u0111unarodnu karijeru tijekom posljednjih deset godina. Brazilac, Talijan i gra\u0111anin svijeta koji \u017eivi u Francuskoj od 2016. godine, Vitorova glazba nadilazi i fascinira &#8211; od uli\u010dnih festivala i privatnih koncerata, do velikih nacionalnih pozornica poput &#8220;La Folle Journ\u00e9e&#8221;, &#8220;Le Rendez-vous de l&#8217;Erdre&#8221;, Le lieu unique i Th\u00e9\u00e2tre Graslin. Bilo da se radi o ritmi\u010dkoj karakteristici ili toplom virtuozitetu, Garbelotto je svestrani gitarist koji je ve\u0107 poznat po svom izvanrednom debiju i hrabrim izborima. Njegov prvi album, &#8220;Radam\u00e9s Gnattali &#8211; Complete works for solo guitar&#8221;, donio mu je nagradu APCA 2010. (Nagrada Sao Paulskih kriti\u010dara umjetnosti) i nominaciju za nagradu brazilskog glazbenog priznanja kao otkri\u0107e godine. Godine 2015. objavio je drugi album pod nazivom &#8220;Sarau para Radam\u00e9s&#8221;, ovaj put koriste\u0107i svoju kreativnost i osjetljivost na aran\u017emanima za solo gitaru klasi\u010dnih brazilskih glazbenih djela. Hvaljen od strane me\u0111unarodnih kriti\u010dara, ovaj album bio je CD mjeseca u francuskom \u010dasopisu &#8220;Guitare Classique Magazine&#8221;. Od 2014. do 2016. godine bio je \u010dlan kvarteta gitara Tau Quartet. S tim kvartetom je tri puta gostovao u Danskoj, gdje su odr\u017eali vi\u0161e od \u010detrdeset koncerata u javnim \u0161kolama u nekoliko gradova. Njegovo najnovije djelo (2018.), pod nazivom &#8220;Loro Project&#8221;, rezultat je susreta izme\u0111u Garbelottovih brazilskih gitara i Henrik Andr\u00e9ovog violinskog jazza. Ovaj projekt otkriva dijaloge i veze izme\u0111u kontinenata.<\/p>\n<p style=\"text-align: justify;\">Ro\u0111ena u Portugalu, <strong>Am\u00e1lia Baraona<\/strong> je odrasla u Brazilu, slu\u0161aju\u0107i i pjevaju\u0107i brazilsku popularnu glazbu i bossa novu od malih nogu. Nakon povratka u Europu, Am\u00e1lia je otkrila jazz i swing te sudjelovala na radionicama s Ancom Parghel (RO), Genevi\u00e8ve Frasellee (BE), Paulom Oliveirom (PT), Marijom Pia De Vito (IT) i Deborah J Carter (SAD), zapo\u010dinju\u0107i glazbenu karijeru u Bruxellesu po\u010detkom devedesetih godina pro\u0161log stolje\u0107a. Godine 2003. preselila se u Albaniju, kasnije u Hrvatsku, a zatim u Sjevernu Makedoniju. Od 2019. godine \u017eivi u Beogradu, Srbija, gdje redovito izvodi bossa novu i popularnu brazilsku glazbu. Am\u00e1lia Baraona snimila je svoj prvi album &#8220;Mulheres&#8221; 2010. godine, u kojem nudi poetsku turneju kroz muze poznatih skladatelja brazilske popularne glazbe. 2012. godine izdala je svoj drugi album &#8220;Menescantando&#8221; posve\u0107en Robertu Menescalu, koji se i pojavljuje na dvije pjesme. Godine 2015. izlazi album &#8220;3 Mundus&#8221; na kojem se Am\u00e1liji pridru\u017euju tri gitarista, me\u0111u kojima i Petrit Ceku, te s kojim nastupa na tri koncerta u Poljskoj i Hrvatskoj 2016., 2017. i 2019. godine. Nakon pandemije COVID-19, Am\u00e1lia se vratila s novim albumom &#8220;Everyday a Little Love&#8221;, u suradnji s Vasilom Had\u017eimanovom, Petrom \u0106ulibrkom, Gentijem Rushijem, Martinom Gjakonovskim, Kirilom Kuzmanovom i Cl\u00e1udiom Infanteom. Njezin najnoviji projekt je suradnja s brazilskim gitaristom, glazbenikom i aran\u017eerom Vitorom Garbelottom.<\/p>\n<p style=\"text-align: justify;\">Dorival Caymmi i Baden Powell smatraju se jednima od najizra\u017eajnijih i najva\u017enijih skladatelja brazilske popularne glazbe 20. stolje\u0107a, koji su crpili inspiraciju iz afro-brazilske glazbe. Iako su pripadali razli\u010ditim generacijama, Caymmi i Baden Powell su se susreli s Tomom Jobimom te su na razli\u010ditim razinama imali velik utjecaj i doprinos u pokretu bossa nove. Dorival Caymmi je opisan od strane Toma Jobima kao &#8220;univerzalni genij&#8221; i &#8220;najve\u0107i brazilski skladatelj&#8221;, dok se Baden Powella smatra da je za gitaru bio ono \u0161to je Jo\u00e3o Gilberto bio za stil, ili Tom Jobim za skladanje.<\/p>\n<hr \/>\n<p style=\"text-align: justify;\"><span style=\"color: #ff0000;\"><strong>Cijena ulaznice: 15 EUR&nbsp;<\/strong><\/span><\/p>\n<p style=\"text-align: justify;\"><span style=\"color: #ff0000;\"><strong>U slu\u010daju ki\u0161e koncert se odr\u017eati 09.09. u 20:30!<\/strong><\/span><\/p>\n<p style=\"text-align: justify;\">&nbsp;<\/p>\n<p style=\"text-align: justify;\"><a href=\"https:\/\/www.ulaznice.hr\/web\/event\/38\/11242\" target=\"_blank\" rel=\"noopener\"><img loading=\"lazy\" decoding=\"async\" class=\" size-full wp-image-51066\" src=\"https:\/\/scenaamadeo.hr\/wordpress\/wp-content\/uploads\/ulaznice.hr-d1a.png\" alt=\"ulaznice.hr\" class=\"pull-center\" width=\"203\" height=\"61\" style=\"display: block; margin-left: auto; margin-right: auto;\" srcset=\"https:\/\/scenaamadeo.hr\/wordpress\/wp-content\/uploads\/ulaznice.hr-d1a.png 303w, https:\/\/scenaamadeo.hr\/wordpress\/wp-content\/uploads\/ulaznice.hr-d1a-300x90.png 300w\" sizes=\"auto, (max-width: 203px) 100vw, 203px\" \/><\/a>&nbsp; &nbsp; &nbsp; &nbsp; &nbsp; &nbsp;<\/p>\n<p style=\"text-align: justify;\"><a href=\"https:\/\/www.eventim.hr\/hr\/ulaznice\/amalia-baraona-vitor-garbelotto-zagreb-galerija-klovicevi-dvori-1362803\/performance.html\" target=\"_blank\" rel=\"noopener\"><img loading=\"lazy\" decoding=\"async\" class=\" size-full wp-image-51274\" src=\"https:\/\/scenaamadeo.hr\/wordpress\/wp-content\/uploads\/eventim_mc_pos-4db.jpg\" alt=\"eventim mc pos\" width=\"128\" height=\"62\" style=\"display: block; margin-left: auto; margin-right: auto;\" srcset=\"https:\/\/scenaamadeo.hr\/wordpress\/wp-content\/uploads\/eventim_mc_pos-4db.jpg 418w, https:\/\/scenaamadeo.hr\/wordpress\/wp-content\/uploads\/eventim_mc_pos-4db-300x144.jpg 300w\" sizes=\"auto, (max-width: 128px) 100vw, 128px\" \/><\/a><\/p>\n","protected":false},"excerpt":{"rendered":"<p>Od Afro-Brazilske glazbe do Bossa Nove: Dorival Caymmi susre\u0107e Badena Powella Am\u00e1lia Baraona, vokal&nbsp;&nbsp;&nbsp; Vitor Garbelotto, gitara&nbsp;&nbsp;&nbsp; Glazbenik i aran\u017eer Vitor Garbelotto dio je nove generacije brazilskih gitarista koji je izgradio dojmljivu me\u0111unarodnu karijeru tijekom posljednjih deset godina. Brazilac, Talijan i gra\u0111anin svijeta koji \u017eivi u Francuskoj od 2016. godine, Vitorova glazba nadilazi i fascinira [&hellip;]<\/p>\n","protected":false},"author":6,"featured_media":51327,"comment_status":"open","ping_status":"closed","sticky":false,"template":"","format":"standard","meta":{"_acf_changed":false,"_editorskit_title_hidden":false,"_editorskit_reading_time":0,"_editorskit_is_block_options_detached":false,"_editorskit_block_options_position":"{}","_gspb_post_css":"","_crdt_document":"","ngg_post_thumbnail":0,"footnotes":""},"categories":[308],"tags":[],"class_list":["post-51328","post","type-post","status-publish","format-standard","has-post-thumbnail","hentry","category-program-2023"],"blocksy_meta":[],"acf":[],"_links":{"self":[{"href":"https:\/\/scenaamadeo.hr\/wordpress\/index.php\/wp-json\/wp\/v2\/posts\/51328","targetHints":{"allow":["GET"]}}],"collection":[{"href":"https:\/\/scenaamadeo.hr\/wordpress\/index.php\/wp-json\/wp\/v2\/posts"}],"about":[{"href":"https:\/\/scenaamadeo.hr\/wordpress\/index.php\/wp-json\/wp\/v2\/types\/post"}],"author":[{"embeddable":true,"href":"https:\/\/scenaamadeo.hr\/wordpress\/index.php\/wp-json\/wp\/v2\/users\/6"}],"replies":[{"embeddable":true,"href":"https:\/\/scenaamadeo.hr\/wordpress\/index.php\/wp-json\/wp\/v2\/comments?post=51328"}],"version-history":[{"count":0,"href":"https:\/\/scenaamadeo.hr\/wordpress\/index.php\/wp-json\/wp\/v2\/posts\/51328\/revisions"}],"wp:featuredmedia":[{"embeddable":true,"href":"https:\/\/scenaamadeo.hr\/wordpress\/index.php\/wp-json\/wp\/v2\/media\/51327"}],"wp:attachment":[{"href":"https:\/\/scenaamadeo.hr\/wordpress\/index.php\/wp-json\/wp\/v2\/media?parent=51328"}],"wp:term":[{"taxonomy":"category","embeddable":true,"href":"https:\/\/scenaamadeo.hr\/wordpress\/index.php\/wp-json\/wp\/v2\/categories?post=51328"},{"taxonomy":"post_tag","embeddable":true,"href":"https:\/\/scenaamadeo.hr\/wordpress\/index.php\/wp-json\/wp\/v2\/tags?post=51328"}],"curies":[{"name":"wp","href":"https:\/\/api.w.org\/{rel}","templated":true}]}}