{"id":51326,"date":"2023-06-21T11:36:09","date_gmt":"2023-06-21T11:36:09","guid":{"rendered":"https:\/\/scenaamadeo.hr\/wordpress\/index.php\/2023\/06\/21\/06-09-2023-20-30-galerija-klovicevi-dvori-drago-diklic-moj-prijatelj-ivo-robic\/"},"modified":"2023-06-21T11:36:09","modified_gmt":"2023-06-21T11:36:09","slug":"06-09-2023-20-30-galerija-klovicevi-dvori-drago-diklic-moj-prijatelj-ivo-robic","status":"publish","type":"post","link":"https:\/\/scenaamadeo.hr\/wordpress\/index.php\/2023\/06\/21\/06-09-2023-20-30-galerija-klovicevi-dvori-drago-diklic-moj-prijatelj-ivo-robic\/","title":{"rendered":"06.09.2023. \/ 20:30 \/ Galerija Klovi\u0107evi dvori \/ Drago Dikli\u0107 \/ Moj prijatelj Ivo Robi\u0107"},"content":{"rendered":"<p><strong>Drago Dikli\u0107 i Kvartet Joea Kaplowitza<\/strong><strong><br \/><\/strong><\/p>\n<p style=\"text-align: justify;\"><strong>Drago Dikli\u0107<\/strong>, pjeva\u010d, skladatelj, jedan od za\u010detnika privatne diskografije, violinist, saksofonist, interpretator, glumac, menad\u017eer, organizator brojnih festivala, koncerata, glazbenih i zabavnih manifestacija samo su neka od zanimanja u kojima se Drago oku\u0161ao i kojima je obilje\u017eio hrvatsku glazbenu scenu. Za svoj je rad dobio brojna odli\u010dja i nagrade, a me\u0111u njima je i Porin za \u017eivotno djelo koji mu je uru\u010den jo\u0161 2011. godine. Jedan od najva\u017enijih predstavnika zagreba\u010dke \u0161kole \u0161ansone svoju ljubav prema glazbi jo\u0161 uvijek dijeli s publikom koja rado slu\u0161a njegov mo\u0107an glas. Svoje je prve pjesme, &#8221;Jo\u0161 samo ve\u010deras&#8217; i &#8216;Oprosti, volim te&#8217; Dikli\u0107 skladao jo\u0161 1963. godine. Skladbe su iste godine priznate na \u010dak dvama festivalima, Zagreb 63 i Opatija 63, a s istom emocijom odzvanjaju i danas. Pjesme poput &#8216;Zagreb je najlep\u0161i grad&#8217;, &#8216;Vse Bum Zapil&#8217;, &#8216;Opet si plakala&#8217;, &#8216;Ja ljubim&#8217;, &#8216;Domovino moja lijepa&#8217; ili &#8216;Moja draga&#8217; pravi su&nbsp;<em>evergreeni<\/em>. S jedne strane romantik, a s druge strane pravi zagreba\u010dki fakin, Drago \u0107e pokazati kako zvu\u010di kada iskusni glazbenik izvodi neke od najljep\u0161ih i najzna\u010dajnijih numera hrvatske glazbe.<\/p>\n<p style=\"text-align: justify;\">Osim vlastitih pjesama, Drago Dikli\u0107 izvodit \u0107e i pjesme Ive Robi\u0107a kao&nbsp;<em>hommage<\/em>&nbsp;velikom i dragom prijatelju te glazbeniku koji je zaslu\u017ean za postojanje popularne i autorske glazbe uop\u0107e na na\u0161im prostorima. 28. sije\u010dnja ove godine obilje\u017eavala se stota godi\u0161njica od ro\u0111enja ovog svestranog i profesionalnog glazbenika, jednog od najpoznatijih i najzna\u010dajnijih vokala, koji je svirao klavir, klarinet, saksofon, flautu i kontrabas, bio prvim pobjednikom Opatijskog i Zagreba\u010dkog festivala te prvim vokalom solisti\u010dke gramofonske plo\u010de, &#8216;Pjeva Vam Ivo Robi\u0107&#8217;, koju je objavio Jugoton 1956. godine. Svojim me\u0111unarodnim uspjehom i pionirskim pothvatima ostavio je trag u povijesti glazbe uop\u0107e, a njegove besmrtne pjesme odzvanjaju i danas. Iako je Ivo Robi\u0107 vjerojatno najpoznatiji kao autor pjesme koju izvodi Frank Sinatra &#8216;Strangers In The Night&#8217;, odnosno skladbe &#8216;Stranci u no\u0107i&#8217;, \u010ditav je njegov opus smatran jednim od najcjenjenijih.<\/p>\n<hr \/>\n<p style=\"text-align: justify;\"><span style=\"color: #ff0000;\"><strong>Cijena ulaznice: 15 EUR&nbsp;<\/strong><\/span><\/p>\n<p style=\"text-align: justify;\"><span style=\"color: #ff0000;\"><strong>U slu\u010daju ki\u0161e koncert se odr\u017eati 07.09. u 20:30!<\/strong><\/span><\/p>\n<p style=\"text-align: justify;\">&nbsp;<\/p>\n<p style=\"text-align: justify;\"><a href=\"https:\/\/www.ulaznice.hr\/web\/event\/38\/11241\" target=\"_blank\" rel=\"noopener\"><img loading=\"lazy\" decoding=\"async\" class=\" size-full wp-image-51066\" src=\"https:\/\/scenaamadeo.hr\/wordpress\/wp-content\/uploads\/ulaznice.hr-d1a.png\" alt=\"ulaznice.hr\" class=\"pull-center\" width=\"203\" height=\"61\" style=\"display: block; margin-left: auto; margin-right: auto;\" srcset=\"https:\/\/scenaamadeo.hr\/wordpress\/wp-content\/uploads\/ulaznice.hr-d1a.png 303w, https:\/\/scenaamadeo.hr\/wordpress\/wp-content\/uploads\/ulaznice.hr-d1a-300x90.png 300w\" sizes=\"auto, (max-width: 203px) 100vw, 203px\" \/><\/a>&nbsp; &nbsp; &nbsp; &nbsp; &nbsp; &nbsp;<\/p>\n<p style=\"text-align: justify;\"><a href=\"https:\/\/www.eventim.hr\/hr\/ulaznice\/drago-diklic-moj-prijatelj-ivo-robic-zagreb-galerija-klovicevi-dvori-1362801\/performance.html\" target=\"_blank\" rel=\"noopener\"><img loading=\"lazy\" decoding=\"async\" class=\" size-full wp-image-51274\" src=\"https:\/\/scenaamadeo.hr\/wordpress\/wp-content\/uploads\/eventim_mc_pos-4db.jpg\" alt=\"eventim mc pos\" width=\"128\" height=\"62\" style=\"display: block; margin-left: auto; margin-right: auto;\" srcset=\"https:\/\/scenaamadeo.hr\/wordpress\/wp-content\/uploads\/eventim_mc_pos-4db.jpg 418w, https:\/\/scenaamadeo.hr\/wordpress\/wp-content\/uploads\/eventim_mc_pos-4db-300x144.jpg 300w\" sizes=\"auto, (max-width: 128px) 100vw, 128px\" \/><\/a><\/p>\n","protected":false},"excerpt":{"rendered":"<p>Drago Dikli\u0107 i Kvartet Joea Kaplowitza Drago Dikli\u0107, pjeva\u010d, skladatelj, jedan od za\u010detnika privatne diskografije, violinist, saksofonist, interpretator, glumac, menad\u017eer, organizator brojnih festivala, koncerata, glazbenih i zabavnih manifestacija samo su neka od zanimanja u kojima se Drago oku\u0161ao i kojima je obilje\u017eio hrvatsku glazbenu scenu. Za svoj je rad dobio brojna odli\u010dja i nagrade, a [&hellip;]<\/p>\n","protected":false},"author":6,"featured_media":51325,"comment_status":"open","ping_status":"closed","sticky":false,"template":"","format":"standard","meta":{"_acf_changed":false,"_editorskit_title_hidden":false,"_editorskit_reading_time":0,"_editorskit_is_block_options_detached":false,"_editorskit_block_options_position":"{}","_gspb_post_css":"","_crdt_document":"","ngg_post_thumbnail":0,"footnotes":""},"categories":[308],"tags":[],"class_list":["post-51326","post","type-post","status-publish","format-standard","has-post-thumbnail","hentry","category-program-2023"],"blocksy_meta":[],"acf":[],"_links":{"self":[{"href":"https:\/\/scenaamadeo.hr\/wordpress\/index.php\/wp-json\/wp\/v2\/posts\/51326","targetHints":{"allow":["GET"]}}],"collection":[{"href":"https:\/\/scenaamadeo.hr\/wordpress\/index.php\/wp-json\/wp\/v2\/posts"}],"about":[{"href":"https:\/\/scenaamadeo.hr\/wordpress\/index.php\/wp-json\/wp\/v2\/types\/post"}],"author":[{"embeddable":true,"href":"https:\/\/scenaamadeo.hr\/wordpress\/index.php\/wp-json\/wp\/v2\/users\/6"}],"replies":[{"embeddable":true,"href":"https:\/\/scenaamadeo.hr\/wordpress\/index.php\/wp-json\/wp\/v2\/comments?post=51326"}],"version-history":[{"count":0,"href":"https:\/\/scenaamadeo.hr\/wordpress\/index.php\/wp-json\/wp\/v2\/posts\/51326\/revisions"}],"wp:featuredmedia":[{"embeddable":true,"href":"https:\/\/scenaamadeo.hr\/wordpress\/index.php\/wp-json\/wp\/v2\/media\/51325"}],"wp:attachment":[{"href":"https:\/\/scenaamadeo.hr\/wordpress\/index.php\/wp-json\/wp\/v2\/media?parent=51326"}],"wp:term":[{"taxonomy":"category","embeddable":true,"href":"https:\/\/scenaamadeo.hr\/wordpress\/index.php\/wp-json\/wp\/v2\/categories?post=51326"},{"taxonomy":"post_tag","embeddable":true,"href":"https:\/\/scenaamadeo.hr\/wordpress\/index.php\/wp-json\/wp\/v2\/tags?post=51326"}],"curies":[{"name":"wp","href":"https:\/\/api.w.org\/{rel}","templated":true}]}}