{"id":51308,"date":"2023-06-21T10:42:11","date_gmt":"2023-06-21T10:42:11","guid":{"rendered":"https:\/\/scenaamadeo.hr\/wordpress\/index.php\/2023\/06\/21\/bagaric-domitrovic\/"},"modified":"2023-06-21T10:42:11","modified_gmt":"2023-06-21T10:42:11","slug":"bagaric-domitrovic","status":"publish","type":"post","link":"https:\/\/scenaamadeo.hr\/wordpress\/index.php\/2023\/06\/21\/bagaric-domitrovic\/","title":{"rendered":"19.08.2023. \/ 20:30 \/ Galerija Klovi\u0107evi dvori \/ Sandra Bagari\u0107 i Darko Domitrovi\u0107 \/ Ja ljubim&#8230;"},"content":{"rendered":"<p style=\"text-align: justify;\"><strong>Sandra Bagari\u0107<\/strong> (1974.) srednje glazbeno obrazovanje zavr\u0161ila je u Sarajevu. Tijekom \u0161kolovanja nagra\u0111ivana je na natjecanjima solo pjevanja i flaute. Diplomirala&nbsp; je 1996. na <em>Muzi\u010dkoj akademiji <\/em>u Zagrebu u klasi prof. Lj. Molnar-Talaji\u0107. Godine 1995. nagra\u0111ena je Rektorovom nagradom. Nastupala je sa <em>Zagreba\u010dkom filharmonijom<\/em><em>, Simfonijskim orkestrom HRT, Zagreba\u010dkim solistima, Dubrova\u010dkim simfonijskim orkestrom, Simfonijskim orkestrom Mostar<\/em> te snimala za <em>HRT<\/em>. Debitirala je 1994. u kazali\u0161tu <em>Komedija<\/em> glavnom ulogom (Henriette) u opereti F. Albinija <em>Madam Troubadour<\/em>. Od 1996. anga\u017eirana je kao solist u Zagreba\u010dkom gradskom kazali\u0161tu <em>Komedija<\/em> gdje nastupa u predstavama <em>E. <em>K\u00e1lm\u00e1na<\/em>Grofica Marica<\/em> (Marica), <em>Kneginja \u010darda\u0161a<\/em> (Sylva), J. Straussa ml. <em>\u0160i\u0161mi\u0161<\/em> (Rosalinda, Adela), F. Suppea <em>Boccaccio<\/em> (Fiametta),F. Lehara <em>Zemlja smije\u0161ka<\/em> (Lisa), I. Tijardovi\u0107a <em>Mala Floramye<\/em> (Floramye), J. Straussa ml. <em>No\u0107 u Veneciji<\/em> (Anina), J.Offenbacha <em>Lijepa Helena<\/em> (Helena), u <em>mjuziklima<\/em> Britvi\u0107a i Kabilja <em>Tko pjeva, zlo ne misli<\/em> (Ana), <em>Jalta, Jalta<\/em> (Nina), Domitrovi\u0107a i Gavrana <em>Byron<\/em> (Brigitte), Disney <em>Ljepotica i Zvijer <\/em>(Primadonna Grande Bocca) te u dramskoj predstavi G. Feydeau-a <em>Gospo\u0111ica iz Maxima <\/em>(Cica) . Gostovala je u SNG u Mariboru u predstavi <em>Pri belem konji\u010dku<\/em> (Josepha) te u HNK Split u operi <em>Ljubavni napitak<\/em> (Adina). Koncertno je nastupala u Hrvatskoj, BiH, Makedoniji, Sloveniji, Italiji, \u010ce\u0161koj, Izraelu, Njema\u010dkoj, \u0160vedskoj, Belgiji, Ma\u0111arskoj, Danskoj i SAD-u (Florida, Puerto Rico, Hawaii). Diskografija:&nbsp; CD <em>BelCante<\/em> i CD <em>Adagio<\/em> (Aquarius Records), <em>Ave Maria <\/em>(Jutarnji list), <em>Sonata od sna <\/em>(Cantus), <em>Hrvatska vokalna lirika<\/em> (Nota Bene Records).Djeluje i kao voditeljica glazbenih emisija i <em>show<\/em>-programa na televizijama u Hrvatskoj i BiH. \u010clanica je HDGU.<\/p>\n<p style=\"text-align: justify;\"><strong>Darko Domitrovi\u0107<\/strong> (1964.) pijanist je, skladatelj i umjetni\u010dki savjetnik na <em>Muzi\u010dkoj akademiji Sveu\u010dili\u0161ta u Zagrebu<\/em>. Glazbeno \u0161kolovanje zapo\u010dinje u <em>M\u0160 V.Lisinski<\/em> u klasi prof. B. Zori\u0107. Studij klavira nastavlja&nbsp; na konzervatoriju <em>P.I. \u010cajkovski <\/em>u Moskvi u klasi prof. H. Mirvis te na <em>Hochschule f\u00fcr Musik und darstellende Kunst<\/em> u Be\u010du u klasi prof. H. Kanna. Od 1990. zaposlen je na <em>Muzi\u010dkoj akademiji<\/em> u Zagrebu. \u010clan je <em>Hrvatskog dru\u0161tva skladatelja<\/em> i <em>Hrvatskog dru\u0161tva glazbenih umjetnika<\/em>. Na natjecanjima biv\u0161e dr\u017eave 1978. i 1980. osvojio je 4 prve nagrade, te je laureat me\u0111unarodnog pijanisti\u010dkog natjecanja <em>Citta di Senigallia<\/em> u Italiji. <em>Vjesnikovu nagradu <\/em>za najbolju klavirsku pratnju osvojio je 1989. na Tribini <em>Darko Luki\u0107<\/em>. Godine 2016. dobio je priznanje <em>Prijatelj \u0160panjolske<\/em> za autorski ciklus solo-pjesama <em>Cervantes Songs<\/em>. Nastupao je u Austriji, Njema\u010dkoj, Francuskoj, Italiji, \u0160vedskoj, Danskoj, Engleskoj, Izraelu, Japanu, \u0160panjolskoj, Finskoj, Rusiji, Poljskoj, \u010ce\u0161koj, SAD-u (Puerto Rico, N.Y., Hawaii, Florida, Ohio), Argentini, Chile-u, Uruguayu, Sloveniji, Makedoniji i BiH. Snima za programe hrvatskih,&nbsp;&nbsp; austrijskih, japanskih i \u0161panjolskih radijskih i televizijskih postaja. Kao skladatelj objavio je autorski CD <em>Pianobook<\/em> (\u0160kolska knjiga 1999. i Nota Bene Records 2016.), <em>Sonata od sna<\/em> (Cantus 2002.). Autor je glazbe za mjuzikl <em>Byron<\/em> na libreto Mire Gavrana koji nagra\u0111en 2018. Nagradom hrvatskog glumi\u0161ta kao najbolja predstava u cjelini u kategoriji mjuzikl\/opereta u 2017\/18. (Kazali\u0161te <em>Komedija<\/em>).<\/p>\n<hr \/>\n<p style=\"text-align: justify;\"><span style=\"color: #ff0000;\"><strong>Cijena ulaznice: 15 EUR&nbsp;<\/strong><\/span><\/p>\n<p style=\"text-align: justify;\"><span style=\"color: #ff0000;\"><strong>U slu\u010daju ki\u0161e koncert se odr\u017eati 20.08. u 20:30!<\/strong><\/span><\/p>\n<p style=\"text-align: justify;\">&nbsp;<\/p>\n<p style=\"text-align: justify;\"><a href=\"https:\/\/www.ulaznice.hr\/web\/event\/38\/11232\"><img loading=\"lazy\" decoding=\"async\" class=\" size-full wp-image-51066\" src=\"https:\/\/scenaamadeo.hr\/wordpress\/wp-content\/uploads\/ulaznice.hr-d1a.png\" alt=\"ulaznice.hr\" class=\"pull-center\" width=\"203\" height=\"61\" style=\"display: block; margin-left: auto; margin-right: auto;\" srcset=\"https:\/\/scenaamadeo.hr\/wordpress\/wp-content\/uploads\/ulaznice.hr-d1a.png 303w, https:\/\/scenaamadeo.hr\/wordpress\/wp-content\/uploads\/ulaznice.hr-d1a-300x90.png 300w\" sizes=\"auto, (max-width: 203px) 100vw, 203px\" \/><\/a>&nbsp; &nbsp; &nbsp; &nbsp; &nbsp; &nbsp;<\/p>\n<p style=\"text-align: justify;\"><a href=\"https:\/\/www.eventim.hr\/hr\/ulaznice\/sandra-bagaric-darko-domitrovic-zagreb-galerija-klovicevi-dvori-1362791\/performance.html\" target=\"_blank\" rel=\"noopener\"><img loading=\"lazy\" decoding=\"async\" class=\" size-full wp-image-51274\" src=\"https:\/\/scenaamadeo.hr\/wordpress\/wp-content\/uploads\/eventim_mc_pos-4db.jpg\" alt=\"eventim mc pos\" width=\"128\" height=\"62\" style=\"display: block; margin-left: auto; margin-right: auto;\" srcset=\"https:\/\/scenaamadeo.hr\/wordpress\/wp-content\/uploads\/eventim_mc_pos-4db.jpg 418w, https:\/\/scenaamadeo.hr\/wordpress\/wp-content\/uploads\/eventim_mc_pos-4db-300x144.jpg 300w\" sizes=\"auto, (max-width: 128px) 100vw, 128px\" \/><\/a><\/p>\n","protected":false},"excerpt":{"rendered":"<p>Sandra Bagari\u0107 (1974.) srednje glazbeno obrazovanje zavr\u0161ila je u Sarajevu. Tijekom \u0161kolovanja nagra\u0111ivana je na natjecanjima solo pjevanja i flaute. Diplomirala&nbsp; je 1996. na Muzi\u010dkoj akademiji u Zagrebu u klasi prof. Lj. Molnar-Talaji\u0107. Godine 1995. nagra\u0111ena je Rektorovom nagradom. Nastupala je sa Zagreba\u010dkom filharmonijom, Simfonijskim orkestrom HRT, Zagreba\u010dkim solistima, Dubrova\u010dkim simfonijskim orkestrom, Simfonijskim orkestrom Mostar [&hellip;]<\/p>\n","protected":false},"author":6,"featured_media":51307,"comment_status":"open","ping_status":"closed","sticky":false,"template":"","format":"standard","meta":{"_acf_changed":false,"_editorskit_title_hidden":false,"_editorskit_reading_time":0,"_editorskit_is_block_options_detached":false,"_editorskit_block_options_position":"{}","_gspb_post_css":"","_crdt_document":"","ngg_post_thumbnail":0,"footnotes":""},"categories":[308],"tags":[],"class_list":["post-51308","post","type-post","status-publish","format-standard","has-post-thumbnail","hentry","category-program-2023"],"blocksy_meta":[],"acf":[],"_links":{"self":[{"href":"https:\/\/scenaamadeo.hr\/wordpress\/index.php\/wp-json\/wp\/v2\/posts\/51308","targetHints":{"allow":["GET"]}}],"collection":[{"href":"https:\/\/scenaamadeo.hr\/wordpress\/index.php\/wp-json\/wp\/v2\/posts"}],"about":[{"href":"https:\/\/scenaamadeo.hr\/wordpress\/index.php\/wp-json\/wp\/v2\/types\/post"}],"author":[{"embeddable":true,"href":"https:\/\/scenaamadeo.hr\/wordpress\/index.php\/wp-json\/wp\/v2\/users\/6"}],"replies":[{"embeddable":true,"href":"https:\/\/scenaamadeo.hr\/wordpress\/index.php\/wp-json\/wp\/v2\/comments?post=51308"}],"version-history":[{"count":0,"href":"https:\/\/scenaamadeo.hr\/wordpress\/index.php\/wp-json\/wp\/v2\/posts\/51308\/revisions"}],"wp:featuredmedia":[{"embeddable":true,"href":"https:\/\/scenaamadeo.hr\/wordpress\/index.php\/wp-json\/wp\/v2\/media\/51307"}],"wp:attachment":[{"href":"https:\/\/scenaamadeo.hr\/wordpress\/index.php\/wp-json\/wp\/v2\/media?parent=51308"}],"wp:term":[{"taxonomy":"category","embeddable":true,"href":"https:\/\/scenaamadeo.hr\/wordpress\/index.php\/wp-json\/wp\/v2\/categories?post=51308"},{"taxonomy":"post_tag","embeddable":true,"href":"https:\/\/scenaamadeo.hr\/wordpress\/index.php\/wp-json\/wp\/v2\/tags?post=51308"}],"curies":[{"name":"wp","href":"https:\/\/api.w.org\/{rel}","templated":true}]}}