{"id":51305,"date":"2023-06-20T14:14:45","date_gmt":"2023-06-20T14:14:45","guid":{"rendered":"https:\/\/scenaamadeo.hr\/wordpress\/index.php\/2023\/06\/20\/amigo-endrigo\/"},"modified":"2023-06-20T14:14:45","modified_gmt":"2023-06-20T14:14:45","slug":"amigo-endrigo","status":"publish","type":"post","link":"https:\/\/scenaamadeo.hr\/wordpress\/index.php\/2023\/06\/20\/amigo-endrigo\/","title":{"rendered":"17.08.2023. \/ 20:30 \/ Galerija Klovi\u0107evi dvori \/ Matija Dedi\u0107 \/ Amigo, Endrigo"},"content":{"rendered":"<p><strong>Dan kada je prije osam godina oti\u0161ao veliki Arsen.<\/strong><\/p>\n<p style=\"text-align: justify;\">Na svojim koncertima na Sceni Amadeo, a bilo ih od 2000. do 2015. godine vi\u0161e od \u010detrdeset, Arsen je u izvedbi svoje ikonografske pjesme Amigo, refren zavr\u0161avao stihom <em>Amigo,<\/em> <em>Endrigo\u2026<\/em> u spomen na svog dugogodi\u0161njeg bliskog prijatelja Sergia Endriga. Sretni smo \u0161to \u0107e nas na osmu godi\u0161njicu Arsenovog odlaska u onostrano njegov Matija svojom izvedbom Endrigovih nezaboravnih skladbi podsjetiti na veliko prijateljstvo dva velika umjetnika.<\/p>\n<p style=\"text-align: justify;\">Ne radi se tu o obi\u010dnoj pijanisti\u010dkoj izvedbi djela Sergia Endriga. Matija Dedi\u0107 kroz glazbu i interpretaciju (pr)o\u017eivljava prijateljstvo svoga oca Arsena sa Sergiom. Svaka nota, svaki akord, pro\u017eimaju toplinu prijateljstva, bliskosti, intime koja i dan danas ve\u017ee dvije obitelji, dvoje djece: Claudiu i Matiju. Matija obilje\u017eava melodioznost Endrigove glazbe osebujnim \u201ctalijanskim\u201d pijanisti\u010dkim stilom, a Arsen je posebno volio takav interpretativni pristup. Glazba iz ovog albuma prodire do dubine srca i du\u0161e, poklanjaju\u0107i sna\u017ene i iskonske trenutke. Jedinstvenom interpretacijom koja je intimna, vrlo osobna, sugestivna, Matija otvara i poklanja svoj unutarnji svijet slu\u0161ateljima. Dvojac Dedi\u0107 \u2013 Endrigo obnavlja se u jedinstvenom umjetni\u010dkom obliku. Autorska glazba ulazi u uzvi\u0161ene tematske sfere i doti\u010de se raznih tema, od prolaznosti, svakodnevice, poimanja \u017eivota, odlaska. Originalna interpretacija kantautorskog opusa Sergia Endriga u albumu Matije Dedi\u0107a otkriva \u0161aroliki spektar emocija samog umjetnika, samoga pijanista. On to \u010dini otvorena srca. Svatko \u0107e tu dubinu prona\u0107i i pro\u017eivjeti na svoj na\u010din, to je sigurno. Treba odabrati posebno mjesto, mir te uroniti u ljepotu simbioze Arsenovog stvarala\u0161tva i Matijine interpretacije. Tada \u0107e slu\u0161atelj shvatiti cjelovitost i veli\u010dinu \u010darolije isprepletenih \u017eivota: Dedi\u0107evih i Endrigovih.<\/p>\n<p style=\"text-align: justify;\">Claudia Endrigo, k\u0107er Sergia Endriga<em>:<\/em><\/p>\n<p style=\"text-align: justify;\"><em>\u201dOvaj CD svojom snagom prodire do same dubine du\u0161e. Tako je mo\u0107an da ulazi pod ko\u017eu nevjerojatnom snagom koja ne popu\u0161ta. Prekrasni aran\u017emani tatine glazbe i Matijin \u010darobni poetski dodir glasovirskih tipki miluju te poput morskih valova. Prijateljstvo Matijinog oca Arsena i Sergia o\u010duvano je u tim notama. Hvala Matija!\u201d<\/em>.<\/p>\n<p style=\"text-align: justify;\">Veza izme\u0111u obitelji&nbsp;Dedi\u0107&nbsp;i&nbsp;Endrigo traje od 1965. godine, a&nbsp;Matiju&nbsp;za&nbsp;Sergia&nbsp;ve\u017eu predivne uspomene:<\/p>\n<p style=\"text-align: justify;\"><em>&#8220;Imam jo\u0161 sliku moje trogodi\u0161nje&nbsp;Lu&nbsp;koja sjedi u njegovom krilu. Posje\u0107ivao nas je u Zagrebu pa bi s&nbsp;Gabi&nbsp;na Dolcu kupovao sarme koje je nosio doma u Rim. Uz&nbsp;Kemala Montena&nbsp;bio je tatin najbolji prijatelj, divna du\u0161a i njegova je smrt&nbsp;Arsena&nbsp;u\u017easno potresla&#8221;.&nbsp;<\/em><\/p>\n<hr \/>\n<p style=\"text-align: justify;\"><span style=\"color: #ff0000;\"><strong>Cijena ulaznice: 15 EUR&nbsp;<\/strong><\/span><\/p>\n<p style=\"text-align: justify;\"><span style=\"color: #ff0000;\"><strong>U slu\u010daju ki\u0161e koncert se odr\u017eati 18.08. u 20:30!<\/strong><\/span><\/p>\n<p style=\"text-align: justify;\">&nbsp;<\/p>\n<p style=\"text-align: justify;\"><a href=\"https:\/\/www.ulaznice.hr\/web\/event\/38\/11231\" target=\"_blank\" rel=\"noopener\"><img loading=\"lazy\" decoding=\"async\" class=\" size-full wp-image-51066\" src=\"https:\/\/scenaamadeo.hr\/wordpress\/wp-content\/uploads\/ulaznice.hr-d1a.png\" alt=\"ulaznice.hr\" class=\"pull-center\" width=\"203\" height=\"61\" style=\"display: block; margin-left: auto; margin-right: auto;\" srcset=\"https:\/\/scenaamadeo.hr\/wordpress\/wp-content\/uploads\/ulaznice.hr-d1a.png 303w, https:\/\/scenaamadeo.hr\/wordpress\/wp-content\/uploads\/ulaznice.hr-d1a-300x90.png 300w\" sizes=\"auto, (max-width: 203px) 100vw, 203px\" \/><\/a>&nbsp; &nbsp; &nbsp; &nbsp; &nbsp; &nbsp;<\/p>\n<p style=\"text-align: justify;\"><a href=\"https:\/\/www.eventim.hr\/hr\/ulaznice\/matija-dedic-svira-sergia-endriga-zagreb-galerija-klovicevi-dvori-1362777\/performance.html\" target=\"_blank\" rel=\"noopener\"><img loading=\"lazy\" decoding=\"async\" class=\" size-full wp-image-51274\" src=\"https:\/\/scenaamadeo.hr\/wordpress\/wp-content\/uploads\/eventim_mc_pos-4db.jpg\" alt=\"eventim mc pos\" width=\"128\" height=\"62\" style=\"display: block; margin-left: auto; margin-right: auto;\" srcset=\"https:\/\/scenaamadeo.hr\/wordpress\/wp-content\/uploads\/eventim_mc_pos-4db.jpg 418w, https:\/\/scenaamadeo.hr\/wordpress\/wp-content\/uploads\/eventim_mc_pos-4db-300x144.jpg 300w\" sizes=\"auto, (max-width: 128px) 100vw, 128px\" \/><\/a><\/p>\n","protected":false},"excerpt":{"rendered":"<p>Dan kada je prije osam godina oti\u0161ao veliki Arsen. Na svojim koncertima na Sceni Amadeo, a bilo ih od 2000. do 2015. godine vi\u0161e od \u010detrdeset, Arsen je u izvedbi svoje ikonografske pjesme Amigo, refren zavr\u0161avao stihom Amigo, Endrigo\u2026 u spomen na svog dugogodi\u0161njeg bliskog prijatelja Sergia Endriga. Sretni smo \u0161to \u0107e nas na osmu [&hellip;]<\/p>\n","protected":false},"author":6,"featured_media":51304,"comment_status":"open","ping_status":"closed","sticky":false,"template":"","format":"standard","meta":{"_acf_changed":false,"_editorskit_title_hidden":false,"_editorskit_reading_time":0,"_editorskit_is_block_options_detached":false,"_editorskit_block_options_position":"{}","_gspb_post_css":"","_crdt_document":"","ngg_post_thumbnail":0,"footnotes":""},"categories":[308],"tags":[],"class_list":["post-51305","post","type-post","status-publish","format-standard","has-post-thumbnail","hentry","category-program-2023"],"blocksy_meta":[],"acf":[],"_links":{"self":[{"href":"https:\/\/scenaamadeo.hr\/wordpress\/index.php\/wp-json\/wp\/v2\/posts\/51305","targetHints":{"allow":["GET"]}}],"collection":[{"href":"https:\/\/scenaamadeo.hr\/wordpress\/index.php\/wp-json\/wp\/v2\/posts"}],"about":[{"href":"https:\/\/scenaamadeo.hr\/wordpress\/index.php\/wp-json\/wp\/v2\/types\/post"}],"author":[{"embeddable":true,"href":"https:\/\/scenaamadeo.hr\/wordpress\/index.php\/wp-json\/wp\/v2\/users\/6"}],"replies":[{"embeddable":true,"href":"https:\/\/scenaamadeo.hr\/wordpress\/index.php\/wp-json\/wp\/v2\/comments?post=51305"}],"version-history":[{"count":0,"href":"https:\/\/scenaamadeo.hr\/wordpress\/index.php\/wp-json\/wp\/v2\/posts\/51305\/revisions"}],"wp:featuredmedia":[{"embeddable":true,"href":"https:\/\/scenaamadeo.hr\/wordpress\/index.php\/wp-json\/wp\/v2\/media\/51304"}],"wp:attachment":[{"href":"https:\/\/scenaamadeo.hr\/wordpress\/index.php\/wp-json\/wp\/v2\/media?parent=51305"}],"wp:term":[{"taxonomy":"category","embeddable":true,"href":"https:\/\/scenaamadeo.hr\/wordpress\/index.php\/wp-json\/wp\/v2\/categories?post=51305"},{"taxonomy":"post_tag","embeddable":true,"href":"https:\/\/scenaamadeo.hr\/wordpress\/index.php\/wp-json\/wp\/v2\/tags?post=51305"}],"curies":[{"name":"wp","href":"https:\/\/api.w.org\/{rel}","templated":true}]}}