{"id":51297,"date":"2022-06-05T20:43:04","date_gmt":"2022-06-05T20:43:04","guid":{"rendered":"https:\/\/scenaamadeo.hr\/wordpress\/index.php\/2022\/06\/05\/utorak-06-09-2022-20-30-galerija-klovicevi-dvori-rijecki-klavirski-trio\/"},"modified":"2022-06-05T20:43:04","modified_gmt":"2022-06-05T20:43:04","slug":"utorak-06-09-2022-20-30-galerija-klovicevi-dvori-rijecki-klavirski-trio","status":"publish","type":"post","link":"https:\/\/scenaamadeo.hr\/wordpress\/index.php\/2022\/06\/05\/utorak-06-09-2022-20-30-galerija-klovicevi-dvori-rijecki-klavirski-trio\/","title":{"rendered":"Utorak, 06.09.2022. \/ 20:30 \/ Galerija Klovi\u0107evi dvori \/ Rije\u010dki klavirski trio"},"content":{"rendered":"<p>Krunoslav Mari\u0107, violina, Vid Veljak, violon\u010delo, Filip Fak, klavir<\/p>\n<p><em>A. Dvorak; <\/em><em>A. Piazzolla<\/em><\/p>\n<hr \/>\n<p style=\"text-align: justify;\"><strong>Rije\u010dki klavirski trio<\/strong> osnovan je 2016. godine na inicijativu Filipa Faka, Krunoslava Mari\u0107a i Vida Veljaka, glazbenika koji su svoje prvo glazbeno obrazovanje stekli u Rijeci a koje, uz intenzivnu glazbenu suradnju, ve\u017ee i dugogodi\u0161nje prijateljstvo.<\/p>\n<p style=\"text-align: justify;\">Premda je trio godinom postanka vrlo mlad ansambl, glazbenici koji ga \u010dine ve\u0107 iza sebe imaju mno\u0161tvo iskustva u komornom muziciranju, kao i u solisti\u010dkim koncertima. Filip Fak docent je na Muzi\u010dkoj akademiji te direktor opere HNK Ivana pl. Zajca u Rijeci, Krunoslav Mari\u0107 \u010dlan je Zagreba\u010dkih solista, a Vid Veljak vo\u0111a je dionice violon\u010dela u Dubrova\u010dkom simfonijskom orkestru. Svoj inauguracijski koncert trio je odr\u017eao u listopadu 2016. godine u Rijeci, u dvorani zajednice Talijana. Nakon tog iznimno uspje\u0161nog koncerta, trio odlazi u Kinu na turneju koja je obuhva\u0107ala sedam kineskih gradova, uklju\u010duju\u0107i Peking i \u0160angaj, u kojima posti\u017ee iznimno uspje\u0161ne i zapa\u017eene nastupe.<\/p>\n<p style=\"text-align: justify;\">Rije\u010dki klavirski trio je, uz gore navedene koncerte, nastupao u Zagrebu, na Osorskim glazbenim ve\u010derima te u drugim hrvatskim gradovima. Ansambl \u010desto nastupa u gradu Rijeci pa su tako zapa\u017eeni njegovi redoviti nastupi u dvorani zajednice Talijana u Rijeci kao i u dvorani Pomorskog i povijesnog muzeja Hrvatskog primorja, te u Hrvatskom narodnom kazali\u0161tu Ivana pl. Zajca. Jedan od va\u017enijih nastupa ansambl bilje\u017ei u ciklusu Lisinski subotom u KDVL u o\u017eujku 2022, na tom koncertu su s velikim uspjehom izvedena djela Gustava Mahlera uz gostovanje proslavljene hrvatske mezzosopranistice Renate Pokupi\u0107.<\/p>\n<p style=\"text-align: justify;\">Rije\u010dki klavirski trio uz interpretacije djela svjetske glazbene literature veliku pozornost posve\u0107uje i izvo\u0111enju djela hrvatskih skladatelja.<\/p>\n<hr \/>\n<p><span style=\"color: #ff0000;\"><strong>Cijena ulaznice: 110,00 kn&nbsp;<\/strong><\/span><\/p>\n<p><span style=\"color: #ff0000;\"><strong>U slu\u010daju ki\u0161e koncert se odr\u017eati 07.09. u 20:30!<\/strong><\/span><\/p>\n<p><a target=\"_blank\" href=\"https:\/\/www.ulaznice.hr\/web\/event\/38\/10039\" rel=\"noopener noreferrer\"><img loading=\"lazy\" decoding=\"async\" class=\" size-full wp-image-51066\" src=\"https:\/\/scenaamadeo.hr\/wordpress\/wp-content\/uploads\/ulaznice.hr-d1a.png\" alt=\"ulaznice.hr\" class=\"pull-center\" width=\"203\" height=\"61\" style=\"display: block; margin-left: auto; margin-right: auto;\" srcset=\"https:\/\/scenaamadeo.hr\/wordpress\/wp-content\/uploads\/ulaznice.hr-d1a.png 303w, https:\/\/scenaamadeo.hr\/wordpress\/wp-content\/uploads\/ulaznice.hr-d1a-300x90.png 300w\" sizes=\"auto, (max-width: 203px) 100vw, 203px\" \/><\/a>&nbsp; &nbsp; &nbsp; &nbsp; &nbsp; &nbsp;<\/p>\n<p><a href=\"https:\/\/www.eventim.hr\/hr\/ulaznice\/rijecki-klavirski-trio-zagreb-galerija-klovicevi-dvori-1295180\/performance.html\" target=\"_blank\" rel=\"noopener\"><img loading=\"lazy\" decoding=\"async\" class=\" size-full wp-image-51274\" src=\"https:\/\/scenaamadeo.hr\/wordpress\/wp-content\/uploads\/eventim_mc_pos-4db.jpg\" alt=\"eventim mc pos\" width=\"128\" height=\"62\" style=\"display: block; margin-left: auto; margin-right: auto;\" srcset=\"https:\/\/scenaamadeo.hr\/wordpress\/wp-content\/uploads\/eventim_mc_pos-4db.jpg 418w, https:\/\/scenaamadeo.hr\/wordpress\/wp-content\/uploads\/eventim_mc_pos-4db-300x144.jpg 300w\" sizes=\"auto, (max-width: 128px) 100vw, 128px\" \/><\/a><\/p>\n","protected":false},"excerpt":{"rendered":"<p>Krunoslav Mari\u0107, violina, Vid Veljak, violon\u010delo, Filip Fak, klavir A. Dvorak; A. Piazzolla Rije\u010dki klavirski trio osnovan je 2016. godine na inicijativu Filipa Faka, Krunoslava Mari\u0107a i Vida Veljaka, glazbenika koji su svoje prvo glazbeno obrazovanje stekli u Rijeci a koje, uz intenzivnu glazbenu suradnju, ve\u017ee i dugogodi\u0161nje prijateljstvo. Premda je trio godinom postanka vrlo [&hellip;]<\/p>\n","protected":false},"author":6,"featured_media":51296,"comment_status":"open","ping_status":"closed","sticky":false,"template":"","format":"standard","meta":{"_acf_changed":false,"_editorskit_title_hidden":false,"_editorskit_reading_time":0,"_editorskit_is_block_options_detached":false,"_editorskit_block_options_position":"{}","_gspb_post_css":"","_crdt_document":"","ngg_post_thumbnail":0,"footnotes":""},"categories":[300],"tags":[373,371,370,372],"class_list":["post-51297","post","type-post","status-publish","format-standard","has-post-thumbnail","hentry","category-program-2","tag-filip-fak","tag-krunoslav-maric","tag-rijecki-klavirski-trio","tag-vid-veljak"],"blocksy_meta":[],"acf":[],"_links":{"self":[{"href":"https:\/\/scenaamadeo.hr\/wordpress\/index.php\/wp-json\/wp\/v2\/posts\/51297","targetHints":{"allow":["GET"]}}],"collection":[{"href":"https:\/\/scenaamadeo.hr\/wordpress\/index.php\/wp-json\/wp\/v2\/posts"}],"about":[{"href":"https:\/\/scenaamadeo.hr\/wordpress\/index.php\/wp-json\/wp\/v2\/types\/post"}],"author":[{"embeddable":true,"href":"https:\/\/scenaamadeo.hr\/wordpress\/index.php\/wp-json\/wp\/v2\/users\/6"}],"replies":[{"embeddable":true,"href":"https:\/\/scenaamadeo.hr\/wordpress\/index.php\/wp-json\/wp\/v2\/comments?post=51297"}],"version-history":[{"count":0,"href":"https:\/\/scenaamadeo.hr\/wordpress\/index.php\/wp-json\/wp\/v2\/posts\/51297\/revisions"}],"wp:featuredmedia":[{"embeddable":true,"href":"https:\/\/scenaamadeo.hr\/wordpress\/index.php\/wp-json\/wp\/v2\/media\/51296"}],"wp:attachment":[{"href":"https:\/\/scenaamadeo.hr\/wordpress\/index.php\/wp-json\/wp\/v2\/media?parent=51297"}],"wp:term":[{"taxonomy":"category","embeddable":true,"href":"https:\/\/scenaamadeo.hr\/wordpress\/index.php\/wp-json\/wp\/v2\/categories?post=51297"},{"taxonomy":"post_tag","embeddable":true,"href":"https:\/\/scenaamadeo.hr\/wordpress\/index.php\/wp-json\/wp\/v2\/tags?post=51297"}],"curies":[{"name":"wp","href":"https:\/\/api.w.org\/{rel}","templated":true}]}}