{"id":51285,"date":"2022-06-05T20:14:40","date_gmt":"2022-06-05T20:14:40","guid":{"rendered":"https:\/\/scenaamadeo.hr\/wordpress\/index.php\/2022\/06\/05\/cetvrtak-25-08-2022-20-30-galerija-klovicevi-dvori-braca-teofilovic\/"},"modified":"2022-06-05T20:14:40","modified_gmt":"2022-06-05T20:14:40","slug":"cetvrtak-25-08-2022-20-30-galerija-klovicevi-dvori-braca-teofilovic","status":"publish","type":"post","link":"https:\/\/scenaamadeo.hr\/wordpress\/index.php\/2022\/06\/05\/cetvrtak-25-08-2022-20-30-galerija-klovicevi-dvori-braca-teofilovic\/","title":{"rendered":"\u010cetvrtak, 25.08.2022. \/ 20:30 \/ Galerija Klovi\u0107evi dvori \/ Bra\u0107a Teofilovi\u0107"},"content":{"rendered":"<p><span style=\"color: #000000;\"><em><strong>\u010cuvari sna<\/strong><\/em><\/span><\/p>\n<hr \/>\n<p style=\"text-align: justify;\">&nbsp;\u201eRatko i Radi\u0161a nisu naokolo i\u0161li i sakupljali zagubljene pjesme, pa ih tako spa\u0161avali od zaborava i smrti. Za razliku od \u010dovjekove smrti, smrt pjesme je neosjetna. Samo jezik i svijet ostanu siroma\u0161niji za ne\u0161to \u010dega je nekad bilo. Njih dvojica, ili jedan od njih, no\u0107u bi slu\u0161ali radio, pamtili melodiju i bilje\u017eili tekst. Poslije bi pjevali ono \u0161to bi im se u\u010dinilo da mogu i da trebaju otpjevati. Zato su u njihove pjesme pomalo upisana i sje\u0107anja na pjeva\u010de. Pjesmu bra\u0107a izvuku iz epohe u kojoj ju je snimljena, u kojoj ju je radio zabilje\u017eio, i smjeste je u svoju bezvremenost. Nije to vje\u010dnost, ali je vje\u010dnosti veoma sli\u010dno.\u201c<\/p>\n<p style=\"text-align: justify;\">&nbsp; &nbsp; &nbsp; &nbsp; &nbsp; &nbsp; &nbsp; &nbsp; &nbsp; &nbsp; &nbsp; &nbsp; &nbsp; &nbsp; &nbsp; &nbsp; &nbsp; &nbsp; &nbsp; &nbsp; &nbsp; &nbsp; &nbsp; &nbsp; &nbsp; &nbsp; &nbsp; &nbsp; &nbsp; &nbsp; &nbsp; &nbsp; &nbsp; &nbsp; &nbsp; &nbsp; &nbsp; &nbsp; &nbsp; &nbsp; &nbsp; &nbsp; &nbsp; &nbsp; &nbsp; &nbsp; &nbsp; &nbsp; &nbsp; &nbsp; &nbsp; &nbsp; &nbsp; &nbsp; &nbsp; &nbsp; &nbsp; &nbsp; &nbsp; &nbsp; &nbsp; &nbsp; &nbsp; &nbsp; &nbsp; &nbsp; &nbsp; &nbsp; &nbsp; &nbsp; &nbsp; &nbsp; &nbsp; &nbsp; &nbsp; &nbsp; &nbsp; &nbsp; &nbsp; &nbsp; &nbsp; &nbsp; &nbsp; &nbsp; &nbsp; &nbsp; &nbsp; &nbsp; &nbsp; &nbsp; &nbsp; &nbsp; &nbsp; &nbsp; &nbsp; &nbsp; &nbsp; &nbsp; &nbsp; &nbsp; &nbsp; &nbsp; &nbsp; &nbsp; &nbsp; &nbsp; &nbsp; &nbsp; Miljenko Jergovi\u0107<\/p>\n<hr \/>\n<p><span style=\"color: #ff0000;\"><strong>Cijena ulaznice: 110,00 kn&nbsp;<\/strong><\/span><\/p>\n<p><span style=\"color: #ff0000;\"><strong>U slu\u010daju ki\u0161e koncert se odr\u017eati 26.08. u 20:30!<\/strong><\/span><\/p>\n<p><a target=\"_blank\" href=\"https:\/\/www.ulaznice.hr\/web\/event\/38\/10033\" rel=\"noopener noreferrer\"><img loading=\"lazy\" decoding=\"async\" class=\" size-full wp-image-51066\" src=\"https:\/\/scenaamadeo.hr\/wordpress\/wp-content\/uploads\/ulaznice.hr-d1a.png\" alt=\"ulaznice.hr\" class=\"pull-center\" width=\"203\" height=\"61\" style=\"display: block; margin-left: auto; margin-right: auto;\" srcset=\"https:\/\/scenaamadeo.hr\/wordpress\/wp-content\/uploads\/ulaznice.hr-d1a.png 303w, https:\/\/scenaamadeo.hr\/wordpress\/wp-content\/uploads\/ulaznice.hr-d1a-300x90.png 300w\" sizes=\"auto, (max-width: 203px) 100vw, 203px\" \/><\/a>&nbsp; &nbsp; &nbsp; &nbsp; &nbsp; &nbsp;<\/p>\n<p><a href=\"https:\/\/www.eventim.hr\/hr\/ulaznice\/braca-teofilovic-zagreb-galerija-klovicevi-dvori-1296077\/performance.html\" target=\"_blank\" rel=\"noopener\"><img loading=\"lazy\" decoding=\"async\" class=\" size-full wp-image-51274\" src=\"https:\/\/scenaamadeo.hr\/wordpress\/wp-content\/uploads\/eventim_mc_pos-4db.jpg\" alt=\"eventim mc pos\" width=\"128\" height=\"62\" style=\"display: block; margin-left: auto; margin-right: auto;\" srcset=\"https:\/\/scenaamadeo.hr\/wordpress\/wp-content\/uploads\/eventim_mc_pos-4db.jpg 418w, https:\/\/scenaamadeo.hr\/wordpress\/wp-content\/uploads\/eventim_mc_pos-4db-300x144.jpg 300w\" sizes=\"auto, (max-width: 128px) 100vw, 128px\" \/><\/a><\/p>\n","protected":false},"excerpt":{"rendered":"<p>\u010cuvari sna &nbsp;\u201eRatko i Radi\u0161a nisu naokolo i\u0161li i sakupljali zagubljene pjesme, pa ih tako spa\u0161avali od zaborava i smrti. Za razliku od \u010dovjekove smrti, smrt pjesme je neosjetna. Samo jezik i svijet ostanu siroma\u0161niji za ne\u0161to \u010dega je nekad bilo. Njih dvojica, ili jedan od njih, no\u0107u bi slu\u0161ali radio, pamtili melodiju i bilje\u017eili [&hellip;]<\/p>\n","protected":false},"author":6,"featured_media":51284,"comment_status":"open","ping_status":"closed","sticky":false,"template":"","format":"standard","meta":{"_acf_changed":false,"_editorskit_title_hidden":false,"_editorskit_reading_time":0,"_editorskit_is_block_options_detached":false,"_editorskit_block_options_position":"{}","_gspb_post_css":"","_crdt_document":"","ngg_post_thumbnail":0,"footnotes":""},"categories":[300],"tags":[360],"class_list":["post-51285","post","type-post","status-publish","format-standard","has-post-thumbnail","hentry","category-program-2","tag-braca-teofilovic"],"blocksy_meta":[],"acf":[],"_links":{"self":[{"href":"https:\/\/scenaamadeo.hr\/wordpress\/index.php\/wp-json\/wp\/v2\/posts\/51285","targetHints":{"allow":["GET"]}}],"collection":[{"href":"https:\/\/scenaamadeo.hr\/wordpress\/index.php\/wp-json\/wp\/v2\/posts"}],"about":[{"href":"https:\/\/scenaamadeo.hr\/wordpress\/index.php\/wp-json\/wp\/v2\/types\/post"}],"author":[{"embeddable":true,"href":"https:\/\/scenaamadeo.hr\/wordpress\/index.php\/wp-json\/wp\/v2\/users\/6"}],"replies":[{"embeddable":true,"href":"https:\/\/scenaamadeo.hr\/wordpress\/index.php\/wp-json\/wp\/v2\/comments?post=51285"}],"version-history":[{"count":0,"href":"https:\/\/scenaamadeo.hr\/wordpress\/index.php\/wp-json\/wp\/v2\/posts\/51285\/revisions"}],"wp:featuredmedia":[{"embeddable":true,"href":"https:\/\/scenaamadeo.hr\/wordpress\/index.php\/wp-json\/wp\/v2\/media\/51284"}],"wp:attachment":[{"href":"https:\/\/scenaamadeo.hr\/wordpress\/index.php\/wp-json\/wp\/v2\/media?parent=51285"}],"wp:term":[{"taxonomy":"category","embeddable":true,"href":"https:\/\/scenaamadeo.hr\/wordpress\/index.php\/wp-json\/wp\/v2\/categories?post=51285"},{"taxonomy":"post_tag","embeddable":true,"href":"https:\/\/scenaamadeo.hr\/wordpress\/index.php\/wp-json\/wp\/v2\/tags?post=51285"}],"curies":[{"name":"wp","href":"https:\/\/api.w.org\/{rel}","templated":true}]}}