{"id":51275,"date":"2022-06-05T09:13:25","date_gmt":"2022-06-05T09:13:25","guid":{"rendered":"https:\/\/scenaamadeo.hr\/wordpress\/index.php\/2022\/06\/05\/srijeda-17-08-2022-20-30-galerija-klovicevi-dvori-matija-svira-arsena\/"},"modified":"2022-06-05T09:13:25","modified_gmt":"2022-06-05T09:13:25","slug":"srijeda-17-08-2022-20-30-galerija-klovicevi-dvori-matija-svira-arsena","status":"publish","type":"post","link":"https:\/\/scenaamadeo.hr\/wordpress\/index.php\/2022\/06\/05\/srijeda-17-08-2022-20-30-galerija-klovicevi-dvori-matija-svira-arsena\/","title":{"rendered":"Srijeda, 17.08.2022. \/ 20:30 \/ Galerija Klovi\u0107evi dvori \/ Matija svira Arsena"},"content":{"rendered":"<p><span style=\"color: #000000;\"><em><strong>Amigo, dugih sedam godina&#8230;.<\/strong><\/em><\/span><\/p>\n<p>Matija Dedi\u0107, klavir<\/p>\n<p>Uvodno slovo: Goran Matovi\u0107<\/p>\n<hr \/>\n<p style=\"text-align: justify;\"><em>Koncert AMIGO, dugih sedam godina<\/em> posve\u0107en je uspomeni na dragog prijatelja Scene AMADEO Arsena Dedi\u0107a (17.08.2015. \u2013 17.08.2022.) u povodu sedme godi\u0161njice njegovog odlaska u onostrano. Na velikog pjesnika, glazbenika i kantautora podsjetit \u0107e nas njegova vje\u010dna glazba u produhovljenoj izvedbi&nbsp; Matije Dedi\u0107a.<\/p>\n<p style=\"text-align: justify;\">\u201eOvaj album se dogodio u trenutku jednog mog emotivnog stanja, na vrhuncu pijanisti\u010dke vje\u0161tine i u predivnom ambijentu sale Vatroslava Lisinskog\u201d, obja\u0161njava Matija. \u201e\u017dao mi je \u0161to otac ne\u0107e \u010duti ovaj album jer mislim da bi on sad bio zbilja zadovoljan i to iz puno razloga\u201d. Dalje, pri\u010daju\u0107i o svom albumu, Matija ne skriva zadovoljstvo zbog uspjeha postignute \u017eeljene zlatne sredine \u2013 da slu\u0161atelji prepoznaju pjesme njegovog oca, ali isto tako da u njima iznese svoje pijanisti\u010dke, konceptualne i harmonijske misli, na kraju jo\u0161 dodaju\u0107i da je ovo za njega bilo jedno \u201eosjetljivo muzi\u010dko putovanje\u201d.&nbsp;A upravo je ta obiteljska povezanost, uz Matijin pijanisti\u010dki stil i pristup, dala svakoj kompoziciji s albuma sna\u017ean emotivan naboj.<\/p>\n<p style=\"text-align: justify;\">Osvrt na album&nbsp;<em>Matija svira Arsena<\/em>&nbsp;dao je i poznati hrvatski muzi\u010dki kriti\u010dar i publicist Hrvoje Horvat:<br \/> \u201eOd po\u010detka albuma s naslovnom temom iz&nbsp;<em>Glembajevih<\/em>, preko&nbsp;<em>Ni ti ni ja<\/em>&nbsp;i&nbsp;<em>U registraturi<\/em>, sve\u010dana atmosfera, u kojoj tonovi tipaka klavira kao ledene suze padaju u va\u0161e u\u0161i, vode vas terenom klasika doma\u0107e glazbe, ali na drugi na\u010din od kolektivno zapam\u0107enog. Matija je svjestan da brzopotezna svirka nije ono \u0161to se tra\u017ei, umjesto toga odmjerenost i fascinantna lako\u0107a u pro\u0161irivanju osnovnih tema vode vas na putovanje u raznim smjerovima\u2026 Iako se radi o intelektualnom pristupu glazbi, album Matija svira Arsena ne gubi ni\u0161ta od duhovnosti. Dapa\u010de, radi se o glazbi koja je pomirila vrhunski pijanizam i izniman ljudski faktor. U ovom slu\u010daju dva vrlo bliska ljudska faktora\u201d.<\/p>\n<hr \/>\n<p><span style=\"color: #ff0000;\"><strong>Cijena ulaznice: 110,00 kn&nbsp;<\/strong><\/span><\/p>\n<p><span style=\"color: #ff0000;\"><strong>U slu\u010daju ki\u0161e koncert se odr\u017eati 18.08. u 20:30!<\/strong><\/span><\/p>\n<p><a target=\"_blank\" href=\"https:\/\/www.ulaznice.hr\/web\/event\/38\/10028\" rel=\"noopener noreferrer\"><img loading=\"lazy\" decoding=\"async\" class=\" size-full wp-image-51066\" src=\"https:\/\/scenaamadeo.hr\/wordpress\/wp-content\/uploads\/ulaznice.hr-d1a.png\" alt=\"ulaznice.hr\" class=\"pull-center\" width=\"203\" height=\"61\" style=\"display: block; margin-left: auto; margin-right: auto;\" srcset=\"https:\/\/scenaamadeo.hr\/wordpress\/wp-content\/uploads\/ulaznice.hr-d1a.png 303w, https:\/\/scenaamadeo.hr\/wordpress\/wp-content\/uploads\/ulaznice.hr-d1a-300x90.png 300w\" sizes=\"auto, (max-width: 203px) 100vw, 203px\" \/><\/a>&nbsp; &nbsp; &nbsp; &nbsp; &nbsp; &nbsp;<\/p>\n<p><a href=\"https:\/\/www.eventim.hr\/hr\/ulaznice\/matija-svira-arsena-zagreb-galerija-klovicevi-dvori-1295848\/performance.html\" target=\"_blank\" rel=\"noopener\"><img loading=\"lazy\" decoding=\"async\" class=\" size-full wp-image-51274\" src=\"https:\/\/scenaamadeo.hr\/wordpress\/wp-content\/uploads\/eventim_mc_pos-4db.jpg\" alt=\"eventim mc pos\" width=\"128\" height=\"62\" style=\"display: block; margin-left: auto; margin-right: auto;\" srcset=\"https:\/\/scenaamadeo.hr\/wordpress\/wp-content\/uploads\/eventim_mc_pos-4db.jpg 418w, https:\/\/scenaamadeo.hr\/wordpress\/wp-content\/uploads\/eventim_mc_pos-4db-300x144.jpg 300w\" sizes=\"auto, (max-width: 128px) 100vw, 128px\" \/><\/a><\/p>\n","protected":false},"excerpt":{"rendered":"<p>Amigo, dugih sedam godina&#8230;. Matija Dedi\u0107, klavir Uvodno slovo: Goran Matovi\u0107 Koncert AMIGO, dugih sedam godina posve\u0107en je uspomeni na dragog prijatelja Scene AMADEO Arsena Dedi\u0107a (17.08.2015. \u2013 17.08.2022.) u povodu sedme godi\u0161njice njegovog odlaska u onostrano. Na velikog pjesnika, glazbenika i kantautora podsjetit \u0107e nas njegova vje\u010dna glazba u produhovljenoj izvedbi&nbsp; Matije Dedi\u0107a. \u201eOvaj [&hellip;]<\/p>\n","protected":false},"author":6,"featured_media":51273,"comment_status":"open","ping_status":"closed","sticky":false,"template":"","format":"standard","meta":{"_acf_changed":false,"_editorskit_title_hidden":false,"_editorskit_reading_time":0,"_editorskit_is_block_options_detached":false,"_editorskit_block_options_position":"{}","_gspb_post_css":"","_crdt_document":"","ngg_post_thumbnail":0,"footnotes":""},"categories":[300],"tags":[359,321],"class_list":["post-51275","post","type-post","status-publish","format-standard","has-post-thumbnail","hentry","category-program-2","tag-arsen-dedic","tag-matija-dedic"],"blocksy_meta":[],"acf":[],"_links":{"self":[{"href":"https:\/\/scenaamadeo.hr\/wordpress\/index.php\/wp-json\/wp\/v2\/posts\/51275","targetHints":{"allow":["GET"]}}],"collection":[{"href":"https:\/\/scenaamadeo.hr\/wordpress\/index.php\/wp-json\/wp\/v2\/posts"}],"about":[{"href":"https:\/\/scenaamadeo.hr\/wordpress\/index.php\/wp-json\/wp\/v2\/types\/post"}],"author":[{"embeddable":true,"href":"https:\/\/scenaamadeo.hr\/wordpress\/index.php\/wp-json\/wp\/v2\/users\/6"}],"replies":[{"embeddable":true,"href":"https:\/\/scenaamadeo.hr\/wordpress\/index.php\/wp-json\/wp\/v2\/comments?post=51275"}],"version-history":[{"count":0,"href":"https:\/\/scenaamadeo.hr\/wordpress\/index.php\/wp-json\/wp\/v2\/posts\/51275\/revisions"}],"wp:featuredmedia":[{"embeddable":true,"href":"https:\/\/scenaamadeo.hr\/wordpress\/index.php\/wp-json\/wp\/v2\/media\/51273"}],"wp:attachment":[{"href":"https:\/\/scenaamadeo.hr\/wordpress\/index.php\/wp-json\/wp\/v2\/media?parent=51275"}],"wp:term":[{"taxonomy":"category","embeddable":true,"href":"https:\/\/scenaamadeo.hr\/wordpress\/index.php\/wp-json\/wp\/v2\/categories?post=51275"},{"taxonomy":"post_tag","embeddable":true,"href":"https:\/\/scenaamadeo.hr\/wordpress\/index.php\/wp-json\/wp\/v2\/tags?post=51275"}],"curies":[{"name":"wp","href":"https:\/\/api.w.org\/{rel}","templated":true}]}}