{"id":51250,"date":"2021-06-04T13:21:34","date_gmt":"2021-06-04T13:21:34","guid":{"rendered":"https:\/\/scenaamadeo.hr\/wordpress\/index.php\/2021\/06\/04\/cetvrtak-19-08-20-30-galerija-klovicevi-dvori-petrit-ceku\/"},"modified":"2021-06-04T13:21:34","modified_gmt":"2021-06-04T13:21:34","slug":"cetvrtak-19-08-20-30-galerija-klovicevi-dvori-petrit-ceku","status":"publish","type":"post","link":"https:\/\/scenaamadeo.hr\/wordpress\/index.php\/2021\/06\/04\/cetvrtak-19-08-20-30-galerija-klovicevi-dvori-petrit-ceku\/","title":{"rendered":"\u010cetvrtak, 19.08.2021. \/ 20:30 \/ Galerija Klovi\u0107evi dvori \/ Petrit \u00c7eku"},"content":{"rendered":"<p>&nbsp;<\/p>\n<p><strong>Solisti\u010dki recital<\/strong><\/p>\n<p><em>J. S. Bach<\/em><strong><em>;<\/em><\/strong><em> W. A. Mozart; L. Beethoven; G. Liste\u0161;&nbsp;<\/em><em>A. Barrios; H. Villa-Lobos<\/em><\/p>\n<hr \/>\n<p style=\"text-align: justify;\">\u201cJa sam ga nazivao plemi\u0107em duha, aristokratom i princom gitare, ali jo\u0161 precizniji opis <strong>Petrita \u00c7ekua<\/strong> dao je svojedobno u Jutarnjem listu Dobroslav Silobr\u010di\u0107, u uvodu sjajnog intervjua s tim izvanrednim mladim glazbenikom: \u201cTih, miran \u010dovjek, svjestan svojeg uzvi\u0161enog talenta. Izgledom podsje\u0107a na \u2013 Isusa.\u201d<\/p>\n<p style=\"text-align: justify;\">Visok, mr\u0161av, profinjen, izdu\u017eenog tijela, prstiju i lica, kao na bizantskim ikonama, Petrit \u00c7eku doista nalikuje Isusu. \u00c7eku nije asketa u mona\u0161kom smislu te rije\u010di, makar tako izgleda. Kad ga je Silobr\u010di\u0107 pitao \u201cjedete li ne\u0161to uop\u0107e?\u201d, odgovorio mu je: \u201cJedem. Ali sve to i\u0161\u010dezne u mojoj potrazi za \u2013 apsolutnim\u201d.<\/p>\n<p style=\"text-align: justify;\">\u2026 Kao da mu vidim vragolanski autoironi\u010dni smije\u0161ak dok to izgovara, daju\u0107i do znanja da se \u0161ali. Ali, tko god ga je slu\u0161ao kako svira i kako govori o glazbi, nije uvjeren da je rije\u010d o \u0161ali. Uostalom, svaki virtuoz bilo kojeg muzi\u010dkog instrumenta dobro zna \u0161to je to redovni\u010dka disciplina i \u0161to je samo\u0107a beskona\u010dnih sati rada i pobje\u0111ivanja glazbala i samog sebe\u201d.<\/p>\n<p>&nbsp;&nbsp;&nbsp;&nbsp;&nbsp;&nbsp;&nbsp;&nbsp;&nbsp;&nbsp;&nbsp;&nbsp;&nbsp;&nbsp;&nbsp;&nbsp;&nbsp;&nbsp;&nbsp;&nbsp;&nbsp;&nbsp;&nbsp;&nbsp;&nbsp;&nbsp;&nbsp;&nbsp;&nbsp;&nbsp;&nbsp;&nbsp;&nbsp;&nbsp;&nbsp;&nbsp;&nbsp;&nbsp;&nbsp;&nbsp;&nbsp;&nbsp;&nbsp;&nbsp;&nbsp;&nbsp;&nbsp;&nbsp;&nbsp;&nbsp;&nbsp;&nbsp;&nbsp;&nbsp;&nbsp;&nbsp;&nbsp;&nbsp;&nbsp;&nbsp;&nbsp;&nbsp;&nbsp;&nbsp;&nbsp;&nbsp;&nbsp;&nbsp;&nbsp;&nbsp;&nbsp;&nbsp;&nbsp;&nbsp;&nbsp;&nbsp;&nbsp;&nbsp;&nbsp;&nbsp;&nbsp;&nbsp;&nbsp;&nbsp;&nbsp;&nbsp;&nbsp;&nbsp;&nbsp;&nbsp;&nbsp;&nbsp;&nbsp;&nbsp;&nbsp;&nbsp;&nbsp;&nbsp;&nbsp;&nbsp;&nbsp;&nbsp;&nbsp;&nbsp;&nbsp;&nbsp;&nbsp;&nbsp;&nbsp;&nbsp;&nbsp;&nbsp;&nbsp;&nbsp;&nbsp;&nbsp;&nbsp;&nbsp;&nbsp;&nbsp;&nbsp;&nbsp;&nbsp;&nbsp;&nbsp;&nbsp;&nbsp;&nbsp;&nbsp;&nbsp;&nbsp;&nbsp;&nbsp;&nbsp;&nbsp;&nbsp; <em>Branimir Pofuk<\/em><\/p>\n<hr \/>\n<p><span style=\"color: #ff0000;\"><strong><em>Cijena ulaznice: 110,00 kn&nbsp;<\/em><\/strong><\/span><\/p>\n<p><span style=\"color: #ff0000;\"><strong>U slu\u010daju ki\u0161e koncert \u0107e se odr\u017eati u petak, 20.08.<\/strong><\/span><\/p>\n<p><span style=\"color: #ff0000;\"><strong>Ulaznice mo\u017eete kupiti <a href=\"https:\/\/www.ulaznice.hr\/web\/event\/38\/8771\">ovdje<\/a>.<\/strong><\/span><\/p>\n","protected":false},"excerpt":{"rendered":"<p>&nbsp; Solisti\u010dki recital J. S. Bach; W. A. Mozart; L. Beethoven; G. Liste\u0161;&nbsp;A. Barrios; H. Villa-Lobos \u201cJa sam ga nazivao plemi\u0107em duha, aristokratom i princom gitare, ali jo\u0161 precizniji opis Petrita \u00c7ekua dao je svojedobno u Jutarnjem listu Dobroslav Silobr\u010di\u0107, u uvodu sjajnog intervjua s tim izvanrednim mladim glazbenikom: \u201cTih, miran \u010dovjek, svjestan svojeg uzvi\u0161enog [&hellip;]<\/p>\n","protected":false},"author":6,"featured_media":51249,"comment_status":"open","ping_status":"closed","sticky":false,"template":"","format":"standard","meta":{"_acf_changed":false,"_editorskit_title_hidden":false,"_editorskit_reading_time":0,"_editorskit_is_block_options_detached":false,"_editorskit_block_options_position":"{}","_gspb_post_css":"","_crdt_document":"","ngg_post_thumbnail":0,"footnotes":""},"categories":[307],"tags":[333],"class_list":["post-51250","post","type-post","status-publish","format-standard","has-post-thumbnail","hentry","category-program-2021","tag-petrit-ceku"],"blocksy_meta":[],"acf":[],"_links":{"self":[{"href":"https:\/\/scenaamadeo.hr\/wordpress\/index.php\/wp-json\/wp\/v2\/posts\/51250","targetHints":{"allow":["GET"]}}],"collection":[{"href":"https:\/\/scenaamadeo.hr\/wordpress\/index.php\/wp-json\/wp\/v2\/posts"}],"about":[{"href":"https:\/\/scenaamadeo.hr\/wordpress\/index.php\/wp-json\/wp\/v2\/types\/post"}],"author":[{"embeddable":true,"href":"https:\/\/scenaamadeo.hr\/wordpress\/index.php\/wp-json\/wp\/v2\/users\/6"}],"replies":[{"embeddable":true,"href":"https:\/\/scenaamadeo.hr\/wordpress\/index.php\/wp-json\/wp\/v2\/comments?post=51250"}],"version-history":[{"count":0,"href":"https:\/\/scenaamadeo.hr\/wordpress\/index.php\/wp-json\/wp\/v2\/posts\/51250\/revisions"}],"wp:featuredmedia":[{"embeddable":true,"href":"https:\/\/scenaamadeo.hr\/wordpress\/index.php\/wp-json\/wp\/v2\/media\/51249"}],"wp:attachment":[{"href":"https:\/\/scenaamadeo.hr\/wordpress\/index.php\/wp-json\/wp\/v2\/media?parent=51250"}],"wp:term":[{"taxonomy":"category","embeddable":true,"href":"https:\/\/scenaamadeo.hr\/wordpress\/index.php\/wp-json\/wp\/v2\/categories?post=51250"},{"taxonomy":"post_tag","embeddable":true,"href":"https:\/\/scenaamadeo.hr\/wordpress\/index.php\/wp-json\/wp\/v2\/tags?post=51250"}],"curies":[{"name":"wp","href":"https:\/\/api.w.org\/{rel}","templated":true}]}}