{"id":51232,"date":"2020-08-06T08:57:05","date_gmt":"2020-08-06T08:57:05","guid":{"rendered":"https:\/\/scenaamadeo.hr\/wordpress\/index.php\/2020\/08\/06\/srijeda-26-08-2020-20-30-galerija-klovicevi-dvori-mariachi-los-caballeros\/"},"modified":"2020-08-06T08:57:05","modified_gmt":"2020-08-06T08:57:05","slug":"srijeda-26-08-2020-20-30-galerija-klovicevi-dvori-mariachi-los-caballeros","status":"publish","type":"post","link":"https:\/\/scenaamadeo.hr\/wordpress\/index.php\/2020\/08\/06\/srijeda-26-08-2020-20-30-galerija-klovicevi-dvori-mariachi-los-caballeros\/","title":{"rendered":"Srijeda, 26.08.2020. \/ 20:30 \/ Galerija Klovi\u0107evi dvori \/ Mariachi Los Caballeros"},"content":{"rendered":"<p><strong><span style=\"color: #ff0000;\">KONCERT JE OTKAZAN IZ TEHNI\u010cKIH RAZLOGA!<\/span><\/strong><\/p>\n<p>Poznatu i vrlo rasprostranjenu uzre\u010dicu prema kojoj samo jedan pojam navodi na pomisao o Meksiku vi\u0161e od tequile, a to je mariachi, ne valja shvatiti tek kao neizbje\u017ean citat iz povr\u0161nog turisti\u010dkog vodi\u010da kroz folklor ove velike zemlje ju\u017eno od rijeke Rio Grande. &#8220;\u017dive boje mariachija, njegove svjetle, jasne, duboke i skladne melodije sjedinjuju se kako bi otkrile srce i du\u0161u Meksika&#8221;, zapisala je Sylvia Gonz\u00e1lez u knjizi &#8220;Mexico: The Meeting of Two Cultures&#8221;, pokazuju\u0107i da se ni definicija stru\u010dnjaka ponekad ne mo\u017ee udaljiti od popularne predod\u017ebe o najprepoznatljivijem meksi\u010dkom glazbenom proizvodu.<\/p>\n<p>Sli\u010dno razmi\u0161lja i Ivan Androi\u0107, pjeva\u010d i utemeljitelj zagreba\u010dkog mariachi sastava &#8220;Los Caballeros&#8221;: &#8220;Pojam mariachi u meni budi vizualnu dimenziju koja je \u0161ira od glazbene. To je slika arene, pijeska, bikova, ljudi, mirisa&#8230;&#8221;.<\/p>\n<p><em>Nastupaju: Ivan Androi\u0107 &#8211; Deda, vihuela; Milko Joveti\u0107, guitarr\u00f3n; Adrijan Humaan, gitara; Hrvoje Cicvari\u0107 &#8211; Micko, gitara; Leonel Salazar, vihuela; Kre\u0161imir Fabijani\u0107, truba; Franjo Vinkovi\u0107, truba; Petar Haluza, violina; Tomislav Vitkovi\u0107, violina; Ivan Zovko, violina<\/em><\/p>\n<hr \/>\n<p><strong><em>&nbsp;<\/em><\/strong><\/p>\n","protected":false},"excerpt":{"rendered":"<p>KONCERT JE OTKAZAN IZ TEHNI\u010cKIH RAZLOGA! Poznatu i vrlo rasprostranjenu uzre\u010dicu prema kojoj samo jedan pojam navodi na pomisao o Meksiku vi\u0161e od tequile, a to je mariachi, ne valja shvatiti tek kao neizbje\u017ean citat iz povr\u0161nog turisti\u010dkog vodi\u010da kroz folklor ove velike zemlje ju\u017eno od rijeke Rio Grande. &#8220;\u017dive boje mariachija, njegove svjetle, jasne, [&hellip;]<\/p>\n","protected":false},"author":6,"featured_media":51231,"comment_status":"open","ping_status":"closed","sticky":false,"template":"","format":"standard","meta":{"_acf_changed":false,"_editorskit_title_hidden":false,"_editorskit_reading_time":0,"_editorskit_is_block_options_detached":false,"_editorskit_block_options_position":"{}","_gspb_post_css":"","_crdt_document":"","ngg_post_thumbnail":0,"footnotes":""},"categories":[306],"tags":[320],"class_list":["post-51232","post","type-post","status-publish","format-standard","has-post-thumbnail","hentry","category-program-2020","tag-mariachi-los-caballeros"],"blocksy_meta":[],"acf":[],"_links":{"self":[{"href":"https:\/\/scenaamadeo.hr\/wordpress\/index.php\/wp-json\/wp\/v2\/posts\/51232","targetHints":{"allow":["GET"]}}],"collection":[{"href":"https:\/\/scenaamadeo.hr\/wordpress\/index.php\/wp-json\/wp\/v2\/posts"}],"about":[{"href":"https:\/\/scenaamadeo.hr\/wordpress\/index.php\/wp-json\/wp\/v2\/types\/post"}],"author":[{"embeddable":true,"href":"https:\/\/scenaamadeo.hr\/wordpress\/index.php\/wp-json\/wp\/v2\/users\/6"}],"replies":[{"embeddable":true,"href":"https:\/\/scenaamadeo.hr\/wordpress\/index.php\/wp-json\/wp\/v2\/comments?post=51232"}],"version-history":[{"count":0,"href":"https:\/\/scenaamadeo.hr\/wordpress\/index.php\/wp-json\/wp\/v2\/posts\/51232\/revisions"}],"wp:featuredmedia":[{"embeddable":true,"href":"https:\/\/scenaamadeo.hr\/wordpress\/index.php\/wp-json\/wp\/v2\/media\/51231"}],"wp:attachment":[{"href":"https:\/\/scenaamadeo.hr\/wordpress\/index.php\/wp-json\/wp\/v2\/media?parent=51232"}],"wp:term":[{"taxonomy":"category","embeddable":true,"href":"https:\/\/scenaamadeo.hr\/wordpress\/index.php\/wp-json\/wp\/v2\/categories?post=51232"},{"taxonomy":"post_tag","embeddable":true,"href":"https:\/\/scenaamadeo.hr\/wordpress\/index.php\/wp-json\/wp\/v2\/tags?post=51232"}],"curies":[{"name":"wp","href":"https:\/\/api.w.org\/{rel}","templated":true}]}}