{"id":51224,"date":"2020-08-06T08:23:14","date_gmt":"2020-08-06T08:23:14","guid":{"rendered":"https:\/\/scenaamadeo.hr\/wordpress\/index.php\/2020\/08\/06\/cetvrtak-20-08-2020-20-30-galerija-klovicevi-dvori-grupa-duende-i-gosti\/"},"modified":"2020-08-06T08:23:14","modified_gmt":"2020-08-06T08:23:14","slug":"cetvrtak-20-08-2020-20-30-galerija-klovicevi-dvori-grupa-duende-i-gosti","status":"publish","type":"post","link":"https:\/\/scenaamadeo.hr\/wordpress\/index.php\/2020\/08\/06\/cetvrtak-20-08-2020-20-30-galerija-klovicevi-dvori-grupa-duende-i-gosti\/","title":{"rendered":"\u010cetvrtak, 20.08.2020. \/ 20:30 \/ Galerija Klovi\u0107evi dvori \/ Grupa Duende i gosti"},"content":{"rendered":"<p><strong>In memoriam Nenad Jal\u0161evac-Nen\u010di<\/strong><\/p>\n<p>Koncert u spomen prerano preminulom basistu grupe Duende Nenadu Jal\u0161evcu-Nen\u010diju koji je svojim djelovanjem ostavio neizbrisiv osobni i profesionalan trag na Sceni Amadeo. Kao vrsni majstor tona Nen\u010di je povijesni muzejski atrij Hrvatskoga prirodoslovnog muzeja, u kojem Scena AMADEO djeluje od 2000. godine, u\u010dinio mjestom zvu\u010dne \u010darolije za publiku i&nbsp; brojne umjetnike, koji se upravo zbog tog specifi\u010dnog <em>sounda<\/em> rado vra\u0107aju na na\u0161u Scenu.<\/p>\n<p>&nbsp;\u201ePo\u010divaj u miru Nen\u010di, dragi prijatelju, mnogo godina smo svirali i pjevali skupa, nema rije\u010di koje bi opisale tugu i bol koju osje\u0107amo svi koji smo te poznavali, publika koja te je tako rado slu\u0161ala. Kao da te sad vidim prije probe da u Trnskom naru\u010duje\u0161 drugu ili tre\u0107u kavu, mota\u0161 golden virginiu bez filtera i tra\u017ei\u0161 ne\u0161to za prispojiti na opremu iz brojnih pretinaca prsluka dok nas nasmijava\u0161 brojnim sarkasti\u010dnim komentarima o na\u0161oj zagreba\u010dkoj svakodnevnici&#8230; najomiljeniji bar\u0161unasti vokal, vrhunski i nezamjenjiv ton majstor i uvijek precizan na bas gitari&#8230; \u010dvrsti oslonac za sve nas koji smo se na pozornici znali izgubiti u ritmu. Bio si uvijek tu za nas. Samozatajan, dobar kao kruh, \u0161armantan i smiren. Glazbena enciklopedija. \u010cast mi je i sretna sam da smo odradili toliko koncerata skupa i velika hvala na svemu \u0161to si nas nau\u010dio. Uvijek \u0107e\u0161 \u017eivjeti u na\u0161im srcima,sje\u0107anjima i pjesmama&#8230; i krumpirima (kako si obi\u010davao re\u0107i) na bas gitari. Leonard Cohen ima konkurenciju u raju. Prijatelju na\u0161,neka ti nebeske note budu lake.\u201c&nbsp;Ivana Cvitanu\u0161i\u0107 Cvita<\/p>\n<hr \/>\n<p><strong><em>Cijena ulaznice: 50,00 kn&nbsp;<\/em><\/strong><\/p>\n<p><strong>U slu\u010daju ki\u0161e koncert se ne\u0107e odr\u017eati!<\/strong><\/p>\n<p><strong>Ulaznice mo\u017eete kupiti <a href=\"https:\/\/www.ulaznice.hr\/web\/event\/38\/7860\" target=\"_blank\" rel=\"noopener\">ovdje<\/a>.<\/strong><\/p>\n","protected":false},"excerpt":{"rendered":"<p>In memoriam Nenad Jal\u0161evac-Nen\u010di Koncert u spomen prerano preminulom basistu grupe Duende Nenadu Jal\u0161evcu-Nen\u010diju koji je svojim djelovanjem ostavio neizbrisiv osobni i profesionalan trag na Sceni Amadeo. Kao vrsni majstor tona Nen\u010di je povijesni muzejski atrij Hrvatskoga prirodoslovnog muzeja, u kojem Scena AMADEO djeluje od 2000. godine, u\u010dinio mjestom zvu\u010dne \u010darolije za publiku i&nbsp; brojne [&hellip;]<\/p>\n","protected":false},"author":6,"featured_media":51223,"comment_status":"open","ping_status":"closed","sticky":false,"template":"","format":"standard","meta":{"_acf_changed":false,"_editorskit_title_hidden":false,"_editorskit_reading_time":0,"_editorskit_is_block_options_detached":false,"_editorskit_block_options_position":"{}","_gspb_post_css":"","_crdt_document":"","ngg_post_thumbnail":0,"footnotes":""},"categories":[306],"tags":[313,314,315],"class_list":["post-51224","post","type-post","status-publish","format-standard","has-post-thumbnail","hentry","category-program-2020","tag-duende","tag-nenad-jalsevac-nenci","tag-tomislav-tensek-snoopy"],"blocksy_meta":[],"acf":[],"_links":{"self":[{"href":"https:\/\/scenaamadeo.hr\/wordpress\/index.php\/wp-json\/wp\/v2\/posts\/51224","targetHints":{"allow":["GET"]}}],"collection":[{"href":"https:\/\/scenaamadeo.hr\/wordpress\/index.php\/wp-json\/wp\/v2\/posts"}],"about":[{"href":"https:\/\/scenaamadeo.hr\/wordpress\/index.php\/wp-json\/wp\/v2\/types\/post"}],"author":[{"embeddable":true,"href":"https:\/\/scenaamadeo.hr\/wordpress\/index.php\/wp-json\/wp\/v2\/users\/6"}],"replies":[{"embeddable":true,"href":"https:\/\/scenaamadeo.hr\/wordpress\/index.php\/wp-json\/wp\/v2\/comments?post=51224"}],"version-history":[{"count":0,"href":"https:\/\/scenaamadeo.hr\/wordpress\/index.php\/wp-json\/wp\/v2\/posts\/51224\/revisions"}],"wp:featuredmedia":[{"embeddable":true,"href":"https:\/\/scenaamadeo.hr\/wordpress\/index.php\/wp-json\/wp\/v2\/media\/51223"}],"wp:attachment":[{"href":"https:\/\/scenaamadeo.hr\/wordpress\/index.php\/wp-json\/wp\/v2\/media?parent=51224"}],"wp:term":[{"taxonomy":"category","embeddable":true,"href":"https:\/\/scenaamadeo.hr\/wordpress\/index.php\/wp-json\/wp\/v2\/categories?post=51224"},{"taxonomy":"post_tag","embeddable":true,"href":"https:\/\/scenaamadeo.hr\/wordpress\/index.php\/wp-json\/wp\/v2\/tags?post=51224"}],"curies":[{"name":"wp","href":"https:\/\/api.w.org\/{rel}","templated":true}]}}