{"id":51214,"date":"2020-06-19T13:23:44","date_gmt":"2020-06-19T13:23:44","guid":{"rendered":"https:\/\/scenaamadeo.hr\/wordpress\/index.php\/2020\/06\/19\/subota-27-06-2020-21-30-ljetna-pozornica-tuskanac-humanitarni-koncert-drage-diklica-korak-u-zivot\/"},"modified":"2020-06-19T13:23:44","modified_gmt":"2020-06-19T13:23:44","slug":"subota-27-06-2020-21-30-ljetna-pozornica-tuskanac-humanitarni-koncert-drage-diklica-korak-u-zivot","status":"publish","type":"post","link":"https:\/\/scenaamadeo.hr\/wordpress\/index.php\/2020\/06\/19\/subota-27-06-2020-21-30-ljetna-pozornica-tuskanac-humanitarni-koncert-drage-diklica-korak-u-zivot\/","title":{"rendered":"Subota, 27.06.2020. \/ 21:30 \/ Ljetna pozornica Tu\u0161kanac \/ Humanitarni koncert Drage Dikli\u0107a &#8220;Korak u \u017eivot&#8221;"},"content":{"rendered":"<p><strong>Koncert Drage Dikli\u0107a na Ljetnoj pozornici Tu\u0161kanac za stipendiranje <\/strong><strong>djece iz udomiteljskih obitelji koji imaju \u017eelju, no ne i mogu\u0107nosti, nastaviti fakultetsko obrazovanje.<\/strong><\/p>\n<p>Nastavak je to jedne od najuspje\u0161nijih i najdugovje\u010dnijih humanitarnih pri\u010da koju je 2008. godine pokrenuo <strong>Rotary klub Zagreb Kaptol<\/strong>, a kojom se dodjelom stipendija poma\u017ee mladim ljudima koji su unato\u010d te\u0161kim \u017eivotnim uvjetima pokazali zrelost i hrabrost, shvativ\u0161i da im obrazovanje mo\u017ee donijeti svjetliju budu\u0107nost i sretniju \u017eivotnu svakodnevicu.<\/p>\n<p>Jedan sretni kupac, \u010diji \u0107e broj ulaznice biti izvu\u010den na samoj pozornici, dobiti \u0107e na poklon djelo u tehnici akrila dimenzije 70&#215;100 cm jednog od na\u0161ih najeminentnijih likovnih umjetnika, slikara <strong>Vatroslava Kuli\u0161a<\/strong>, \u010dija velika izlo\u017eba upravo traje u&nbsp; zagreba\u010dkoj Modernoj galeriji.<\/p>\n<hr \/>\n<p><strong>Ulaznice po cijeni od 100,00 kuna mogu se kupiti na portalu Ulaznice.hr klikom <a href=\"https:\/\/ulaznice.hr\/r\/Scena_Amadeo\">OVDJE<\/a>, ili na blagajni Ljetne pozornice Tu\u0161kanac jedan sat prije po\u010detka koncerta.<\/strong><\/p>\n","protected":false},"excerpt":{"rendered":"<p>Koncert Drage Dikli\u0107a na Ljetnoj pozornici Tu\u0161kanac za stipendiranje djece iz udomiteljskih obitelji koji imaju \u017eelju, no ne i mogu\u0107nosti, nastaviti fakultetsko obrazovanje. Nastavak je to jedne od najuspje\u0161nijih i najdugovje\u010dnijih humanitarnih pri\u010da koju je 2008. godine pokrenuo Rotary klub Zagreb Kaptol, a kojom se dodjelom stipendija poma\u017ee mladim ljudima koji su unato\u010d te\u0161kim \u017eivotnim [&hellip;]<\/p>\n","protected":false},"author":5,"featured_media":51213,"comment_status":"open","ping_status":"closed","sticky":false,"template":"","format":"standard","meta":{"_acf_changed":false,"_editorskit_title_hidden":false,"_editorskit_reading_time":0,"_editorskit_is_block_options_detached":false,"_editorskit_block_options_position":"{}","_gspb_post_css":"","_crdt_document":"","ngg_post_thumbnail":0,"footnotes":""},"categories":[306],"tags":[309],"class_list":["post-51214","post","type-post","status-publish","format-standard","has-post-thumbnail","hentry","category-program-2020","tag-drago-diklic"],"blocksy_meta":[],"acf":[],"_links":{"self":[{"href":"https:\/\/scenaamadeo.hr\/wordpress\/index.php\/wp-json\/wp\/v2\/posts\/51214","targetHints":{"allow":["GET"]}}],"collection":[{"href":"https:\/\/scenaamadeo.hr\/wordpress\/index.php\/wp-json\/wp\/v2\/posts"}],"about":[{"href":"https:\/\/scenaamadeo.hr\/wordpress\/index.php\/wp-json\/wp\/v2\/types\/post"}],"author":[{"embeddable":true,"href":"https:\/\/scenaamadeo.hr\/wordpress\/index.php\/wp-json\/wp\/v2\/users\/5"}],"replies":[{"embeddable":true,"href":"https:\/\/scenaamadeo.hr\/wordpress\/index.php\/wp-json\/wp\/v2\/comments?post=51214"}],"version-history":[{"count":0,"href":"https:\/\/scenaamadeo.hr\/wordpress\/index.php\/wp-json\/wp\/v2\/posts\/51214\/revisions"}],"wp:featuredmedia":[{"embeddable":true,"href":"https:\/\/scenaamadeo.hr\/wordpress\/index.php\/wp-json\/wp\/v2\/media\/51213"}],"wp:attachment":[{"href":"https:\/\/scenaamadeo.hr\/wordpress\/index.php\/wp-json\/wp\/v2\/media?parent=51214"}],"wp:term":[{"taxonomy":"category","embeddable":true,"href":"https:\/\/scenaamadeo.hr\/wordpress\/index.php\/wp-json\/wp\/v2\/categories?post=51214"},{"taxonomy":"post_tag","embeddable":true,"href":"https:\/\/scenaamadeo.hr\/wordpress\/index.php\/wp-json\/wp\/v2\/tags?post=51214"}],"curies":[{"name":"wp","href":"https:\/\/api.w.org\/{rel}","templated":true}]}}