{"id":51190,"date":"2019-06-04T07:39:14","date_gmt":"2019-06-04T07:39:14","guid":{"rendered":"https:\/\/scenaamadeo.hr\/wordpress\/index.php\/2019\/06\/04\/nedjelja-21-07-2019-21-00-andreja-rundek-fticeki\/"},"modified":"2019-06-04T07:39:14","modified_gmt":"2019-06-04T07:39:14","slug":"nedjelja-21-07-2019-21-00-andreja-rundek-fticeki","status":"publish","type":"post","link":"https:\/\/scenaamadeo.hr\/wordpress\/index.php\/2019\/06\/04\/nedjelja-21-07-2019-21-00-andreja-rundek-fticeki\/","title":{"rendered":"Nedjelja, 21.07.2019. \/ 21:00 \/ Andreja, Rundek &#038; Fti\u010deki"},"content":{"rendered":"<p>Iako znamo da Rundek na koncertima voli pjevati me\u0111imursku narodnu \u201cLjubav se ne tr\u017ei\u201c, \u201cMura Mura\u201c nije samo ljubavno pismo Me\u0111imurju, nego su Andreja, Rundek i Ekipa dotakli tragiku \u201cMarble Index\u201d Nico, muzi\u010dke postupke Toma Waitsa u njegovoj avangardnoj fazi i ju\u017enja\u010dku mistiku Dr. Johna daju\u0107i jo\u0161 jedan argument staroj tvrdnji da je glazba univerzalni jezik. Instrumentalne dionice su te\u0161ke, tmaste, enigmati\u010dne, zaku\u010daste, na momente preduge, ali ako se idu kratiti \u2013 \u201cto vi\u0161e nije to\u201d.<\/p>\n<p>Ovaj album su na svojim ple\u0107ima iznijeli Andreja Kurelec Ko\u0161avi\u0107 (vokal), Darko Rundek (gitara\/bas\/vokal), Igor Pavlica (truba), Silvio Bo\u010di\u0107 (bubnjevi\/gitara), Ana Kova\u010di\u0107 (saksofon), Roko Crni\u0107 (kontrabas), Miro Manojlovi\u0107 (vibrafon\/udaraljke), Nata\u0161a Radu\u0161i\u0107 (mandolina) i Marko First (violina). <strong>Ovo nije klasi\u010dan solo-album Darka Rundeka, ve\u0107 je on sportskim rje\u010dnikom re\u010deno, \u201cigra\u010d iz dubine\u201d, muzi\u010dki direktor koji se brine da sve funkcionira kako spada<\/strong>.<\/p>\n<p>Darko je o\u010dito na\u0161ao sebi srodne du\u0161e ako znamo da je <strong>album nastao vrlo brzo, snimljen je spontano u roku od par dana, \u0161to govori o jakoj kemiji me\u0111u muzi\u010darima<\/strong>. Andreja se nametnula kao prepoznatljiva frontwoman koja ne pati od treme \u0161to su joj poznatiji muzi\u010dari prepustili mjesto glavnog vokala. Od visokog prosjeka albuma odska\u010du \u201cVuprem o\u010di\u201d koja je vi\u0161e doom nego folk i zastra\u0161uju\u0107i devetominutni komad od naslovne pjesme koja i zaklju\u010duje ovu kolekciju i koja pokazuje koliko su se Rundek, Andreja i Ekipa u to dali bez ikakve fige u d\u017eepu.<\/p>\n<p>&nbsp;<\/p>\n<p>U slu\u010daju ki\u0161e koncert \u0107e se odr\u017eati u ponedjeljak, 22.07. u 21:00 sat.<\/p>\n<p style=\"text-align: right;\">&nbsp;<\/p>\n<p><strong><span style=\"color: #ff0000;\">CIJENA ULAZNICE: 90,00 HRK<\/span><\/strong><\/p>\n<p>&nbsp;<\/p>\n<h3>&nbsp;<\/h3>\n<p>[yt_columns grid=&#8221;yes&#8221; ] [yt_columns_item col=&#8221;6&#8243; offset=&#8221;0&#8243; ]<\/p>\n<h3>&nbsp;<\/h3>\n<p>[\/yt_columns_item] [yt_columns_item col=&#8221;6&#8243; offset=&#8221;0&#8243; ]<\/p>\n<p>&nbsp;<\/p>\n<p>[\/yt_columns_item]<\/p>\n<p>&nbsp;<\/p>\n<p>[yt_divider style=&#8221;1&#8243; color=&#8221;#999&#8243; align=&#8221;center&#8221; bottom_top=&#8221;0&#8243; width=&#8221;100&#8243; icon_divider=&#8221;&#8221; icon_color=&#8221;#444&#8243; icon_style=&#8221;1&#8243; icon_align=&#8221;center&#8221; icon_size=&#8221;24&#8243; margin_top=&#8221;30&#8243; margin_bottom=&#8221;10&#8243; text=&#8221;&#8221; ]<\/p>\n","protected":false},"excerpt":{"rendered":"<p><strong>Mura, Mura&#8230;<br \/><\/strong><\/p>\n<p>&nbsp;<\/p>\n<hr \/>\n<p><strong><span style=\"color: #ff0000;\">Atrij Hrvatskoga prirodoslovnog muzeja, Demetrova 1, Gornji grad<\/span><\/strong><\/p>\n","protected":false},"author":5,"featured_media":51189,"comment_status":"open","ping_status":"closed","sticky":false,"template":"","format":"standard","meta":{"_acf_changed":false,"_editorskit_title_hidden":false,"_editorskit_reading_time":0,"_editorskit_is_block_options_detached":false,"_editorskit_block_options_position":"{}","_gspb_post_css":"","_crdt_document":"","ngg_post_thumbnail":0,"footnotes":""},"categories":[305],"tags":[],"class_list":["post-51190","post","type-post","status-publish","format-standard","has-post-thumbnail","hentry","category-program2018-2"],"blocksy_meta":[],"acf":[],"_links":{"self":[{"href":"https:\/\/scenaamadeo.hr\/wordpress\/index.php\/wp-json\/wp\/v2\/posts\/51190","targetHints":{"allow":["GET"]}}],"collection":[{"href":"https:\/\/scenaamadeo.hr\/wordpress\/index.php\/wp-json\/wp\/v2\/posts"}],"about":[{"href":"https:\/\/scenaamadeo.hr\/wordpress\/index.php\/wp-json\/wp\/v2\/types\/post"}],"author":[{"embeddable":true,"href":"https:\/\/scenaamadeo.hr\/wordpress\/index.php\/wp-json\/wp\/v2\/users\/5"}],"replies":[{"embeddable":true,"href":"https:\/\/scenaamadeo.hr\/wordpress\/index.php\/wp-json\/wp\/v2\/comments?post=51190"}],"version-history":[{"count":0,"href":"https:\/\/scenaamadeo.hr\/wordpress\/index.php\/wp-json\/wp\/v2\/posts\/51190\/revisions"}],"wp:featuredmedia":[{"embeddable":true,"href":"https:\/\/scenaamadeo.hr\/wordpress\/index.php\/wp-json\/wp\/v2\/media\/51189"}],"wp:attachment":[{"href":"https:\/\/scenaamadeo.hr\/wordpress\/index.php\/wp-json\/wp\/v2\/media?parent=51190"}],"wp:term":[{"taxonomy":"category","embeddable":true,"href":"https:\/\/scenaamadeo.hr\/wordpress\/index.php\/wp-json\/wp\/v2\/categories?post=51190"},{"taxonomy":"post_tag","embeddable":true,"href":"https:\/\/scenaamadeo.hr\/wordpress\/index.php\/wp-json\/wp\/v2\/tags?post=51190"}],"curies":[{"name":"wp","href":"https:\/\/api.w.org\/{rel}","templated":true}]}}