{"id":51184,"date":"2019-06-04T07:06:34","date_gmt":"2019-06-04T07:06:34","guid":{"rendered":"https:\/\/scenaamadeo.hr\/wordpress\/index.php\/2019\/06\/04\/utorak-16-07-2019-21-00-petrit-ceku\/"},"modified":"2019-06-04T07:06:34","modified_gmt":"2019-06-04T07:06:34","slug":"utorak-16-07-2019-21-00-petrit-ceku","status":"publish","type":"post","link":"https:\/\/scenaamadeo.hr\/wordpress\/index.php\/2019\/06\/04\/utorak-16-07-2019-21-00-petrit-ceku\/","title":{"rendered":"Utorak, 16.07.2019. \/ 21:00 \/ Petrit Ceku"},"content":{"rendered":"<p>Moja ljubav prema gitari se pojavila prije nego \u0161to sam uspio razmi\u0161ljati o tome. Kad je do\u0161ao trenutak za odabir struke, ja sam ve\u0107 bio stru\u010dnjak na gitari. Moj pokojni otac je sjajno svirao gitaru i vrlo rano me nau\u010dio prvim skladbama. Imao sam nezasitnu potrebu za glazbom. Mislim da svi ljudi vole glazbu; doista do sada nisam sreo nikoga da ne voli glazbu. Me\u0111utim, da biste se bavili ovim poslom solista na instrumentu, morate imati \u017ee\u0111 za glazbom koja je potpuno izvan kontrole. Tu opsesiju prema glazbi je apsolutno nemogu\u0107e objasniti, ali se mo\u017ee eventualno osjetiti na koncertu u\u017eivo.\u201c<\/p>\n<p>U slu\u010daju ki\u0161e koncert \u0107e se odr\u017eati u Muzeju Mimara.<\/p>\n<p style=\"text-align: right;\">&nbsp;<\/p>\n<p><strong><span style=\"color: #ff0000;\">CIJENA ULAZNICE: 110,00 HRK<\/span><\/strong><\/p>\n<p>&nbsp;<\/p>\n<h3>&nbsp;<\/h3>\n<p>[yt_columns grid=&#8221;yes&#8221; ] [yt_columns_item col=&#8221;6&#8243; offset=&#8221;0&#8243; ]<\/p>\n<h3>&nbsp;<\/h3>\n<p>[\/yt_columns_item] [yt_columns_item col=&#8221;6&#8243; offset=&#8221;0&#8243; ]<\/p>\n<p>&nbsp;<\/p>\n<p>[\/yt_columns_item]<\/p>\n<p>&nbsp;<\/p>\n<p>[yt_divider style=&#8221;1&#8243; color=&#8221;#999&#8243; align=&#8221;center&#8221; bottom_top=&#8221;0&#8243; width=&#8221;100&#8243; icon_divider=&#8221;&#8221; icon_color=&#8221;#444&#8243; icon_style=&#8221;1&#8243; icon_align=&#8221;center&#8221; icon_size=&#8221;24&#8243; margin_top=&#8221;30&#8243; margin_bottom=&#8221;10&#8243; text=&#8221;&#8221; ]<\/p>\n","protected":false},"excerpt":{"rendered":"<p><strong>Solisti\u010dki recital<br \/><\/strong><\/p>\n<p>Program: J. Haydn; F. Schubert; A. Barrios; A. Piazzolla<\/p>\n<hr \/>\n<p><strong><span style=\"color: #ff0000;\">Atrij Hrvatskoga prirodoslovnog muzeja, Demetrova 1, Gornji grad<\/span><\/strong><\/p>\n","protected":false},"author":5,"featured_media":51183,"comment_status":"open","ping_status":"closed","sticky":false,"template":"","format":"standard","meta":{"_acf_changed":false,"_editorskit_title_hidden":false,"_editorskit_reading_time":0,"_editorskit_is_block_options_detached":false,"_editorskit_block_options_position":"{}","_gspb_post_css":"","_crdt_document":"","ngg_post_thumbnail":0,"footnotes":""},"categories":[305],"tags":[],"class_list":["post-51184","post","type-post","status-publish","format-standard","has-post-thumbnail","hentry","category-program2018-2"],"blocksy_meta":[],"acf":[],"_links":{"self":[{"href":"https:\/\/scenaamadeo.hr\/wordpress\/index.php\/wp-json\/wp\/v2\/posts\/51184","targetHints":{"allow":["GET"]}}],"collection":[{"href":"https:\/\/scenaamadeo.hr\/wordpress\/index.php\/wp-json\/wp\/v2\/posts"}],"about":[{"href":"https:\/\/scenaamadeo.hr\/wordpress\/index.php\/wp-json\/wp\/v2\/types\/post"}],"author":[{"embeddable":true,"href":"https:\/\/scenaamadeo.hr\/wordpress\/index.php\/wp-json\/wp\/v2\/users\/5"}],"replies":[{"embeddable":true,"href":"https:\/\/scenaamadeo.hr\/wordpress\/index.php\/wp-json\/wp\/v2\/comments?post=51184"}],"version-history":[{"count":0,"href":"https:\/\/scenaamadeo.hr\/wordpress\/index.php\/wp-json\/wp\/v2\/posts\/51184\/revisions"}],"wp:featuredmedia":[{"embeddable":true,"href":"https:\/\/scenaamadeo.hr\/wordpress\/index.php\/wp-json\/wp\/v2\/media\/51183"}],"wp:attachment":[{"href":"https:\/\/scenaamadeo.hr\/wordpress\/index.php\/wp-json\/wp\/v2\/media?parent=51184"}],"wp:term":[{"taxonomy":"category","embeddable":true,"href":"https:\/\/scenaamadeo.hr\/wordpress\/index.php\/wp-json\/wp\/v2\/categories?post=51184"},{"taxonomy":"post_tag","embeddable":true,"href":"https:\/\/scenaamadeo.hr\/wordpress\/index.php\/wp-json\/wp\/v2\/tags?post=51184"}],"curies":[{"name":"wp","href":"https:\/\/api.w.org\/{rel}","templated":true}]}}