{"id":51178,"date":"2019-06-04T06:29:17","date_gmt":"2019-06-04T06:29:17","guid":{"rendered":"https:\/\/scenaamadeo.hr\/wordpress\/index.php\/2019\/06\/04\/petak-12-07-2019-21-00-humanitarni-koncert-korak-u-zivot-aljosa-jurinic\/"},"modified":"2019-06-04T06:29:17","modified_gmt":"2019-06-04T06:29:17","slug":"petak-12-07-2019-21-00-humanitarni-koncert-korak-u-zivot-aljosa-jurinic","status":"publish","type":"post","link":"https:\/\/scenaamadeo.hr\/wordpress\/index.php\/2019\/06\/04\/petak-12-07-2019-21-00-humanitarni-koncert-korak-u-zivot-aljosa-jurinic\/","title":{"rendered":"Petak, 12.07.2019. \/ 21:00 \/ Humanitarni koncert \u201eKorak u \u017eivot\u201c \u2013 Aljo\u0161a Jurini\u0107 &#8211; SVAKI KUPAC ULAZNICE DOBIVA NA POKLON  ORIGINALNU GRAFIKU SLIKARA VATROSLAVA KULI\u0160A!"},"content":{"rendered":"<p>U Hrvatskoj svake godine 200-tinjak djece bez odgovaraju\u0107e roditeljske skrbi iz dje\u010djih domova i udomiteljskih obitelji zavr\u0161ava srednju \u0161kolu, a ponekad \u010dak i namjerno padaju \u010detvrti razred srednje \u0161kole, jer strahuju kako dalje. Upravo je iz tog razloga Rotary club Zagreb Kaptol pokrenuo jednu od najuspje\u0161nijih i najdugovje\u010dnijih humanitarnih akcija &#8211; Korak u \u017eivot. Akcija je zapo\u010dela 2008. godine te se od tada svake godine osiguravaju stipendije za mlade ljude koji po zavr\u0161etku srednje \u0161kole moraju napustiti domove za nezbrinutu djecu i udomiteljske obitelji, a koji imaju \u017eelju, no ne i mogu\u0107nosti, nastaviti fakultetsko obrazovanje. Od po\u010detka akcije osigurana su sredstva za vi\u0161e od 200 stipendija, a uz Rotary club Zagreb Kaptol, u akciju su uklju\u010dene najve\u0107e hrvatske kompanije. Uz njih, svojim su aktivnim sudjelovanjem akciju podr\u017eala i mnoga imena hrvatskog sporta, glazbe i kulture.<\/p>\n<p><strong>Na koncertu 12. srpnja svoj doprinos akciji, sa svojim gostima dat \u0107e velika pijanisti\u010dka zvijezda Aljo\u0161a Jurini\u0107 sa svojim&nbsp; gostima, Marcom&nbsp; Grazianijem na violini, Hiwote Tadesse na violi, i Aljom Mandi\u010d Faganel na violon\u010delu.<\/strong><\/p>\n<p>&nbsp;<\/p>\n<p>U slu\u010daju ki\u0161e koncert \u0107e se odr\u017eati u subotu, 13.07. u 21:00 sat.<\/p>\n<p><strong><span style=\"color: #ff0000;\">SVAKI KUPAC ULAZNICE DOBIVA NA POKLON&nbsp;ORIGINALNU GRAFIKU SLIKARA VATROSLAVA KULI\u0160A!&nbsp;<\/span><\/strong><\/p>\n<p><strong><span style=\"color: #ff0000;\">CIJENA ULAZNICE: 150,00 HRK<\/span><\/strong><\/p>\n<p>&nbsp;<\/p>\n<h3>&nbsp;<\/h3>\n<p>[yt_columns grid=&#8221;yes&#8221; ] [yt_columns_item col=&#8221;6&#8243; offset=&#8221;0&#8243; ]<\/p>\n<h3>&nbsp;<\/h3>\n<p>[\/yt_columns_item] [yt_columns_item col=&#8221;6&#8243; offset=&#8221;0&#8243; ]<\/p>\n<p>&nbsp;<\/p>\n<p>[\/yt_columns_item]<\/p>\n<p>&nbsp;<\/p>\n<p>[yt_divider style=&#8221;1&#8243; color=&#8221;#999&#8243; align=&#8221;center&#8221; bottom_top=&#8221;0&#8243; width=&#8221;100&#8243; icon_divider=&#8221;&#8221; icon_color=&#8221;#444&#8243; icon_style=&#8221;1&#8243; icon_align=&#8221;center&#8221; icon_size=&#8221;24&#8243; margin_top=&#8221;30&#8243; margin_bottom=&#8221;10&#8243; text=&#8221;&#8221; ]<\/p>\n","protected":false},"excerpt":{"rendered":"<p><strong>Korak u \u017eivot, najuspje\u0161nija i najdugovje\u010dnija humanitarna akcija<br \/><\/strong><\/p>\n<p>Aljo\u0161a Jurini\u0107, klavir<\/p>\n<p>Gosti: Marco Graziani, violina, Hiwote Tadesse, viola, Alja Mandi\u010d Faganel, violon\u010delo<\/p>\n<hr \/>\n<p><strong><span style=\"color: #ff0000;\">Atrij <\/span><\/strong><\/p>\n","protected":false},"author":5,"featured_media":51177,"comment_status":"open","ping_status":"closed","sticky":false,"template":"","format":"standard","meta":{"_acf_changed":false,"_editorskit_title_hidden":false,"_editorskit_reading_time":0,"_editorskit_is_block_options_detached":false,"_editorskit_block_options_position":"{}","_gspb_post_css":"","_crdt_document":"","ngg_post_thumbnail":0,"footnotes":""},"categories":[305],"tags":[],"class_list":["post-51178","post","type-post","status-publish","format-standard","has-post-thumbnail","hentry","category-program2018-2"],"blocksy_meta":[],"acf":[],"_links":{"self":[{"href":"https:\/\/scenaamadeo.hr\/wordpress\/index.php\/wp-json\/wp\/v2\/posts\/51178","targetHints":{"allow":["GET"]}}],"collection":[{"href":"https:\/\/scenaamadeo.hr\/wordpress\/index.php\/wp-json\/wp\/v2\/posts"}],"about":[{"href":"https:\/\/scenaamadeo.hr\/wordpress\/index.php\/wp-json\/wp\/v2\/types\/post"}],"author":[{"embeddable":true,"href":"https:\/\/scenaamadeo.hr\/wordpress\/index.php\/wp-json\/wp\/v2\/users\/5"}],"replies":[{"embeddable":true,"href":"https:\/\/scenaamadeo.hr\/wordpress\/index.php\/wp-json\/wp\/v2\/comments?post=51178"}],"version-history":[{"count":0,"href":"https:\/\/scenaamadeo.hr\/wordpress\/index.php\/wp-json\/wp\/v2\/posts\/51178\/revisions"}],"wp:featuredmedia":[{"embeddable":true,"href":"https:\/\/scenaamadeo.hr\/wordpress\/index.php\/wp-json\/wp\/v2\/media\/51177"}],"wp:attachment":[{"href":"https:\/\/scenaamadeo.hr\/wordpress\/index.php\/wp-json\/wp\/v2\/media?parent=51178"}],"wp:term":[{"taxonomy":"category","embeddable":true,"href":"https:\/\/scenaamadeo.hr\/wordpress\/index.php\/wp-json\/wp\/v2\/categories?post=51178"},{"taxonomy":"post_tag","embeddable":true,"href":"https:\/\/scenaamadeo.hr\/wordpress\/index.php\/wp-json\/wp\/v2\/tags?post=51178"}],"curies":[{"name":"wp","href":"https:\/\/api.w.org\/{rel}","templated":true}]}}