{"id":51174,"date":"2019-06-04T06:17:30","date_gmt":"2019-06-04T06:17:30","guid":{"rendered":"https:\/\/scenaamadeo.hr\/wordpress\/index.php\/2019\/06\/04\/srijeda-10-07-2019-21-00-damjan-krajacic-kvartet\/"},"modified":"2019-06-04T06:17:30","modified_gmt":"2019-06-04T06:17:30","slug":"srijeda-10-07-2019-21-00-damjan-krajacic-kvartet","status":"publish","type":"post","link":"https:\/\/scenaamadeo.hr\/wordpress\/index.php\/2019\/06\/04\/srijeda-10-07-2019-21-00-damjan-krajacic-kvartet\/","title":{"rendered":"Srijeda, 10.07.2019. \/ 21:00 \/ Damjan Kraja\u010di\u0107 Kvartet"},"content":{"rendered":"<p>Damjan Kraja\u010di\u0107, zagreba\u010dki skladatelj i flautist sa prebivali\u0161tem u Los Angelesu, zajedno sa basistom Goranom Dela\u010dem, vibrafonistom \u0160imunon Mati\u0161i\u0107em, te bunjarom Krunoslavom Leva\u010di\u0107em, predstavljaju program intenzivne jazz glazbe.&nbsp;Kraja\u010di\u0107eve skladbe karakterizirane su jazz i klasi\u010dnom senzibilno\u0161\u0107u, ritmovima nadahnutim isto\u010dnoeuropskim, latino i svjetskim folklorom, te naglaskom na slobodi i improvizaciji.<\/p>\n<p>\u201cKraja\u010di\u0107 se izra\u017eava iznimno lako, uspje\u0161no gradi vlastiti stil kojim odlikuje prisnost, intenzitet, kvaliteta i profinjenost zvuka, blaga, topla i zaobljena sonornost, \u010dista intonacija, dojmljiva i gipka fraza, profinjeno izmjenjivanje blagosti i o\u0161trine, lirizam, te ustrajavanje na melodijskoj strukturi. Sna\u017ean je i \u017eestok u brzom tempu, dok u sporijem posti\u017ee dojmljiv i introvertiraniji lirizam. Improvizacije su mu nadahnute, poletne i rafinirane. Na jednak na\u010din su karakterizirane i Kraja\u010di\u0107eve skladbe &#8211; emotivno intenzivne, duboke, profinjene, ali jednako tako i poletne i sna\u017ene.\u201c&nbsp;<\/p>\n<p style=\"text-align: right;\">Iz magazina \u201eCantus\u201c&nbsp;<\/p>\n<p>&nbsp;<\/p>\n<p>U slu\u010daju ki\u0161e koncert \u0107e se odr\u017eati u Jazz &amp; Cabaret clubu Kontesa , Ul. Augusta Cesarca.<\/p>\n<p><strong><span style=\"color: #ff0000;\">CIJENA ULAZNICE: 70,00 HRK<\/span><\/strong><\/p>\n<p>&nbsp;<\/p>\n<h3>&nbsp;<\/h3>\n<p>[yt_columns grid=&#8221;yes&#8221; ] [yt_columns_item col=&#8221;6&#8243; offset=&#8221;0&#8243; ]<\/p>\n<h3>&nbsp;<\/h3>\n<p>[\/yt_columns_item] [yt_columns_item col=&#8221;6&#8243; offset=&#8221;0&#8243; ]<\/p>\n<p>&nbsp;<\/p>\n<p>[\/yt_columns_item]<\/p>\n<p>&nbsp;<\/p>\n<p>[yt_divider style=&#8221;1&#8243; color=&#8221;#999&#8243; align=&#8221;center&#8221; bottom_top=&#8221;0&#8243; width=&#8221;100&#8243; icon_divider=&#8221;&#8221; icon_color=&#8221;#444&#8243; icon_style=&#8221;1&#8243; icon_align=&#8221;center&#8221; icon_size=&#8221;24&#8243; margin_top=&#8221;30&#8243; margin_bottom=&#8221;10&#8243; text=&#8221;&#8221; ]<\/p>\n","protected":false},"excerpt":{"rendered":"<p><strong>Nastupaju: Damjan Kraja\u010di\u0107, flauta; \u0160imun Mati\u0161i\u0107, vibrafon; Goran Dela\u010d, bas; Krunoslav Leva\u010di\u0107, bubnjevi<br \/><\/strong><\/p>\n<p>&nbsp;<\/p>\n<hr \/>\n<p><strong><span style=\"color: #ff0000;\">Atrij Hrvatskoga prirodoslovnog muzeja, Demetrova 1, Gornji grad<\/span><\/strong><\/p>\n","protected":false},"author":5,"featured_media":51173,"comment_status":"open","ping_status":"closed","sticky":false,"template":"","format":"standard","meta":{"_acf_changed":false,"_editorskit_title_hidden":false,"_editorskit_reading_time":0,"_editorskit_is_block_options_detached":false,"_editorskit_block_options_position":"{}","_gspb_post_css":"","_crdt_document":"","ngg_post_thumbnail":0,"footnotes":""},"categories":[305],"tags":[],"class_list":["post-51174","post","type-post","status-publish","format-standard","has-post-thumbnail","hentry","category-program2018-2"],"blocksy_meta":[],"acf":[],"_links":{"self":[{"href":"https:\/\/scenaamadeo.hr\/wordpress\/index.php\/wp-json\/wp\/v2\/posts\/51174","targetHints":{"allow":["GET"]}}],"collection":[{"href":"https:\/\/scenaamadeo.hr\/wordpress\/index.php\/wp-json\/wp\/v2\/posts"}],"about":[{"href":"https:\/\/scenaamadeo.hr\/wordpress\/index.php\/wp-json\/wp\/v2\/types\/post"}],"author":[{"embeddable":true,"href":"https:\/\/scenaamadeo.hr\/wordpress\/index.php\/wp-json\/wp\/v2\/users\/5"}],"replies":[{"embeddable":true,"href":"https:\/\/scenaamadeo.hr\/wordpress\/index.php\/wp-json\/wp\/v2\/comments?post=51174"}],"version-history":[{"count":0,"href":"https:\/\/scenaamadeo.hr\/wordpress\/index.php\/wp-json\/wp\/v2\/posts\/51174\/revisions"}],"wp:featuredmedia":[{"embeddable":true,"href":"https:\/\/scenaamadeo.hr\/wordpress\/index.php\/wp-json\/wp\/v2\/media\/51173"}],"wp:attachment":[{"href":"https:\/\/scenaamadeo.hr\/wordpress\/index.php\/wp-json\/wp\/v2\/media?parent=51174"}],"wp:term":[{"taxonomy":"category","embeddable":true,"href":"https:\/\/scenaamadeo.hr\/wordpress\/index.php\/wp-json\/wp\/v2\/categories?post=51174"},{"taxonomy":"post_tag","embeddable":true,"href":"https:\/\/scenaamadeo.hr\/wordpress\/index.php\/wp-json\/wp\/v2\/tags?post=51174"}],"curies":[{"name":"wp","href":"https:\/\/api.w.org\/{rel}","templated":true}]}}