{"id":51168,"date":"2019-06-03T12:44:13","date_gmt":"2019-06-03T12:44:13","guid":{"rendered":"https:\/\/scenaamadeo.hr\/wordpress\/index.php\/2019\/06\/03\/subota-06-07-2019-21-00-uzalud-je-budim\/"},"modified":"2019-06-03T12:44:13","modified_gmt":"2019-06-03T12:44:13","slug":"subota-06-07-2019-21-00-uzalud-je-budim","status":"publish","type":"post","link":"https:\/\/scenaamadeo.hr\/wordpress\/index.php\/2019\/06\/03\/subota-06-07-2019-21-00-uzalud-je-budim\/","title":{"rendered":"Subota, 06.07.2019. \/ 21:00 \/ Uzalud je budim"},"content":{"rendered":"<p>Dva vrhunska profesionalca \u2013 glumac Rade \u0160erbed\u017eija i gitarist Miroslav Tadi\u0107 \u2013 jo\u0161 \u0107e jednom, ovaj puta zajedno sa sjajnom ameri\u010dkom violinisticom&nbsp; Ivette Holzwarth, udru\u017eiti snage i publici priu\u0161titi \u010daroliju zajedni\u010dkog nastupa na Sceni AMADEO.<\/p>\n<p>Prijateljstvo i poslovna suradnja Rade \u0160erbed\u017eije i Miroslava Tadi\u0107a rezultirala je zapa\u017eenim koncertnim nastupima i dvama albumima: \u00bbImam pjesmu za tebe\u00ab i \u00bbPonekad dolazim, ponekad odlazim\u00ab. Svestrani umjetnik koji je svjetsku slavu stekao ulogama u holivudskim filmovima i gitaristi\u010dki virtuoz ve\u0107 godinama njeguju svoju suradnju, upravo na svojim nastupima s puno strasti prenose vlastitu interpretaciju i emocije i odvode publiku na neo\u010dekivano putovanje kroz omiljene hitove koji publiku ne ostavljaju ravnodu\u0161nom<\/p>\n<p>&nbsp;<\/p>\n<p>U slu\u010daju ki\u0161e koncert \u0107e se odr\u017eati u Kazali\u0161tu KEREMPUH, Ilica 31<\/p>\n<p><strong><span style=\"color: #ff0000;\">CIJENA ULAZNICE: 130,00 HRK<\/span><\/strong><\/p>\n<p>&nbsp;<\/p>\n<h3>&nbsp;<\/h3>\n<p>[yt_columns grid=&#8221;yes&#8221; ] [yt_columns_item col=&#8221;6&#8243; offset=&#8221;0&#8243; ]<\/p>\n<h3>&nbsp;<\/h3>\n<p>[\/yt_columns_item] [yt_columns_item col=&#8221;6&#8243; offset=&#8221;0&#8243; ]<\/p>\n<p>&nbsp;<\/p>\n<p>[\/yt_columns_item]<\/p>\n<p>&nbsp;<\/p>\n<p>[yt_divider style=&#8221;1&#8243; color=&#8221;#999&#8243; align=&#8221;center&#8221; bottom_top=&#8221;0&#8243; width=&#8221;100&#8243; icon_divider=&#8221;&#8221; icon_color=&#8221;#444&#8243; icon_style=&#8221;1&#8243; icon_align=&#8221;center&#8221; icon_size=&#8221;24&#8243; margin_top=&#8221;30&#8243; margin_bottom=&#8221;10&#8243; text=&#8221;&#8221; ]<\/p>\n","protected":false},"excerpt":{"rendered":"<p><strong>Miroslav Tadi\u0107 &amp; Yvette Holzwarth &amp; Rade \u0160erbed\u017eija<br \/><\/strong><\/p>\n<p>&nbsp;<\/p>\n<hr \/>\n<p><strong><span style=\"color: #ff0000;\">Atrij Hrvatskoga prirodoslovnog muzeja, Demetrova 1, Gornji grad<\/span><\/strong><\/p>\n","protected":false},"author":5,"featured_media":51167,"comment_status":"open","ping_status":"closed","sticky":false,"template":"","format":"standard","meta":{"_acf_changed":false,"_editorskit_title_hidden":false,"_editorskit_reading_time":0,"_editorskit_is_block_options_detached":false,"_editorskit_block_options_position":"{}","_gspb_post_css":"","_crdt_document":"","ngg_post_thumbnail":0,"footnotes":""},"categories":[305],"tags":[],"class_list":["post-51168","post","type-post","status-publish","format-standard","has-post-thumbnail","hentry","category-program2018-2"],"blocksy_meta":[],"acf":[],"_links":{"self":[{"href":"https:\/\/scenaamadeo.hr\/wordpress\/index.php\/wp-json\/wp\/v2\/posts\/51168","targetHints":{"allow":["GET"]}}],"collection":[{"href":"https:\/\/scenaamadeo.hr\/wordpress\/index.php\/wp-json\/wp\/v2\/posts"}],"about":[{"href":"https:\/\/scenaamadeo.hr\/wordpress\/index.php\/wp-json\/wp\/v2\/types\/post"}],"author":[{"embeddable":true,"href":"https:\/\/scenaamadeo.hr\/wordpress\/index.php\/wp-json\/wp\/v2\/users\/5"}],"replies":[{"embeddable":true,"href":"https:\/\/scenaamadeo.hr\/wordpress\/index.php\/wp-json\/wp\/v2\/comments?post=51168"}],"version-history":[{"count":0,"href":"https:\/\/scenaamadeo.hr\/wordpress\/index.php\/wp-json\/wp\/v2\/posts\/51168\/revisions"}],"wp:featuredmedia":[{"embeddable":true,"href":"https:\/\/scenaamadeo.hr\/wordpress\/index.php\/wp-json\/wp\/v2\/media\/51167"}],"wp:attachment":[{"href":"https:\/\/scenaamadeo.hr\/wordpress\/index.php\/wp-json\/wp\/v2\/media?parent=51168"}],"wp:term":[{"taxonomy":"category","embeddable":true,"href":"https:\/\/scenaamadeo.hr\/wordpress\/index.php\/wp-json\/wp\/v2\/categories?post=51168"},{"taxonomy":"post_tag","embeddable":true,"href":"https:\/\/scenaamadeo.hr\/wordpress\/index.php\/wp-json\/wp\/v2\/tags?post=51168"}],"curies":[{"name":"wp","href":"https:\/\/api.w.org\/{rel}","templated":true}]}}