{"id":51166,"date":"2019-06-03T11:26:45","date_gmt":"2019-06-03T11:26:45","guid":{"rendered":"https:\/\/scenaamadeo.hr\/wordpress\/index.php\/2019\/06\/03\/srijeda-03-07-2019-21-00-svecano-otvaranje-scene-amadeo\/"},"modified":"2019-06-03T11:26:45","modified_gmt":"2019-06-03T11:26:45","slug":"srijeda-03-07-2019-21-00-svecano-otvaranje-scene-amadeo","status":"publish","type":"post","link":"https:\/\/scenaamadeo.hr\/wordpress\/index.php\/2019\/06\/03\/srijeda-03-07-2019-21-00-svecano-otvaranje-scene-amadeo\/","title":{"rendered":"KONCERT SE OTKAZUJE RADI BOLESTI IZVO\u0110A\u010cA ! &#8211; Srijeda, 03.07.2019. \/ 21:00 \/ Sve\u010dano otvaranje Scene Amadeo"},"content":{"rendered":"<p>Arsenovi najmiliji Gabi Novak i Matija Dedi\u0107, te \u201cvje\u010dni\u201d Arsenov pijanista Branko Buli\u0107-Bula koncertom AMIGO podsjetit \u0107e nas na velikog glazbenika, pjesnika i kantautora. Od osnutka Scene AMADEO daleke 2000. godine, sve do 04. srpnja 2015. godine kada se posljednji puta popeo na pozornicu koju je toliko volio, Arsen je na njoj odr\u017eao vi\u0161e od 40 koncerata koji su, svaki za sebe, bili sve\u010danost rije\u010di, glazbe i poezije.<\/p>\n<p>\u2026\u201cOp\u0107enito, malo tko nam je za na\u0161ih \u017ealosnih povijesti toliko suza izmamio kao Arsen Dedi\u0107 svojim pjesmama. O, kako se samo plakalo, gdje god se razumijevalo ovaj jezik kao svoj materinji, i kako su samo bili raznoliki razlozi za pla\u010d nad pjesmama Arsena Dedi\u0107a. Kada \u010dujem njegov glas s plo\u010de &#8220;Pjevam pjesnike&#8221; kako pjeva Ujevi\u0107ev &#8220;Odlazak&#8221;, meni se nepogre\u0161ivo pla\u010de, pa se u\u0161utim, uvu\u010dem se u sebe i \u010dekam da pro\u0111u te tri minute. A to je samo jedna od barem dvadeset njegovih pjesama uz koje se ne mo\u017ee ni razgovarati, ni \u0161utjeti, ni biti zajedno, ni biti sam. \u201c<\/p>\n<p style=\"text-align: right;\">Miljenko Jergovi\u0107<\/p>\n<p>U slu\u010daju ki\u0161e koncert \u0107e se odr\u017eati u Kazali\u0161tu KEREMPUH, Ilica 31<\/p>\n<p><strong><span style=\"color: #ff0000;\">CIJENA ULAZNICE: 130,00 HRK<\/span><\/strong><\/p>\n<p>&nbsp;<\/p>\n<h3>&nbsp;<\/h3>\n<p>[yt_columns grid=&#8221;yes&#8221; ] [yt_columns_item col=&#8221;6&#8243; offset=&#8221;0&#8243; ]<\/p>\n<h3>&nbsp;<\/h3>\n<p>[\/yt_columns_item] [yt_columns_item col=&#8221;6&#8243; offset=&#8221;0&#8243; ]<\/p>\n<p>&nbsp;<\/p>\n<p>[\/yt_columns_item]<\/p>\n<p>&nbsp;<\/p>\n<p>[yt_divider style=&#8221;1&#8243; color=&#8221;#999&#8243; align=&#8221;center&#8221; bottom_top=&#8221;0&#8243; width=&#8221;100&#8243; icon_divider=&#8221;&#8221; icon_color=&#8221;#444&#8243; icon_style=&#8221;1&#8243; icon_align=&#8221;center&#8221; icon_size=&#8221;24&#8243; margin_top=&#8221;30&#8243; margin_bottom=&#8221;10&#8243; text=&#8221;&#8221; ]<\/p>\n","protected":false},"excerpt":{"rendered":"<p><strong><em><a href=\"https:\/\/www.scenaamadeo.hr\/hr\/program\/srijeda-03-07-2019-21-00-svecano-otvaranje-scene-amadeo\" moz-do-not-send=\"true\">Srijeda, 03.07.2019. \/ 21:00 \/ Sve\u010dano otvaranje Scene Amadeo <\/a><\/em><\/strong><\/p>\n<p><strong>AMIGO \u2013 ARSENU U SPOMEN<\/strong><\/p>\n<p><em>Gabi, Matija &amp; Bula<\/em><\/p>\n<p><strong><em>KONCERT SE OTKAZUJE RADI BOLESTI IZVO\u0110A\u010cA !<\/em><\/strong><\/p>\n<p>&nbsp;<\/p>\n<p>&nbsp;<\/p>\n<p><strong>AMIGO \u2013 ARSENU U SPOMEN<br \/><\/strong><\/p>\n<p><em>Gabi, Matija &amp; Bula<\/em><\/p>\n<hr \/>\n<p><strong><span style=\"color: #ff0000;\">Atrij Hrvatskoga prirodoslovnog muzeja, Demetrova 1, Gornji grad<\/span><\/strong><\/p>\n","protected":false},"author":5,"featured_media":51165,"comment_status":"open","ping_status":"closed","sticky":false,"template":"","format":"standard","meta":{"_acf_changed":false,"_editorskit_title_hidden":false,"_editorskit_reading_time":0,"_editorskit_is_block_options_detached":false,"_editorskit_block_options_position":"{}","_gspb_post_css":"","_crdt_document":"","ngg_post_thumbnail":0,"footnotes":""},"categories":[305],"tags":[],"class_list":["post-51166","post","type-post","status-publish","format-standard","has-post-thumbnail","hentry","category-program2018-2"],"blocksy_meta":[],"acf":[],"_links":{"self":[{"href":"https:\/\/scenaamadeo.hr\/wordpress\/index.php\/wp-json\/wp\/v2\/posts\/51166","targetHints":{"allow":["GET"]}}],"collection":[{"href":"https:\/\/scenaamadeo.hr\/wordpress\/index.php\/wp-json\/wp\/v2\/posts"}],"about":[{"href":"https:\/\/scenaamadeo.hr\/wordpress\/index.php\/wp-json\/wp\/v2\/types\/post"}],"author":[{"embeddable":true,"href":"https:\/\/scenaamadeo.hr\/wordpress\/index.php\/wp-json\/wp\/v2\/users\/5"}],"replies":[{"embeddable":true,"href":"https:\/\/scenaamadeo.hr\/wordpress\/index.php\/wp-json\/wp\/v2\/comments?post=51166"}],"version-history":[{"count":0,"href":"https:\/\/scenaamadeo.hr\/wordpress\/index.php\/wp-json\/wp\/v2\/posts\/51166\/revisions"}],"wp:featuredmedia":[{"embeddable":true,"href":"https:\/\/scenaamadeo.hr\/wordpress\/index.php\/wp-json\/wp\/v2\/media\/51165"}],"wp:attachment":[{"href":"https:\/\/scenaamadeo.hr\/wordpress\/index.php\/wp-json\/wp\/v2\/media?parent=51166"}],"wp:term":[{"taxonomy":"category","embeddable":true,"href":"https:\/\/scenaamadeo.hr\/wordpress\/index.php\/wp-json\/wp\/v2\/categories?post=51166"},{"taxonomy":"post_tag","embeddable":true,"href":"https:\/\/scenaamadeo.hr\/wordpress\/index.php\/wp-json\/wp\/v2\/tags?post=51166"}],"curies":[{"name":"wp","href":"https:\/\/api.w.org\/{rel}","templated":true}]}}