{"id":51156,"date":"2018-06-04T17:56:45","date_gmt":"2018-06-04T17:56:45","guid":{"rendered":"https:\/\/scenaamadeo.hr\/wordpress\/index.php\/2018\/06\/04\/cetvrtak-19-07-2018-21-00-potrazi-me-u-predgradu\/"},"modified":"2018-06-04T17:56:45","modified_gmt":"2018-06-04T17:56:45","slug":"cetvrtak-19-07-2018-21-00-potrazi-me-u-predgradu","status":"publish","type":"post","link":"https:\/\/scenaamadeo.hr\/wordpress\/index.php\/2018\/06\/04\/cetvrtak-19-07-2018-21-00-potrazi-me-u-predgradu\/","title":{"rendered":"\u010cetvrtak, 19.07.2018. \/ 21:00 \/ Potra\u017ei me u predgra\u0111u"},"content":{"rendered":"<p><strong>Matija Dedi\u0107<\/strong>, danas zasigurno vode\u0107i hrvatski pijanista i jazz glazbenik, koji posljednjih godina svojim brojnim nastupima na svjetskim pozornicama sve vi\u0161e osvaja i me\u0111unarodnu glazbenu scenu i&nbsp; <strong>Merima Klju\u010do<\/strong>, poznata europska i svjetska harmonika\u0161ica, \u010diju je sjajnu interpretaciju publika Scene AMADEO imala prilike slu\u0161ati na njenim nezaboravnim koncertima sa Miroslavom Tadi\u0107em i na hrvatskoj praizvedbi njenog glazbenog dragulja, Sarajevske Hagade predstavljaju se zagreba\u010dkoj publici koncertom Potra\u017ei me u predgra\u0111u.<\/p>\n<p>Na koncertu publici \u0107e, izme\u0111u ostalih,&nbsp; predstaviti skladbe s albuma Male ljubavi (susreti) koji je nagra\u0111en ovogodi\u0161njom nagradom Porin za najbolji instrumentalni album (izvan klasi\u010dne i jazz glazbe) te najbolju instrumentalnu izvedbu (izvan klasi\u010dne i jazz glazbe) za pjesmu \u201cPotra\u017ei me u predgra\u0111u\u201d.<\/p>\n<p>Na repertoaru koncerta na\u0107i \u0107e se, izme\u0111u ostalih,&nbsp; i jedanaest skladbi s tog albuma &#8211; interpretacije klasika Arsena Dedi\u0107a \u201eOdlazak\u201c, \u201eOtkako te ne volim\u201c, \u201eVra\u0107am se\u201c \u201e0&nbsp; mladosti\u201c i \u201e\u0160to me \u010dini sretnom\u201c, zatim Gibonnijev \u201eDivji cvit\u201c, \u201eNije htjela\u201c Kemala Montena, tradicionalne \u201e\u0160to te nema\u201c i \u201eKradem ti se u ve\u010deri\u201c te legendarne skladbe Zdenka Runji\u0107a \u201ePotra\u017ei me u predgra\u0111u\u201c i \u201eMolitva za Magdalenu\u201c\u2026., u jednom sasvim novom ruhu.<\/p>\n<p>U slu\u010daju ki\u0161e koncert \u0107e se odr\u017eati u <strong>petak, 20.07.<\/strong> s po\u010detkom u 21 sat.<\/p>\n<p><strong><span style=\"color: #ff0000;\">CIJENA ULAZNICE: 130,00 HRK<\/span><\/strong><\/p>\n<p>&nbsp;<\/p>\n<h3>Kupite ulaznicu Online:<\/h3>\n<p>[yt_columns grid=&#8221;yes&#8221; ] [yt_columns_item col=&#8221;6&#8243; offset=&#8221;0&#8243; ]<\/p>\n<h3><a href=\"http:\/\/www.eventim.hr\/hr\/ulaznice\/matija-dedic-merima-kljuco-zagreb-hrvatski-prirodoslovni-muzej-495219\/event.html\" target=\"_blank\" rel=\"noopener\"><img loading=\"lazy\" decoding=\"async\" class=\" size-full wp-image-51069\" src=\"https:\/\/scenaamadeo.hr\/wordpress\/wp-content\/uploads\/eventim-51f.png\" width=\"303\" height=\"90\" srcset=\"https:\/\/scenaamadeo.hr\/wordpress\/wp-content\/uploads\/eventim-51f.png 303w, https:\/\/scenaamadeo.hr\/wordpress\/wp-content\/uploads\/eventim-51f-300x89.png 300w\" sizes=\"auto, (max-width: 303px) 100vw, 303px\" \/><\/a><\/h3>\n<p>[\/yt_columns_item] [yt_columns_item col=&#8221;6&#8243; offset=&#8221;0&#8243; ]<\/p>\n<p><a href=\"https:\/\/www.ulaznice.hr\/web\/event\/38\/6216\" target=\"_blank\" rel=\"noopener noreferrer\"><img loading=\"lazy\" decoding=\"async\" class=\" size-full wp-image-51066\" alt=\"ulaznice hr\" src=\"https:\/\/scenaamadeo.hr\/wordpress\/wp-content\/uploads\/ulaznice.hr-d1a.png\" width=\"303\" height=\"91\" srcset=\"https:\/\/scenaamadeo.hr\/wordpress\/wp-content\/uploads\/ulaznice.hr-d1a.png 303w, https:\/\/scenaamadeo.hr\/wordpress\/wp-content\/uploads\/ulaznice.hr-d1a-300x90.png 300w\" sizes=\"auto, (max-width: 303px) 100vw, 303px\" \/><\/a><\/p>\n<p>[\/yt_columns_item]<\/p>\n<p>&nbsp;<\/p>\n<p>[yt_divider style=&#8221;1&#8243; color=&#8221;#999&#8243; align=&#8221;center&#8221; bottom_top=&#8221;0&#8243; width=&#8221;100&#8243; icon_divider=&#8221;&#8221; icon_color=&#8221;#444&#8243; icon_style=&#8221;1&#8243; icon_align=&#8221;center&#8221; icon_size=&#8221;24&#8243; margin_top=&#8221;30&#8243; margin_bottom=&#8221;10&#8243; text=&#8221;&#8221; ]<\/p>\n","protected":false},"excerpt":{"rendered":"<p><strong>Matija Dedi\u0107 &amp; Merima Klju\u010do |&nbsp;<\/strong><em>Potra\u017ei me u predgra\u0111u<\/em><\/p>\n<hr \/>\n<p><strong><span style=\"color: #ff0000;\"><a target=\"_blank\" href=\"http:\/\/hpm.hr\/\" rel=\"noopener noreferrer\" style=\"color: #ff0000;\">Hrvatski prirodoslovni muzej<\/a>, Demetrova 1, Gornji grad \/ atrij muzeja<\/span><\/strong><\/p>\n","protected":false},"author":5,"featured_media":51155,"comment_status":"open","ping_status":"closed","sticky":false,"template":"","format":"standard","meta":{"_acf_changed":false,"_editorskit_title_hidden":false,"_editorskit_reading_time":0,"_editorskit_is_block_options_detached":false,"_editorskit_block_options_position":"{}","_gspb_post_css":"","_crdt_document":"","ngg_post_thumbnail":0,"footnotes":""},"categories":[304],"tags":[],"class_list":["post-51156","post","type-post","status-publish","format-standard","has-post-thumbnail","hentry","category-program2018"],"blocksy_meta":[],"acf":[],"_links":{"self":[{"href":"https:\/\/scenaamadeo.hr\/wordpress\/index.php\/wp-json\/wp\/v2\/posts\/51156","targetHints":{"allow":["GET"]}}],"collection":[{"href":"https:\/\/scenaamadeo.hr\/wordpress\/index.php\/wp-json\/wp\/v2\/posts"}],"about":[{"href":"https:\/\/scenaamadeo.hr\/wordpress\/index.php\/wp-json\/wp\/v2\/types\/post"}],"author":[{"embeddable":true,"href":"https:\/\/scenaamadeo.hr\/wordpress\/index.php\/wp-json\/wp\/v2\/users\/5"}],"replies":[{"embeddable":true,"href":"https:\/\/scenaamadeo.hr\/wordpress\/index.php\/wp-json\/wp\/v2\/comments?post=51156"}],"version-history":[{"count":0,"href":"https:\/\/scenaamadeo.hr\/wordpress\/index.php\/wp-json\/wp\/v2\/posts\/51156\/revisions"}],"wp:featuredmedia":[{"embeddable":true,"href":"https:\/\/scenaamadeo.hr\/wordpress\/index.php\/wp-json\/wp\/v2\/media\/51155"}],"wp:attachment":[{"href":"https:\/\/scenaamadeo.hr\/wordpress\/index.php\/wp-json\/wp\/v2\/media?parent=51156"}],"wp:term":[{"taxonomy":"category","embeddable":true,"href":"https:\/\/scenaamadeo.hr\/wordpress\/index.php\/wp-json\/wp\/v2\/categories?post=51156"},{"taxonomy":"post_tag","embeddable":true,"href":"https:\/\/scenaamadeo.hr\/wordpress\/index.php\/wp-json\/wp\/v2\/tags?post=51156"}],"curies":[{"name":"wp","href":"https:\/\/api.w.org\/{rel}","templated":true}]}}