{"id":51144,"date":"2018-06-04T17:25:29","date_gmt":"2018-06-04T17:25:29","guid":{"rendered":"https:\/\/scenaamadeo.hr\/wordpress\/index.php\/2018\/06\/04\/nedjelja-08-07-2018-21-00-glazbeno-dvoriste-zagrebackih-solista\/"},"modified":"2018-06-04T17:25:29","modified_gmt":"2018-06-04T17:25:29","slug":"nedjelja-08-07-2018-21-00-glazbeno-dvoriste-zagrebackih-solista","status":"publish","type":"post","link":"https:\/\/scenaamadeo.hr\/wordpress\/index.php\/2018\/06\/04\/nedjelja-08-07-2018-21-00-glazbeno-dvoriste-zagrebackih-solista\/","title":{"rendered":"Nedjelja, 08.07.2018. \/ 21:00 \/ Glazbeno dvori\u0161te Zagreba\u010dkih solista"},"content":{"rendered":"<p><strong>Ansambl Zagreba\u010dkih solista<\/strong> osnovan je 1953. godine u okviru Radio Zagreba, pod umjetni\u010dkim vodstvom glasovitoga violon\u010delista Antonija Janigra. Tijekom vi\u0161e od \u0161est desetlje\u0107a \u2013 pod umjetni\u010dkom palicom jednako znamenitih koncertmajstora, poput Dragutina Hrdjoka, Tonka Nini\u0107a, An\u0111elka Krpana i Borivoja Martini\u0107a-Jer\u010di\u0107a \u2013 Zagreba\u010dki solisti odra\u017eavaju kvalitetu muziciranja na zavidnoj razini, a koju redovito prezentiraju i na presti\u017enim svjetskim koncertnim pozornicama. Od 2012. godine Ansambl nastupa uz glasovitoga violinista Sretena Krsti\u0107a kao svojega koncertmajstora, a ujedno i koncertmajstora M\u00fcnchenske filharmonije.<\/p>\n<p><strong>Bruno Philipp<\/strong> prema sudu glazbene kritike jedan je od najistaknutijih predstavnika mla\u0111e generacije hrvatskih klarinetista. Uz diplomu&nbsp;Muzi\u010dke akademije u klasi profesora Milka Pravdi\u0107a 2000. godine, prepoznatljiv&nbsp;umjetni\u010dki izri\u010daj izgradio je na Konzervatoriju u Parizu za vrijeme trogodi\u0161njeg&nbsp;usavr\u0161avanja te na brojnim seminarima kod renomiranih svjetskih klarinetista:&nbsp;M.Arrigonona, W.Boeykensa, A.Paya, A.Brandhofera, T.Friedlia, P.Moraguesa i&nbsp;drugih. Kroz nadahnuto kombiniranje razli\u010ditih \u017eanrova i stilskih razdoblja, njegov solisti\u010dki&nbsp;opus \u010desto zahva\u0107a praizvedbe suvremenih autora od kojih mu je nekolicina posvetila&nbsp;svoja djela: M.Makar, N.Njiri\u0107, J.Magdi\u0107, T.Uhlik, D.Bobi\u0107, O.Jelaska. Sa sastavom Trio Solenza dokazuje se i kao uvjerljiv studijski&nbsp;glazbenik, a 2013. godine u nakladi &#8216;Croatia records&#8217; promovirao je nosa\u010d zvuka&nbsp;&#8216;\u017didovska glazbena ostav\u0161tina u zvuku i rije\u010di&#8217;. Profesor je klarineta i pro\u010delnik duha\u010dkog odsjeka na glazbenoj \u0161koli &#8216;Zlatko&nbsp;Balokovi\u0107&#8217; i&nbsp;vanjski suradnik na &nbsp;glazbenoj \u0161koli &#8216;Vatroslav Lisinski&#8217; u Zagrebu.<\/p>\n<p>U slu\u010daju ki\u0161e koncert \u0107e se odr\u017eati u ponedjeljak, 09.07. s po\u010detkom u 21 sat u dvori\u0161tu pala\u010de Grle\u010di\u0107-Jela\u010di\u0107, Trg sv. Marka 9.<\/p>\n<p><em>Koncert je organiziran uz podr\u0161ku Turisti\u010dke zajednice grada Zagreba<\/em>.<\/p>\n<p><strong><span style=\"color: #ff0000;\">CIJENA ULAZNICE: 90,00 HRK<\/span><\/strong><\/p>\n<p>&nbsp;<\/p>\n<h3>Kupite ulaznicu Online:<\/h3>\n<p>[yt_columns grid=&#8221;yes&#8221; ] [yt_columns_item col=&#8221;6&#8243; offset=&#8221;0&#8243; ]<\/p>\n<h3><a href=\"http:\/\/www.eventim.hr\/hr\/ulaznice\/zagrebacki-solisti-bruno-philipp-zagreb-glazbeno-dvoriste-zagrebackih-solista-495212\/event.html\" target=\"_blank\" rel=\"noopener\"><img loading=\"lazy\" decoding=\"async\" class=\" size-full wp-image-51069\" src=\"https:\/\/scenaamadeo.hr\/wordpress\/wp-content\/uploads\/eventim-51f.png\" width=\"303\" height=\"90\" srcset=\"https:\/\/scenaamadeo.hr\/wordpress\/wp-content\/uploads\/eventim-51f.png 303w, https:\/\/scenaamadeo.hr\/wordpress\/wp-content\/uploads\/eventim-51f-300x89.png 300w\" sizes=\"auto, (max-width: 303px) 100vw, 303px\" \/><\/a><\/h3>\n<p>[\/yt_columns_item] [yt_columns_item col=&#8221;6&#8243; offset=&#8221;0&#8243; ]<\/p>\n<p><a href=\"https:\/\/www.ulaznice.hr\/web\/event\/38\/6210\" target=\"_blank\" rel=\"noopener noreferrer\"><img loading=\"lazy\" decoding=\"async\" class=\" size-full wp-image-51066\" alt=\"ulaznice hr\" src=\"https:\/\/scenaamadeo.hr\/wordpress\/wp-content\/uploads\/ulaznice.hr-d1a.png\" width=\"303\" height=\"91\" srcset=\"https:\/\/scenaamadeo.hr\/wordpress\/wp-content\/uploads\/ulaznice.hr-d1a.png 303w, https:\/\/scenaamadeo.hr\/wordpress\/wp-content\/uploads\/ulaznice.hr-d1a-300x90.png 300w\" sizes=\"auto, (max-width: 303px) 100vw, 303px\" \/><\/a><\/p>\n<p>[\/yt_columns_item]<\/p>\n<p>&nbsp;<\/p>\n<p>[yt_divider style=&#8221;1&#8243; color=&#8221;#999&#8243; align=&#8221;center&#8221; bottom_top=&#8221;0&#8243; width=&#8221;100&#8243; icon_divider=&#8221;&#8221; icon_color=&#8221;#444&#8243; icon_style=&#8221;1&#8243; icon_align=&#8221;center&#8221; icon_size=&#8221;24&#8243; margin_top=&#8221;30&#8243; margin_bottom=&#8221;10&#8243; text=&#8221;&#8221; ]<\/p>\n","protected":false},"excerpt":{"rendered":"<p><strong>Zagreba\u010dki solisti &amp; Bruno Philipp&nbsp; |&nbsp; <\/strong><em>G. Feidman;&nbsp; klezmer tradicionalna; S. Nichifor; Z. Abreu; M. Mores; R. Pansera<\/em><\/p>\n<hr \/>\n<p><span style=\"color: #ff0000;\"><strong>Dvori\u0161te pala\u010de Grle\u010di\u0107-Jela\u010di\u0107, Trg sv. Marka<\/strong><\/span><\/p>\n","protected":false},"author":5,"featured_media":51143,"comment_status":"open","ping_status":"closed","sticky":false,"template":"","format":"standard","meta":{"_acf_changed":false,"_editorskit_title_hidden":false,"_editorskit_reading_time":0,"_editorskit_is_block_options_detached":false,"_editorskit_block_options_position":"{}","_gspb_post_css":"","_crdt_document":"","ngg_post_thumbnail":0,"footnotes":""},"categories":[304],"tags":[],"class_list":["post-51144","post","type-post","status-publish","format-standard","has-post-thumbnail","hentry","category-program2018"],"blocksy_meta":[],"acf":[],"_links":{"self":[{"href":"https:\/\/scenaamadeo.hr\/wordpress\/index.php\/wp-json\/wp\/v2\/posts\/51144","targetHints":{"allow":["GET"]}}],"collection":[{"href":"https:\/\/scenaamadeo.hr\/wordpress\/index.php\/wp-json\/wp\/v2\/posts"}],"about":[{"href":"https:\/\/scenaamadeo.hr\/wordpress\/index.php\/wp-json\/wp\/v2\/types\/post"}],"author":[{"embeddable":true,"href":"https:\/\/scenaamadeo.hr\/wordpress\/index.php\/wp-json\/wp\/v2\/users\/5"}],"replies":[{"embeddable":true,"href":"https:\/\/scenaamadeo.hr\/wordpress\/index.php\/wp-json\/wp\/v2\/comments?post=51144"}],"version-history":[{"count":0,"href":"https:\/\/scenaamadeo.hr\/wordpress\/index.php\/wp-json\/wp\/v2\/posts\/51144\/revisions"}],"wp:featuredmedia":[{"embeddable":true,"href":"https:\/\/scenaamadeo.hr\/wordpress\/index.php\/wp-json\/wp\/v2\/media\/51143"}],"wp:attachment":[{"href":"https:\/\/scenaamadeo.hr\/wordpress\/index.php\/wp-json\/wp\/v2\/media?parent=51144"}],"wp:term":[{"taxonomy":"category","embeddable":true,"href":"https:\/\/scenaamadeo.hr\/wordpress\/index.php\/wp-json\/wp\/v2\/categories?post=51144"},{"taxonomy":"post_tag","embeddable":true,"href":"https:\/\/scenaamadeo.hr\/wordpress\/index.php\/wp-json\/wp\/v2\/tags?post=51144"}],"curies":[{"name":"wp","href":"https:\/\/api.w.org\/{rel}","templated":true}]}}