{"id":51142,"date":"2018-06-04T16:33:49","date_gmt":"2018-06-04T16:33:49","guid":{"rendered":"https:\/\/scenaamadeo.hr\/wordpress\/index.php\/2018\/06\/04\/subota-07-07-2018-21-00-humanitarni-koncert-korak-u-zivot-toni-cetinski\/"},"modified":"2018-06-04T16:33:49","modified_gmt":"2018-06-04T16:33:49","slug":"subota-07-07-2018-21-00-humanitarni-koncert-korak-u-zivot-toni-cetinski","status":"publish","type":"post","link":"https:\/\/scenaamadeo.hr\/wordpress\/index.php\/2018\/06\/04\/subota-07-07-2018-21-00-humanitarni-koncert-korak-u-zivot-toni-cetinski\/","title":{"rendered":"Subota, 07.07.2018. \/ 21:00 \/ Humanitarni koncert \u201eKorak u \u017eivot\u201c Toni Cetinski"},"content":{"rendered":"<p>U Hrvatskoj svake godine 200-tinjak djece bez odgovaraju\u0107e roditeljske skrbi iz dje\u010djih domova i udomiteljskih obitelji zavr\u0161ava srednju \u0161kolu, a ponekad \u010dak i namjerno padaju \u010detvrti razred srednje \u0161kole, jer strahuju kako dalje. Upravo je iz tog razloga<strong> Rotary club Zagreb Kaptol<\/strong> pokrenuo jednu od najuspje\u0161nijih i najdugovje\u010dnijih humanitarnih akcija &#8211; <strong><em><a href=\"https:\/\/www.facebook.com\/korakuzivot\/\">Korak u \u017eivot<\/a><\/em><\/strong><strong><em>.&nbsp;<\/em><\/strong><\/p>\n<p>Akcija je zapo\u010dela<strong> 2008.<\/strong> godine te se od tada svake godine osiguravaju stipendije za mlade ljude koji po zavr\u0161etku srednje \u0161kole moraju napustiti domove za nezbrinutu djecu i udomiteljske obitelji, a koji imaju \u017eelju, no ne i mogu\u0107nosti, nastaviti fakultetsko obrazovanje.<br \/> Od po\u010detka akcije osigurana su sredstva za vi\u0161e od 200 stipendija, a uz Rotary club Zagreb Kaptol, u akciju su uklju\u010dene najve\u0107e hrvatske kompanije. Uz njih, svojim su aktivnim sudjelovanjem akciju podr\u017eala i mnoga imena hrvatskog sporta, glazbe i kulture, me\u0111u kojima su i <strong>Severina, Slaven Bili\u0107, Ivano Bali\u0107, Toni Cetinski, Gordan Ko\u017eulj, Iva \u0160ulenti\u0107, I\u0161tvan Varga, Daniela Trbovi\u0107, Aleksandar Stankovi\u0107, Bojana Gregori\u0107 Vejzovi\u0107 <\/strong>te <strong>Nina Badri\u0107<\/strong>.<\/p>\n<p>Na koncertu 07. srpnja svoj doprinos akciji dat \u0107e \u010dovjek velikog srca i glasa, <strong>Toni Cetinski<\/strong>. Ve\u0107 tradicionalno, poznati hrvatski akademski slikar <strong>Vatroslav Kuli\u0161, <\/strong>svakom kupcu ulaznice za humanitarni koncert poklonit \u0107e svoju potpisanu grafiku.<\/p>\n<p>U me\u0111uvremenu, hrvatska nogometna reprezentacija ostvarila je ogroman sportski uspjeh i prvi put nakon 1998. plasirala se u \u010detvrtfinale Svjetskog prvenstva. Utakmica se odr\u017eava u isto vrijeme kad i koncert, stoga su organizatori posjetiteljima odlu\u010dili pru\u017eiti nezaboravno iskustvo &#8211; utakmicu i koncert! <strong>Ulaz \u0107e biti otvoren od 19:45, a u dru\u0161tvu Tonija Cetinskog, njegovog benda, akademskog slikara Vatroslava Kuli\u0161a i organizatora koncerta, na velikom platnu prikazivat \u0107e se utakmica i navijati za Vatrene!<\/strong> Osim jedinstvenog okru\u017eenja gornjogradske pozornice smje\u0161tene u&nbsp; povijesnom atriju Hrvatskog prirodoslovnog muzeja u Demetrovoj ulici, posjetitelji \u0107e imati i korner s raznovrsnim pi\u0107ima za osvje\u017eenje. Nakon utakmice krenut \u0107e se s koncertom, a navija\u010dki rekviziti su svakako dobrodo\u0161li!<\/p>\n<p>U slu\u010daju ki\u0161e koncert \u0107e se odr\u017eati u kazali\u0161tu Kerempuh s po\u010detkom u 21 sat.<\/p>\n<p><strong><span style=\"color: #ff0000;\">CIJENA ULAZNICE: 180,00 HRK<\/span><\/strong><\/p>\n<p>&nbsp;<\/p>\n<h3>Kupite ulaznicu Online:<\/h3>\n<p>[yt_columns grid=&#8221;yes&#8221; ] [yt_columns_item col=&#8221;6&#8243; offset=&#8221;0&#8243; ]<\/p>\n<h3><a href=\"http:\/\/www.eventim.hr\/hr\/ulaznice\/toni-cetinski-zagreb-hrvatski-prirodoslovni-muzej-495211\/event.html\" target=\"_blank\" rel=\"noopener\"><img loading=\"lazy\" decoding=\"async\" class=\" size-full wp-image-51069\" src=\"https:\/\/scenaamadeo.hr\/wordpress\/wp-content\/uploads\/eventim-51f.png\" width=\"303\" height=\"90\" srcset=\"https:\/\/scenaamadeo.hr\/wordpress\/wp-content\/uploads\/eventim-51f.png 303w, https:\/\/scenaamadeo.hr\/wordpress\/wp-content\/uploads\/eventim-51f-300x89.png 300w\" sizes=\"auto, (max-width: 303px) 100vw, 303px\" \/><\/a><\/h3>\n<p>[\/yt_columns_item] [yt_columns_item col=&#8221;6&#8243; offset=&#8221;0&#8243; ]<\/p>\n<p><a href=\"https:\/\/www.ulaznice.hr\/web\/event\/38\/6212\" target=\"_blank\" rel=\"noopener noreferrer\"><img loading=\"lazy\" decoding=\"async\" class=\" size-full wp-image-51066\" alt=\"ulaznice hr\" src=\"https:\/\/scenaamadeo.hr\/wordpress\/wp-content\/uploads\/ulaznice.hr-d1a.png\" width=\"303\" height=\"91\" srcset=\"https:\/\/scenaamadeo.hr\/wordpress\/wp-content\/uploads\/ulaznice.hr-d1a.png 303w, https:\/\/scenaamadeo.hr\/wordpress\/wp-content\/uploads\/ulaznice.hr-d1a-300x90.png 300w\" sizes=\"auto, (max-width: 303px) 100vw, 303px\" \/><\/a><\/p>\n<p>[\/yt_columns_item]<\/p>\n<p>&nbsp;<\/p>\n<h3>Medijski sponzor:<\/h3>\n<p>&nbsp;<\/p>\n<p><img loading=\"lazy\" decoding=\"async\" class=\" size-full wp-image-51141\" src=\"https:\/\/scenaamadeo.hr\/wordpress\/wp-content\/uploads\/n1-televizija-b6a.jpg\" alt=\"\" width=\"160\" height=\"130\" \/><\/p>\n<p>&nbsp;<\/p>\n<p>[yt_divider style=&#8221;1&#8243; color=&#8221;#999&#8243; align=&#8221;center&#8221; bottom_top=&#8221;0&#8243; width=&#8221;100&#8243; icon_divider=&#8221;&#8221; icon_color=&#8221;#444&#8243; icon_style=&#8221;1&#8243; icon_align=&#8221;center&#8221; icon_size=&#8221;24&#8243; margin_top=&#8221;30&#8243; margin_bottom=&#8221;10&#8243; text=&#8221;&#8221; ]<\/p>\n","protected":false},"excerpt":{"rendered":"<p><strong>TONI CETINSKI |&nbsp;<\/strong><em>Korak u \u017eivot, najuspje\u0161nija i najdugovje\u010dnija humanitarna akcija<\/em><\/p>\n<hr \/>\n<p><strong><span style=\"color: #ff0000;\"><a target=\"_blank\" href=\"http:\/\/hpm.hr\/\" rel=\"noopener noreferrer\" style=\"color: #ff0000;\">Hrvatski prirodoslovni muzej<\/a>, Demetrova 1, Gornji grad \/ atrij muzeja<\/span><\/strong><\/p>\n<p style=\"text-align: center;\"><strong><span style=\"color: #ff0000;\"><em>Zbog velikog uspjeha hrvatske nogometne reprezentacije, organizatori koncerta Tonija Cetinskog, Rotary Club Zagreb &#8211; Kaptol i Scena Amadeo, odlu\u010dili su svim posjetiteljima priu\u0161titi i gledanje \u010detvrfinalnog ogleda izme\u0111u Hrvatske i Rusije!<\/em><\/span><\/strong><\/p>\n","protected":false},"author":5,"featured_media":51140,"comment_status":"open","ping_status":"closed","sticky":false,"template":"","format":"standard","meta":{"_acf_changed":false,"_editorskit_title_hidden":false,"_editorskit_reading_time":0,"_editorskit_is_block_options_detached":false,"_editorskit_block_options_position":"{}","_gspb_post_css":"","_crdt_document":"","ngg_post_thumbnail":0,"footnotes":""},"categories":[304],"tags":[],"class_list":["post-51142","post","type-post","status-publish","format-standard","has-post-thumbnail","hentry","category-program2018"],"blocksy_meta":[],"acf":[],"_links":{"self":[{"href":"https:\/\/scenaamadeo.hr\/wordpress\/index.php\/wp-json\/wp\/v2\/posts\/51142","targetHints":{"allow":["GET"]}}],"collection":[{"href":"https:\/\/scenaamadeo.hr\/wordpress\/index.php\/wp-json\/wp\/v2\/posts"}],"about":[{"href":"https:\/\/scenaamadeo.hr\/wordpress\/index.php\/wp-json\/wp\/v2\/types\/post"}],"author":[{"embeddable":true,"href":"https:\/\/scenaamadeo.hr\/wordpress\/index.php\/wp-json\/wp\/v2\/users\/5"}],"replies":[{"embeddable":true,"href":"https:\/\/scenaamadeo.hr\/wordpress\/index.php\/wp-json\/wp\/v2\/comments?post=51142"}],"version-history":[{"count":0,"href":"https:\/\/scenaamadeo.hr\/wordpress\/index.php\/wp-json\/wp\/v2\/posts\/51142\/revisions"}],"wp:featuredmedia":[{"embeddable":true,"href":"https:\/\/scenaamadeo.hr\/wordpress\/index.php\/wp-json\/wp\/v2\/media\/51140"}],"wp:attachment":[{"href":"https:\/\/scenaamadeo.hr\/wordpress\/index.php\/wp-json\/wp\/v2\/media?parent=51142"}],"wp:term":[{"taxonomy":"category","embeddable":true,"href":"https:\/\/scenaamadeo.hr\/wordpress\/index.php\/wp-json\/wp\/v2\/categories?post=51142"},{"taxonomy":"post_tag","embeddable":true,"href":"https:\/\/scenaamadeo.hr\/wordpress\/index.php\/wp-json\/wp\/v2\/tags?post=51142"}],"curies":[{"name":"wp","href":"https:\/\/api.w.org\/{rel}","templated":true}]}}