{"id":51139,"date":"2018-06-04T16:24:55","date_gmt":"2018-06-04T16:24:55","guid":{"rendered":"https:\/\/scenaamadeo.hr\/wordpress\/index.php\/2018\/06\/04\/utorak-03-07-2018-21-00-cinkusi\/"},"modified":"2018-06-04T16:24:55","modified_gmt":"2018-06-04T16:24:55","slug":"utorak-03-07-2018-21-00-cinkusi","status":"publish","type":"post","link":"https:\/\/scenaamadeo.hr\/wordpress\/index.php\/2018\/06\/04\/utorak-03-07-2018-21-00-cinkusi\/","title":{"rendered":"Utorak, 03.07.2018. \/ 21:00 \/ Cinku\u0161i"},"content":{"rendered":"<p>&nbsp;\u2026.Ba\u0161tinici glazbe podneblja \u010diji zrak udi\u0161u punim plu\u0107ima izvrstan su primjer \u00abprevo\u0111enja\u00bb tradicionalnih pjesama&nbsp; u eksplozivne dijelove punka, freak-folka, briljantnih balada ili suptilnih kombinacija valcera i kabareta s primjesama neo-folk undergrounda. Potpuno su otvoreni za mnoge metamorfoze rocka, psihodelije, jazza, a \u0161uljaju se \u010dak i do skuta ekspresivne komorne glazbe.<\/p>\n<p>\u2026 Novi album\u201cKrava na orehu\u201d zvukom i kvalitetom savr\u0161eno nastavlja dosada\u0161nji opus, koji i dalje ostaju jedinstvenom pojavom na ovda\u0161njoj sceni, nalik bandi obje\u0161enjaka koja s Petricom Kerempuhom pod galgama svojom svirkom ve\u0107 skoro dva desetlje\u0107a odga\u0111a \u010din vje\u0161anja.<\/p>\n<p>\u2026 Svakoga tko zanos \u017eeli osjetiti, Cinku\u0161i vode tamo gdje drugi bendovi ne mogu odvesti. Gdje znoj natapa ko\u0161ulje, gdje bubanj izuva iz \u0161lapa,a bas iz \u010dizmi, gdje mandolina veze potko\u0161ulju, a violina plete pulover, tamo gdje se odjeven \u010dovjek osje\u0107a golim i zadovoljnim, a onaj gol ugodno odjevenim, tamo gdje truba dodaje kraj, a usna harmonika po\u010detak, tamo gdje gitara para i \u0161ije, gdje glasovi re\u017ee i poju, gdje se dan utapa u no\u0107, a svaka pjesma kao da je prva, posljednja i jedina.<\/p>\n<p><em>Nakon koncerta slijedi projekcija dokumentarnog filma THE CINKUSI Ljiljane \u0160i\u0161manovi\u0107.<\/em><\/p>\n<p>U slu\u010daju ki\u0161e koncert \u0107e se odr\u017eati u srijedu, 04.07. s po\u010detkom u 21 sat.<\/p>\n<p><strong><span style=\"color: #ff0000;\">CIJENA ULAZNICE: 50,00 HRK<\/span><\/strong><\/p>\n<p>&nbsp;<\/p>\n<h3>Kupite ulaznicu Online:<\/h3>\n<p>[yt_columns grid=&#8221;yes&#8221; ] [yt_columns_item col=&#8221;6&#8243; offset=&#8221;0&#8243; ]<\/p>\n<h3><a href=\"http:\/\/www.eventim.hr\/hr\/ulaznice\/glazbena-druzina-cinkusi-zagreb-hrvatski-prirodoslovni-muzej-495210\/event.html\" target=\"_blank\" rel=\"noopener\"><img loading=\"lazy\" decoding=\"async\" class=\" size-full wp-image-51069\" src=\"https:\/\/scenaamadeo.hr\/wordpress\/wp-content\/uploads\/eventim-51f.png\" width=\"303\" height=\"90\" srcset=\"https:\/\/scenaamadeo.hr\/wordpress\/wp-content\/uploads\/eventim-51f.png 303w, https:\/\/scenaamadeo.hr\/wordpress\/wp-content\/uploads\/eventim-51f-300x89.png 300w\" sizes=\"auto, (max-width: 303px) 100vw, 303px\" \/><\/a><\/h3>\n<p>[\/yt_columns_item] [yt_columns_item col=&#8221;6&#8243; offset=&#8221;0&#8243; ]<\/p>\n<p><a href=\"https:\/\/www.ulaznice.hr\/web\/event\/38\/6211\" target=\"_blank\" rel=\"noopener noreferrer\"><img loading=\"lazy\" decoding=\"async\" class=\" size-full wp-image-51066\" alt=\"ulaznice hr\" src=\"https:\/\/scenaamadeo.hr\/wordpress\/wp-content\/uploads\/ulaznice.hr-d1a.png\" width=\"303\" height=\"91\" srcset=\"https:\/\/scenaamadeo.hr\/wordpress\/wp-content\/uploads\/ulaznice.hr-d1a.png 303w, https:\/\/scenaamadeo.hr\/wordpress\/wp-content\/uploads\/ulaznice.hr-d1a-300x90.png 300w\" sizes=\"auto, (max-width: 303px) 100vw, 303px\" \/><\/a><\/p>\n<p>[\/yt_columns_item]<\/p>\n<p>&nbsp;<\/p>\n<p>[yt_divider style=&#8221;1&#8243; color=&#8221;#999&#8243; align=&#8221;center&#8221; bottom_top=&#8221;0&#8243; width=&#8221;100&#8243; icon_divider=&#8221;&#8221; icon_color=&#8221;#444&#8243; icon_style=&#8221;1&#8243; icon_align=&#8221;center&#8221; icon_size=&#8221;24&#8243; margin_top=&#8221;30&#8243; margin_bottom=&#8221;10&#8243; text=&#8221;&#8221; ]<\/p>\n","protected":false},"excerpt":{"rendered":"<p><strong>Glazbena dru\u017eina CINKU\u0160I |&nbsp;<\/strong><em>Prvih dvadeset godina\u2026<\/em><\/p>\n<hr \/>\n<p><strong><span style=\"color: #ff0000;\"><a target=\"_blank\" href=\"http:\/\/hpm.hr\/\" rel=\"noopener noreferrer\" style=\"color: #ff0000;\">Hrvatski prirodoslovni muzej<\/a>, Demetrova 1, Gornji grad \/ atrij muzeja<\/span><\/strong><\/p>\n","protected":false},"author":5,"featured_media":51138,"comment_status":"open","ping_status":"closed","sticky":false,"template":"","format":"standard","meta":{"_acf_changed":false,"_editorskit_title_hidden":false,"_editorskit_reading_time":0,"_editorskit_is_block_options_detached":false,"_editorskit_block_options_position":"{}","_gspb_post_css":"","_crdt_document":"","ngg_post_thumbnail":0,"footnotes":""},"categories":[304],"tags":[],"class_list":["post-51139","post","type-post","status-publish","format-standard","has-post-thumbnail","hentry","category-program2018"],"blocksy_meta":[],"acf":[],"_links":{"self":[{"href":"https:\/\/scenaamadeo.hr\/wordpress\/index.php\/wp-json\/wp\/v2\/posts\/51139","targetHints":{"allow":["GET"]}}],"collection":[{"href":"https:\/\/scenaamadeo.hr\/wordpress\/index.php\/wp-json\/wp\/v2\/posts"}],"about":[{"href":"https:\/\/scenaamadeo.hr\/wordpress\/index.php\/wp-json\/wp\/v2\/types\/post"}],"author":[{"embeddable":true,"href":"https:\/\/scenaamadeo.hr\/wordpress\/index.php\/wp-json\/wp\/v2\/users\/5"}],"replies":[{"embeddable":true,"href":"https:\/\/scenaamadeo.hr\/wordpress\/index.php\/wp-json\/wp\/v2\/comments?post=51139"}],"version-history":[{"count":0,"href":"https:\/\/scenaamadeo.hr\/wordpress\/index.php\/wp-json\/wp\/v2\/posts\/51139\/revisions"}],"wp:featuredmedia":[{"embeddable":true,"href":"https:\/\/scenaamadeo.hr\/wordpress\/index.php\/wp-json\/wp\/v2\/media\/51138"}],"wp:attachment":[{"href":"https:\/\/scenaamadeo.hr\/wordpress\/index.php\/wp-json\/wp\/v2\/media?parent=51139"}],"wp:term":[{"taxonomy":"category","embeddable":true,"href":"https:\/\/scenaamadeo.hr\/wordpress\/index.php\/wp-json\/wp\/v2\/categories?post=51139"},{"taxonomy":"post_tag","embeddable":true,"href":"https:\/\/scenaamadeo.hr\/wordpress\/index.php\/wp-json\/wp\/v2\/tags?post=51139"}],"curies":[{"name":"wp","href":"https:\/\/api.w.org\/{rel}","templated":true}]}}