{"id":51123,"date":"2018-04-03T11:21:55","date_gmt":"2018-04-03T11:21:55","guid":{"rendered":"https:\/\/scenaamadeo.hr\/wordpress\/index.php\/2018\/04\/03\/cestitke-cinkusima-matiji-dedicu-i-merimi-kljuco-na-dobivenom-porinu\/"},"modified":"2018-04-03T11:21:55","modified_gmt":"2018-04-03T11:21:55","slug":"cestitke-cinkusima-matiji-dedicu-i-merimi-kljuco-na-dobivenom-porinu","status":"publish","type":"post","link":"https:\/\/scenaamadeo.hr\/wordpress\/index.php\/2018\/04\/03\/cestitke-cinkusima-matiji-dedicu-i-merimi-kljuco-na-dobivenom-porinu\/","title":{"rendered":"\u010cestitke Cinku\u0161ima, Matiji Dedi\u0107u i Merimi Klju\u010do na dobivenom Porinu"},"content":{"rendered":"<p><p>Iskrene \u010destitke na\u0161im Cinku\u0161ima na osvojenom Porinu za najbolji album folklorne i etno glazbe za novi album \u201eKrava na orehu\u201c, te Matiji Dedi\u0107u i Merimi Klju\u010do na osvojenom Porinu za najbolju instrumentalnu izvedbu (izvan klasi\u010dne i jazz glazbe) za pjesmu \u201ePotra\u017ei me u predgra\u0111u\u201c!<\/p>\n<p>I ove godine mo\u0107i \u0107ete u\u017eivati u njihovim nastupima na pozornici Scene Amadeo. Uskoro op\u0161irnije!<\/p><\/p>\n","protected":false},"excerpt":{"rendered":"<p>Iskrene \u010destitke na\u0161im Cinku\u0161ima na osvojenom Porinu za najbolji album folklorne i etno glazbe za novi album \u201eKrava na orehu\u201c, te Matiji Dedi\u0107u i Merimi Klju\u010do na osvojenom Porinu za najbolju instrumentalnu izvedbu (izvan klasi\u010dne i jazz glazbe) za pjesmu \u201ePotra\u017ei me u predgra\u0111u\u201c! I ove godine mo\u0107i \u0107ete u\u017eivati u njihovim nastupima na pozornici [&hellip;]<\/p>\n","protected":false},"author":5,"featured_media":51122,"comment_status":"open","ping_status":"closed","sticky":false,"template":"","format":"standard","meta":{"_acf_changed":false,"_editorskit_title_hidden":false,"_editorskit_reading_time":0,"_editorskit_is_block_options_detached":false,"_editorskit_block_options_position":"{}","_gspb_post_css":"","_crdt_document":"","ngg_post_thumbnail":0,"footnotes":""},"categories":[303],"tags":[],"class_list":["post-51123","post","type-post","status-publish","format-standard","has-post-thumbnail","hentry","category-program2017"],"blocksy_meta":[],"acf":[],"_links":{"self":[{"href":"https:\/\/scenaamadeo.hr\/wordpress\/index.php\/wp-json\/wp\/v2\/posts\/51123","targetHints":{"allow":["GET"]}}],"collection":[{"href":"https:\/\/scenaamadeo.hr\/wordpress\/index.php\/wp-json\/wp\/v2\/posts"}],"about":[{"href":"https:\/\/scenaamadeo.hr\/wordpress\/index.php\/wp-json\/wp\/v2\/types\/post"}],"author":[{"embeddable":true,"href":"https:\/\/scenaamadeo.hr\/wordpress\/index.php\/wp-json\/wp\/v2\/users\/5"}],"replies":[{"embeddable":true,"href":"https:\/\/scenaamadeo.hr\/wordpress\/index.php\/wp-json\/wp\/v2\/comments?post=51123"}],"version-history":[{"count":0,"href":"https:\/\/scenaamadeo.hr\/wordpress\/index.php\/wp-json\/wp\/v2\/posts\/51123\/revisions"}],"wp:featuredmedia":[{"embeddable":true,"href":"https:\/\/scenaamadeo.hr\/wordpress\/index.php\/wp-json\/wp\/v2\/media\/51122"}],"wp:attachment":[{"href":"https:\/\/scenaamadeo.hr\/wordpress\/index.php\/wp-json\/wp\/v2\/media?parent=51123"}],"wp:term":[{"taxonomy":"category","embeddable":true,"href":"https:\/\/scenaamadeo.hr\/wordpress\/index.php\/wp-json\/wp\/v2\/categories?post=51123"},{"taxonomy":"post_tag","embeddable":true,"href":"https:\/\/scenaamadeo.hr\/wordpress\/index.php\/wp-json\/wp\/v2\/tags?post=51123"}],"curies":[{"name":"wp","href":"https:\/\/api.w.org\/{rel}","templated":true}]}}