{"id":50972,"date":"2012-06-21T13:02:59","date_gmt":"2012-06-21T13:02:59","guid":{"rendered":"https:\/\/scenaamadeo.hr\/wordpress\/index.php\/2012\/06\/21\/cetvrtak-16-07-21-00-koncert\/"},"modified":"2012-06-21T13:02:59","modified_gmt":"2012-06-21T13:02:59","slug":"cetvrtak-16-07-21-00-koncert","status":"publish","type":"post","link":"https:\/\/scenaamadeo.hr\/wordpress\/index.php\/2012\/06\/21\/cetvrtak-16-07-21-00-koncert\/","title":{"rendered":"\u010cetvrtak, 16.07. \/ 21:00 \/ koncert"},"content":{"rendered":"<p><span style=\"color: #000000; font-family: arial, helvetica, sans-serif; font-size: 10pt;\"><strong>Ayllu<\/strong>, glazba starih Inka<\/span><\/p>\n<p><span style=\"font-family: arial, helvetica, sans-serif; font-size: 10pt;\"><em><span style=\"color: #000000;\">Andska glazba iz Hrvatske<\/span><\/em><\/span><\/p>\n<p>\u00a0<\/p>\n<p style=\"text-align: justify;\"><span style=\"color: #000000; font-family: arial, helvetica, sans-serif; font-size: 10pt;\">Grupa Ayllu osnovana je po\u010detkom osamdesetih godina i od onda odr\u017eala brojne nastupe diljem cijele Hrvatske. Po svom prepoznatljivom zvuku sikusa( panove frule) , kene (indijanske flaute), charanga (modifikacije mandoline i gitare) te bombu (indijanskom bubnju) pribli\u017eila je \u0161irokoj publici glazbu i kulturu starih Inka, te kulture dana\u0161njih Anda od Ekvadora, Perua do Bolivije.<\/span><\/p>\n<p style=\"text-align: justify;\"><span style=\"color: #000000; font-family: arial, helvetica, sans-serif; font-size: 10pt;\">Brojni su koncerti od klubova (Kulu\u0161i\u0107, BP, Mo\u0161a, Saloon) u Zagrebu, samostalni koncerti u koncertnoj dvorani Vatroslav Lisinski, koncerti po crkvama Hrvatske, te posebna djelatnost grupe u suradnji Glazbene mlade\u017ei sa vrti\u0107ima i \u0161kolama uz bajku kojom se opisivao \u017eivot ju\u017enoameri\u010dkih indijanaca.<\/span><\/p>\n<p style=\"text-align: justify;\"><span style=\"color: #000000; font-family: arial, helvetica, sans-serif; font-size: 10pt;\">Mnogi bolivijanci, studenti u Zagrebu koje je okupio Robert Lovri\u0107 svirali su u grupi a dana\u0161nji sastav osim Roberta Lovri\u0107a je Zrinka Bo\u017ei\u010devi\u0107 Plavec, Ivana \u010corkovi\u0107, Hrvoje Ton, Ivan Androi\u0107 i Hernan Chambilla.<\/span><\/p>\n<p style=\"text-align: justify;\"><span style=\"color: #000000; font-family: arial, helvetica, sans-serif; font-size: 10pt;\">Tako nakon nekoliko godina rada i nastupa tek u inozemstvu grupa Ayllu ponovno nastupa u Zagrebu na sceni Amadeo uz obnovljeni repertoar kao rezultat gostovanja u Boliviji i Peruu, te Sjevernoj Americi.<\/span><\/p>\n<p style=\"text-align: justify;\"><span style=\"color: #000000; font-family: arial, helvetica, sans-serif; font-size: 10pt;\">U me\u0111uvremenu snimljena su i dva cd-a za bolivijsko i sjevernoameri\u010dko tr\u017ei\u0161te.<\/span><\/p>\n<p style=\"text-align: justify;\">\u00a0<\/p>\n<p style=\"text-align: justify;\"><strong><span style=\"font-family: arial, helvetica, sans-serif; font-size: 10pt;\">Cijena ulaznice: 70,00 kn<\/span><\/strong><\/p>\n<p style=\"text-align: justify;\">\u00a0<\/p>\n<p style=\"margin-right: 0px; margin-bottom: 5px; margin-left: 0px; padding-top: 0px; padding-bottom: 0px; font-family: Tahoma, Arial, Helvetica, sans-serif; font-size: 12px; background-color: #ffffff;\"><strong style=\"color: #000000; text-align: justify;\"><span style=\"font-size: 10pt; font-family: Arial, sans-serif;\"><strong style=\"font-family: Tahoma, Arial, Helvetica, sans-serif; font-size: 12px;\"><span style=\"font-size: 10pt; font-family: Arial, sans-serif;\"><strong style=\"font-family: Tahoma, Arial, Helvetica, sans-serif; font-size: 12px;\"><span style=\"font-family: arial, helvetica, sans-serif; font-size: small;\">Ulaznice mo\u017eete kupiti klikom na<\/span><\/strong><\/span><\/strong><\/span><\/strong><\/p>\n<p style=\"margin-right: 0px; margin-bottom: 5px; margin-left: 0px; padding-top: 0px; padding-bottom: 0px; font-family: Tahoma, Arial, Helvetica, sans-serif; font-size: 12px; background-color: #ffffff;\"><span style=\"color: #000000;\"><strong style=\"text-align: justify;\"><span style=\"font-size: 10pt; font-family: Arial, sans-serif;\"><strong style=\"font-family: Tahoma, Arial, Helvetica, sans-serif; font-size: 12px;\"><span style=\"font-size: 10pt; font-family: Arial, sans-serif;\"><strong style=\"font-family: Tahoma, Arial, Helvetica, sans-serif; font-size: 12px;\"><span style=\"font-family: arial, helvetica, sans-serif; font-size: small;\"><a href=\"https:\/\/www.ulaznice.hr\/web\/ctl_evt.jsp?act=prostor&amp;t=38&amp;p=4181&amp;a=1\"><img loading=\"lazy\" decoding=\"async\" class=\" size-full wp-image-50890\" style=\"border-style: solid; border-color: #b2c2d1; margin: 7px 7px 7px 0px;\" src=\"https:\/\/scenaamadeo.hr\/wordpress\/wp-content\/uploads\/program\/Amadeo2014\/link-na-ulaznice3-667.jpg\" alt=\"link na ulaznice3\" width=\"150\" height=\"30\" \/><\/a><\/span><\/strong><\/span><\/strong><\/span><\/strong><\/span><\/p>\n","protected":false},"excerpt":{"rendered":"<p>Ayllu, glazba starih Inka Andska glazba iz Hrvatske \u00a0 Grupa Ayllu osnovana je po\u010detkom osamdesetih godina i od onda odr\u017eala brojne nastupe diljem cijele Hrvatske. Po svom prepoznatljivom zvuku sikusa( panove frule) , kene (indijanske flaute), charanga (modifikacije mandoline i gitare) te bombu (indijanskom bubnju) pribli\u017eila je \u0161irokoj publici glazbu i kulturu starih Inka, te [&hellip;]<\/p>\n","protected":false},"author":5,"featured_media":50971,"comment_status":"open","ping_status":"closed","sticky":false,"template":"","format":"standard","meta":{"_acf_changed":false,"_editorskit_title_hidden":false,"_editorskit_reading_time":0,"_editorskit_is_block_options_detached":false,"_editorskit_block_options_position":"{}","_gspb_post_css":"","_crdt_document":"","ngg_post_thumbnail":0,"footnotes":""},"categories":[262],"tags":[],"class_list":["post-50972","post","type-post","status-publish","format-standard","has-post-thumbnail","hentry","category-arhiva"],"blocksy_meta":[],"acf":[],"_links":{"self":[{"href":"https:\/\/scenaamadeo.hr\/wordpress\/index.php\/wp-json\/wp\/v2\/posts\/50972","targetHints":{"allow":["GET"]}}],"collection":[{"href":"https:\/\/scenaamadeo.hr\/wordpress\/index.php\/wp-json\/wp\/v2\/posts"}],"about":[{"href":"https:\/\/scenaamadeo.hr\/wordpress\/index.php\/wp-json\/wp\/v2\/types\/post"}],"author":[{"embeddable":true,"href":"https:\/\/scenaamadeo.hr\/wordpress\/index.php\/wp-json\/wp\/v2\/users\/5"}],"replies":[{"embeddable":true,"href":"https:\/\/scenaamadeo.hr\/wordpress\/index.php\/wp-json\/wp\/v2\/comments?post=50972"}],"version-history":[{"count":0,"href":"https:\/\/scenaamadeo.hr\/wordpress\/index.php\/wp-json\/wp\/v2\/posts\/50972\/revisions"}],"wp:featuredmedia":[{"embeddable":true,"href":"https:\/\/scenaamadeo.hr\/wordpress\/index.php\/wp-json\/wp\/v2\/media\/50971"}],"wp:attachment":[{"href":"https:\/\/scenaamadeo.hr\/wordpress\/index.php\/wp-json\/wp\/v2\/media?parent=50972"}],"wp:term":[{"taxonomy":"category","embeddable":true,"href":"https:\/\/scenaamadeo.hr\/wordpress\/index.php\/wp-json\/wp\/v2\/categories?post=50972"},{"taxonomy":"post_tag","embeddable":true,"href":"https:\/\/scenaamadeo.hr\/wordpress\/index.php\/wp-json\/wp\/v2\/tags?post=50972"}],"curies":[{"name":"wp","href":"https:\/\/api.w.org\/{rel}","templated":true}]}}