{"id":50917,"date":"2014-06-01T16:55:30","date_gmt":"2014-06-01T16:55:30","guid":{"rendered":"https:\/\/scenaamadeo.hr\/wordpress\/index.php\/2014\/06\/01\/cetvrtak-31-07-2014-21-00-koncert-kvartet-mascara-slovenija\/"},"modified":"2014-06-01T16:55:30","modified_gmt":"2014-06-01T16:55:30","slug":"cetvrtak-31-07-2014-21-00-koncert-kvartet-mascara-slovenija","status":"publish","type":"post","link":"https:\/\/scenaamadeo.hr\/wordpress\/index.php\/2014\/06\/01\/cetvrtak-31-07-2014-21-00-koncert-kvartet-mascara-slovenija\/","title":{"rendered":"\u010cetvrtak, 31.07.2014. \/ 21:00 \/ koncert \/ Kvartet Mascara, Slovenija"},"content":{"rendered":"<p><strong>VA\u017dNA OBAVIJEST: VE\u010cERA\u0160NJI KONCERT NE\u0106E SE ODR\u017dATI ZBOG NAJAVLJENOG LO\u0160EG VREMENA!<\/strong><\/p>\n<p><span style=\"font-family: Arial, sans-serif; color: black; font-size: small;\">Nastupaju:<\/span><\/p>\n<p style=\"margin-bottom: 0.0001pt; text-align: justify;\"><span style=\"font-family: arial, helvetica, sans-serif; font-size: small;\"><strong><span style=\"line-height: 115%; font-weight: normal;\">Polona Udovi\u010d, vokal;\u00a0<\/span><\/strong><strong><span style=\"line-height: 115%; font-weight: normal;\">Timi Krajnc, gitara; Vojko Ve\u0161ligaj, gitara;<\/span><\/strong><strong><span style=\"line-height: 115%;\">\u00a0 <\/span><\/strong><strong><span style=\"line-height: 115%; font-weight: normal;\">Mitja Re\u017eman<\/span><\/strong><span style=\"line-height: 115%;\">, bas<\/span><\/span><\/p>\n<p>\u00a0<\/p>\n<p style=\"margin-bottom: 0.0001pt; text-align: justify;\"><span style=\"font-size: small; font-family: Arial, sans-serif; color: black;\">Njihova glazba punokrvno, neposredno i sa\u017eeto prelijeva\u00a0 \u010de\u017enju zarobljenu izme\u0111u ulica Montevidea, Buenos Airesa i Lisabona \u2026. izme\u0111u bordela i\u00a0 milonge\u2026. radosti i tuge\u00a0 trgovaca, mornara i\u00a0 afri\u010dkih doseljenika \u2026.To je glazba koja svira no\u0107u kada su sve maske dozvoljene (<i>mascara<\/i> \u2013 na \u0161panjolskome \u2013maska), glazba koja dolazi s mjese\u010dinom i umire sa svitanjem\u2026<\/span><\/p>\n<p style=\"margin-bottom: 0.0001pt; text-align: justify;\">\u00a0<\/p>\n<p style=\"margin-bottom: 0.0001pt; text-align: justify;\">Vi\u0161e o <a href=\"http:\/\/www.mascara.si\/Mascara\/O_nas_Engl.html\">Kvartetu Mascara<\/a><\/p>\n<p>\u00a0<\/p>\n<p><strong style=\"text-align: justify; font-family: Tahoma, Arial, Helvetica, sans-serif; font-size: 12px;\"><span style=\"font-size: 10pt; font-family: Arial, sans-serif;\"><strong style=\"font-family: Tahoma, Arial, Helvetica, sans-serif; font-size: 12px; color: #000000;\"><span style=\"font-size: 10pt; font-family: Arial, sans-serif;\"><strong style=\"font-family: Tahoma, Arial, Helvetica, sans-serif; font-size: 12px;\"><span style=\"font-size: 10pt; font-family: Arial, sans-serif;\"><strong style=\"font-family: Tahoma, Arial, Helvetica, sans-serif; font-size: 12px;\"><span style=\"font-family: arial, helvetica, sans-serif; font-size: small;\">Ulaznice mo\u017eete kupiti klikom na<\/span><\/strong><\/span><\/strong><\/span><\/strong><\/span><\/strong><\/p>\n<p><a href=\"http:\/\/www.ulaznice.com.hr\/web\/ctl_evt.jsp?act=prostor&amp;t=38&amp;p=3502&amp;a=1\"><strong style=\"text-align: justify; font-family: Tahoma, Arial, Helvetica, sans-serif; font-size: 12px;\"><img loading=\"lazy\" decoding=\"async\" class=\" size-full wp-image-50890\" src=\"https:\/\/scenaamadeo.hr\/wordpress\/wp-content\/uploads\/program\/Amadeo2014\/link-na-ulaznice3-667.jpg\" alt=\"link na ulaznice3\" width=\"150\" height=\"30\" \/><\/strong><\/a><\/p>\n","protected":false},"excerpt":{"rendered":"<p>VA\u017dNA OBAVIJEST: VE\u010cERA\u0160NJI KONCERT NE\u0106E SE ODR\u017dATI ZBOG NAJAVLJENOG LO\u0160EG VREMENA! Nastupaju: Polona Udovi\u010d, vokal;\u00a0Timi Krajnc, gitara; Vojko Ve\u0161ligaj, gitara;\u00a0 Mitja Re\u017eman, bas \u00a0 Njihova glazba punokrvno, neposredno i sa\u017eeto prelijeva\u00a0 \u010de\u017enju zarobljenu izme\u0111u ulica Montevidea, Buenos Airesa i Lisabona \u2026. izme\u0111u bordela i\u00a0 milonge\u2026. radosti i tuge\u00a0 trgovaca, mornara i\u00a0 afri\u010dkih doseljenika \u2026.To je [&hellip;]<\/p>\n","protected":false},"author":5,"featured_media":50916,"comment_status":"open","ping_status":"closed","sticky":false,"template":"","format":"standard","meta":{"_acf_changed":false,"_editorskit_title_hidden":false,"_editorskit_reading_time":0,"_editorskit_is_block_options_detached":false,"_editorskit_block_options_position":"{}","_gspb_post_css":"","_crdt_document":"","ngg_post_thumbnail":0,"footnotes":""},"categories":[262],"tags":[],"class_list":["post-50917","post","type-post","status-publish","format-standard","has-post-thumbnail","hentry","category-arhiva"],"blocksy_meta":[],"acf":[],"_links":{"self":[{"href":"https:\/\/scenaamadeo.hr\/wordpress\/index.php\/wp-json\/wp\/v2\/posts\/50917","targetHints":{"allow":["GET"]}}],"collection":[{"href":"https:\/\/scenaamadeo.hr\/wordpress\/index.php\/wp-json\/wp\/v2\/posts"}],"about":[{"href":"https:\/\/scenaamadeo.hr\/wordpress\/index.php\/wp-json\/wp\/v2\/types\/post"}],"author":[{"embeddable":true,"href":"https:\/\/scenaamadeo.hr\/wordpress\/index.php\/wp-json\/wp\/v2\/users\/5"}],"replies":[{"embeddable":true,"href":"https:\/\/scenaamadeo.hr\/wordpress\/index.php\/wp-json\/wp\/v2\/comments?post=50917"}],"version-history":[{"count":0,"href":"https:\/\/scenaamadeo.hr\/wordpress\/index.php\/wp-json\/wp\/v2\/posts\/50917\/revisions"}],"wp:featuredmedia":[{"embeddable":true,"href":"https:\/\/scenaamadeo.hr\/wordpress\/index.php\/wp-json\/wp\/v2\/media\/50916"}],"wp:attachment":[{"href":"https:\/\/scenaamadeo.hr\/wordpress\/index.php\/wp-json\/wp\/v2\/media?parent=50917"}],"wp:term":[{"taxonomy":"category","embeddable":true,"href":"https:\/\/scenaamadeo.hr\/wordpress\/index.php\/wp-json\/wp\/v2\/categories?post=50917"},{"taxonomy":"post_tag","embeddable":true,"href":"https:\/\/scenaamadeo.hr\/wordpress\/index.php\/wp-json\/wp\/v2\/tags?post=50917"}],"curies":[{"name":"wp","href":"https:\/\/api.w.org\/{rel}","templated":true}]}}