{"id":50884,"date":"2011-06-08T10:26:46","date_gmt":"2011-06-08T10:26:46","guid":{"rendered":"https:\/\/scenaamadeo.hr\/wordpress\/index.php\/2011\/06\/08\/utorak-10-09-2013-21-00-koncert-duende-flamenco-fusion\/"},"modified":"2011-06-08T10:26:46","modified_gmt":"2011-06-08T10:26:46","slug":"utorak-10-09-2013-21-00-koncert-duende-flamenco-fusion","status":"publish","type":"post","link":"https:\/\/scenaamadeo.hr\/wordpress\/index.php\/2011\/06\/08\/utorak-10-09-2013-21-00-koncert-duende-flamenco-fusion\/","title":{"rendered":"Utorak, 10.09.2013. \/  21:00 \/ koncert \/ Duende &#8211; flamenco fusion"},"content":{"rendered":"<p class=\"yiv1244072503MsoNormal\" style=\"line-height: normal; margin-bottom: 0pt;\"><span style=\"font-family: arial,helvetica,sans-serif; color: #000000;\"><span style=\"font-size: small;\">Tomislav Ten\u0161ek &#8211; Snoopy i prijatelji \u00a0 \u00a0 \u00a0 \u00a0 \u00a0 \u00a0 \u00a0 \u00a0 \u00a0 \u00a0 \u00a0 \u00a0 \u00a0 \u00a0 \u00a0 \u00a0 \u00a0 \u00a0 \u00a0 \u00a0 \u00a0 \u00a0 \u00a0 \u00a0 \u00a0 \u00a0 \u00a0 \u00a0 \u00a0 \u00a0 \u00a0 \u00a0 \u00a0 \u00a0 \u00a0 \u00a0 \u00a0 \u00a0 \u00a0 \u00a0 \u00a0 \u00a0\u00a0<\/span><\/span><\/p>\n<p class=\"yiv1244072503MsoNormal\" style=\"line-height: normal; margin-bottom: 0pt;\">\u00a0<\/p>\n<p style=\"margin-bottom: 0.0001pt; text-align: justify; page-break-after: avoid;\"><span style=\"font-size: small; font-family: Arial, sans-serif;\">Ideja Duende \u2013 flamenco fusion banda je jedinstvo u razli\u010ditosti, a to je onaj duboki jedinstveni osje\u0107aj koji mo\u017eemo prona\u0107i u bilo kojoj vrst<span style=\"color: #000000;\">i glazbe, odnosno umjetnosti, iz kojeg zapravo i sve izvire, tako da se unutar izri\u010daja spaja i naizgled nespojivo &#8211; makedonska izvorna narodna glazba i flamenco, Jimi Hendrix i Paco De Lucia (\u010dije su kompozicije i u programu), bossa nova i rock\u2026<\/span><\/span><\/p>\n<p style=\"margin-bottom: 0.0001pt; text-align: justify;\"><span style=\"font-size: small; font-family: Arial, sans-serif; color: #000000;\">\u00a0<\/span><\/p>\n<p style=\"margin-bottom: 0.0001pt; text-align: justify;\"><span style=\"font-size: small; font-family: Arial, sans-serif; color: #000000;\">\u010clanovi: \u00a0 \u00a0<\/span><\/p>\n<p style=\"margin-bottom: 0.0001pt; text-align: justify;\"><span style=\"font-size: small; font-family: Arial, sans-serif; color: #000000;\">Tomislav Ten\u0161ek-Snoopy &#8211; gitara<\/span><\/p>\n<p style=\"margin-bottom: 0.0001pt; text-align: justify;\"><span style=\"font-size: small; font-family: Arial, sans-serif; color: #000000;\">Nenad Jal\u0161evac &#8211; Nen Chi &#8211; bass,vocal<\/span><\/p>\n<p style=\"margin-bottom: 0.0001pt; text-align: justify;\"><span style=\"font-size: small; font-family: Arial, sans-serif; color: #000000;\">Robert Hamp &#8211; gitara<\/span><\/p>\n<p style=\"margin-bottom: 0.0001pt; text-align: justify;\"><span style=\"font-size: small; font-family: Arial, sans-serif; color: #000000;\">Marijan Sever &#8211; udaraljke<\/span><\/p>\n<p style=\"margin-bottom: 0.0001pt; text-align: justify;\"><span style=\"font-size: small; font-family: Arial, sans-serif; color: #000000;\">\u00a0<\/span><\/p>\n<p style=\"margin-bottom: 0.0001pt; text-align: justify;\"><span style=\"font-size: small; font-family: Arial, sans-serif; color: #000000;\">Gosti:\u00a0\u00a0\u00a0\u00a0 <\/span><\/p>\n<p style=\"margin-bottom: 0.0001pt; text-align: justify;\"><span style=\"font-size: small; font-family: Arial, sans-serif; color: #000000;\">Ivana Cvitanu\u0161i\u0107 &#8211; vocal<\/span><\/p>\n<p style=\"margin-bottom: 0.0001pt; text-align: justify;\"><span style=\"font-size: small; font-family: Arial, sans-serif; color: #000000;\">Andrea Loli\u0107 &#8211; ples (baile)<\/span><\/p>\n<p>\u00a0<\/p>\n","protected":false},"excerpt":{"rendered":"<p>Tomislav Ten\u0161ek &#8211; Snoopy i prijatelji \u00a0 \u00a0 \u00a0 \u00a0 \u00a0 \u00a0 \u00a0 \u00a0 \u00a0 \u00a0 \u00a0 \u00a0 \u00a0 \u00a0 \u00a0 \u00a0 \u00a0 \u00a0 \u00a0 \u00a0 \u00a0 \u00a0 \u00a0 \u00a0 \u00a0 \u00a0 \u00a0 \u00a0 \u00a0 \u00a0 \u00a0 \u00a0 \u00a0 \u00a0 \u00a0 \u00a0 \u00a0 \u00a0 \u00a0 \u00a0 \u00a0 \u00a0\u00a0 \u00a0 Ideja Duende \u2013 flamenco fusion banda [&hellip;]<\/p>\n","protected":false},"author":5,"featured_media":50883,"comment_status":"open","ping_status":"closed","sticky":false,"template":"","format":"standard","meta":{"_acf_changed":false,"_editorskit_title_hidden":false,"_editorskit_reading_time":0,"_editorskit_is_block_options_detached":false,"_editorskit_block_options_position":"{}","_gspb_post_css":"","_crdt_document":"","ngg_post_thumbnail":0,"footnotes":""},"categories":[262],"tags":[],"class_list":["post-50884","post","type-post","status-publish","format-standard","has-post-thumbnail","hentry","category-arhiva"],"blocksy_meta":[],"acf":[],"_links":{"self":[{"href":"https:\/\/scenaamadeo.hr\/wordpress\/index.php\/wp-json\/wp\/v2\/posts\/50884","targetHints":{"allow":["GET"]}}],"collection":[{"href":"https:\/\/scenaamadeo.hr\/wordpress\/index.php\/wp-json\/wp\/v2\/posts"}],"about":[{"href":"https:\/\/scenaamadeo.hr\/wordpress\/index.php\/wp-json\/wp\/v2\/types\/post"}],"author":[{"embeddable":true,"href":"https:\/\/scenaamadeo.hr\/wordpress\/index.php\/wp-json\/wp\/v2\/users\/5"}],"replies":[{"embeddable":true,"href":"https:\/\/scenaamadeo.hr\/wordpress\/index.php\/wp-json\/wp\/v2\/comments?post=50884"}],"version-history":[{"count":0,"href":"https:\/\/scenaamadeo.hr\/wordpress\/index.php\/wp-json\/wp\/v2\/posts\/50884\/revisions"}],"wp:featuredmedia":[{"embeddable":true,"href":"https:\/\/scenaamadeo.hr\/wordpress\/index.php\/wp-json\/wp\/v2\/media\/50883"}],"wp:attachment":[{"href":"https:\/\/scenaamadeo.hr\/wordpress\/index.php\/wp-json\/wp\/v2\/media?parent=50884"}],"wp:term":[{"taxonomy":"category","embeddable":true,"href":"https:\/\/scenaamadeo.hr\/wordpress\/index.php\/wp-json\/wp\/v2\/categories?post=50884"},{"taxonomy":"post_tag","embeddable":true,"href":"https:\/\/scenaamadeo.hr\/wordpress\/index.php\/wp-json\/wp\/v2\/tags?post=50884"}],"curies":[{"name":"wp","href":"https:\/\/api.w.org\/{rel}","templated":true}]}}