{"id":50873,"date":"2013-07-19T10:10:01","date_gmt":"2013-07-19T10:10:01","guid":{"rendered":"https:\/\/scenaamadeo.hr\/wordpress\/index.php\/2013\/07\/19\/cetvrtak-29-08-2013-21-00-koncert-petrit-ceku\/"},"modified":"2013-07-19T10:10:01","modified_gmt":"2013-07-19T10:10:01","slug":"cetvrtak-29-08-2013-21-00-koncert-petrit-ceku","status":"publish","type":"post","link":"https:\/\/scenaamadeo.hr\/wordpress\/index.php\/2013\/07\/19\/cetvrtak-29-08-2013-21-00-koncert-petrit-ceku\/","title":{"rendered":"\u010cetvrtak, 29.08.2013. \/ 21:00 \/ koncert \/ Petrit Ceku"},"content":{"rendered":"<p style=\"margin-bottom: 0.0001pt;\"><span style=\"font-family: Arial, sans-serif; font-size: 10pt;\"><span style=\"font-size: small; font-family: arial, helvetica, sans-serif;\"><img loading=\"lazy\" decoding=\"async\" class=\" alignleft size-full wp-image-50872\" src=\"https:\/\/scenaamadeo.hr\/wordpress\/wp-content\/uploads\/program\/Petrit-optim-b4e.jpg\" width=\"310\" height=\"233\" alt=\"Petrit optim\" style=\"margin-right: 40px; float: left;\" srcset=\"https:\/\/scenaamadeo.hr\/wordpress\/wp-content\/uploads\/program\/Petrit-optim-b4e.jpg 800w, https:\/\/scenaamadeo.hr\/wordpress\/wp-content\/uploads\/program\/Petrit-optim-b4e-300x225.jpg 300w, https:\/\/scenaamadeo.hr\/wordpress\/wp-content\/uploads\/program\/Petrit-optim-b4e-768x576.jpg 768w\" sizes=\"auto, (max-width: 310px) 100vw, 310px\" \/>Solisti\u010dki recital \u00a0 \u00a0 \u00a0 \u00a0 \u00a0 \u00a0 \u00a0 \u00a0 \u00a0 \u00a0 \u00a0 \u00a0 \u00a0 \u00a0 \u00a0 \u00a0<br \/><\/span><\/span><\/p>\n<p style=\"margin-bottom: 0.0001pt;\"><span style=\"font-size: small; font-family: arial, helvetica, sans-serif;\"><i>\u00a0<\/i><\/span><\/p>\n<p style=\"margin-bottom: 0.0001pt;\"><span style=\"font-size: small; font-family: arial, helvetica, sans-serif;\"><i>Sor<\/i><i>; Regondi; Barrios;\u00a0<\/i><i>Papandopulo<\/i><i>; Walton<\/i><\/span><\/p>\n<p style=\"margin-bottom: 0.0001pt;\">\u00a0<\/p>\n<p style=\"margin-bottom: 0.0001pt;\">\u00a0<\/p>\n<p style=\"margin-bottom: 0.0001pt;\"><span style=\"font-size: small; font-family: arial, helvetica, sans-serif;\">Nastupa:<\/span><\/p>\n<p style=\"margin-bottom: 0.0001pt;\">\u00a0<\/p>\n<p style=\"margin-bottom: 0.0001pt;\"><span style=\"font-size: small; font-family: arial, helvetica, sans-serif;\"><a href=\"http:\/\/www.glazbena-garaza.com\/procitajte-vise.php?glazba=petrit-%C4%87eku&#038;vid=68\" style=\"font-family: Tahoma, Arial, Helvetica, sans-serif; font-size: 12px; color: #e20032;\">Petrit Ceku<\/a>, gitara<\/span><\/p>\n<p style=\"margin-bottom: 0.0001pt;\"><span style=\"font-size: small; font-family: arial, helvetica, sans-serif;\">\u00a0<\/span><\/p>\n<p style=\"margin-bottom: 0.0001pt;\"><span style=\"font-size: small; font-family: arial, helvetica, sans-serif;\"><strong style=\"color: #000000; font-family: Arial, sans-serif; font-size: small; line-height: 14px; text-align: justify;\">Cijena ulaznice: 90,00 kn<\/strong><\/span><\/p>\n<p style=\"margin-bottom: 0.0001pt;\"><em style=\"font-family: Tahoma, Arial, Helvetica, sans-serif; font-size: 12px;\"><strong><span style=\"color: #000000;\">U slu\u010daju ki\u0161e koncert \u0107e se odr\u017eati u Maloj dvorani KD Lisinski!<\/span><\/strong><\/em><\/p>\n<p style=\"margin-bottom: 0.0001pt;\">\u00a0<\/p>\n<p style=\"margin-bottom: 0.0001pt;\">\u00a0<\/p>\n","protected":false},"excerpt":{"rendered":"<p>Solisti\u010dki recital \u00a0 \u00a0 \u00a0 \u00a0 \u00a0 \u00a0 \u00a0 \u00a0 \u00a0 \u00a0 \u00a0 \u00a0 \u00a0 \u00a0 \u00a0 \u00a0 \u00a0 Sor; Regondi; Barrios;\u00a0Papandopulo; Walton \u00a0 \u00a0 Nastupa: \u00a0 Petrit Ceku, gitara \u00a0 Cijena ulaznice: 90,00 kn U slu\u010daju ki\u0161e koncert \u0107e se odr\u017eati u Maloj dvorani KD Lisinski! \u00a0 \u00a0<\/p>\n","protected":false},"author":5,"featured_media":50872,"comment_status":"open","ping_status":"closed","sticky":false,"template":"","format":"standard","meta":{"_acf_changed":false,"_editorskit_title_hidden":false,"_editorskit_reading_time":0,"_editorskit_is_block_options_detached":false,"_editorskit_block_options_position":"{}","_gspb_post_css":"","_crdt_document":"","ngg_post_thumbnail":0,"footnotes":""},"categories":[262],"tags":[],"class_list":["post-50873","post","type-post","status-publish","format-standard","has-post-thumbnail","hentry","category-arhiva"],"blocksy_meta":[],"acf":[],"_links":{"self":[{"href":"https:\/\/scenaamadeo.hr\/wordpress\/index.php\/wp-json\/wp\/v2\/posts\/50873","targetHints":{"allow":["GET"]}}],"collection":[{"href":"https:\/\/scenaamadeo.hr\/wordpress\/index.php\/wp-json\/wp\/v2\/posts"}],"about":[{"href":"https:\/\/scenaamadeo.hr\/wordpress\/index.php\/wp-json\/wp\/v2\/types\/post"}],"author":[{"embeddable":true,"href":"https:\/\/scenaamadeo.hr\/wordpress\/index.php\/wp-json\/wp\/v2\/users\/5"}],"replies":[{"embeddable":true,"href":"https:\/\/scenaamadeo.hr\/wordpress\/index.php\/wp-json\/wp\/v2\/comments?post=50873"}],"version-history":[{"count":0,"href":"https:\/\/scenaamadeo.hr\/wordpress\/index.php\/wp-json\/wp\/v2\/posts\/50873\/revisions"}],"wp:featuredmedia":[{"embeddable":true,"href":"https:\/\/scenaamadeo.hr\/wordpress\/index.php\/wp-json\/wp\/v2\/media\/50872"}],"wp:attachment":[{"href":"https:\/\/scenaamadeo.hr\/wordpress\/index.php\/wp-json\/wp\/v2\/media?parent=50873"}],"wp:term":[{"taxonomy":"category","embeddable":true,"href":"https:\/\/scenaamadeo.hr\/wordpress\/index.php\/wp-json\/wp\/v2\/categories?post=50873"},{"taxonomy":"post_tag","embeddable":true,"href":"https:\/\/scenaamadeo.hr\/wordpress\/index.php\/wp-json\/wp\/v2\/tags?post=50873"}],"curies":[{"name":"wp","href":"https:\/\/api.w.org\/{rel}","templated":true}]}}