{"id":50867,"date":"2013-07-19T09:59:31","date_gmt":"2013-07-19T09:59:31","guid":{"rendered":"https:\/\/scenaamadeo.hr\/wordpress\/index.php\/2013\/07\/19\/subota-24-08-2013-21-00-predstava-pricaj-mi-o-gorkom\/"},"modified":"2013-07-19T09:59:31","modified_gmt":"2013-07-19T09:59:31","slug":"subota-24-08-2013-21-00-predstava-pricaj-mi-o-gorkom","status":"publish","type":"post","link":"https:\/\/scenaamadeo.hr\/wordpress\/index.php\/2013\/07\/19\/subota-24-08-2013-21-00-predstava-pricaj-mi-o-gorkom\/","title":{"rendered":"Subota, 24.08.2013. \/ 21:00 \/ predstava \/ Pri\u010daj mi o Gorkom"},"content":{"rendered":"<p style=\"margin-bottom: 0.0001pt; text-align: justify;\"><span style=\"font-size: 10pt; line-height: 115%; font-family: Arial, sans-serif;\"><img loading=\"lazy\" decoding=\"async\" class=\" alignleft size-full wp-image-50866\" src=\"https:\/\/scenaamadeo.hr\/wordpress\/wp-content\/uploads\/program\/Gorki-optim-b5d.jpg\" width=\"310\" height=\"207\" alt=\"Gorki optim\" style=\"margin-right: 40px; margin-bottom: 40px; float: left;\" srcset=\"https:\/\/scenaamadeo.hr\/wordpress\/wp-content\/uploads\/program\/Gorki-optim-b5d.jpg 600w, https:\/\/scenaamadeo.hr\/wordpress\/wp-content\/uploads\/program\/Gorki-optim-b5d-300x200.jpg 300w\" sizes=\"auto, (max-width: 310px) 100vw, 310px\" \/><span style=\"font-size: small;\">Predstava Pri\u010daj mi o Gorkom nastala je prema dvama autobiografskim romanima Mani Gotovac, <i>Fali\u0161 mi<\/i>, a koja je na scenu iznjedrila autori\u010dinu ljubavnu pri\u010du s \u010dovjekom njenog \u017eivota. To je ljubavna pri\u010da o dvoje ljudi koji su trideset godina \u017eivjeli jedan za drugoga, a samo tri godine proveli zajedno. Kroz osobnu pri\u010du pratimo intimni rast i sazrijevanje lica, njihovih odnosa i povezanosti kroz vremenski period koji daje \u0161iru dru\u0161tvenu sliku vremena kroz koje se radnja predstave odvija. Lela Margiti\u0107, Hana Hegedu\u0161i\u0107 i Robert Plemi\u0107 sjajnim gluma\u010dkim kreacijama nude pregr\u0161t emocija, dok Mani Gotovac poru\u010duje: \u201ePri\u010dati o ljubavi, kao i voljeti, trebamo uvijek!\u201c<\/span><\/span><\/p>\n<p style=\"text-align: justify;\"><span style=\"font-size: 10pt; line-height: 115%; font-family: Arial, sans-serif;\">\u00a0<\/span><\/p>\n<p style=\"text-align: justify;\"><span style=\"font-size: small; line-height: 115%; font-family: Arial, sans-serif;\">Glume: <a href=\"http:\/\/www.planet-art.hr\/hr\/biografije\/34\/19\/19\">Lela Margiti\u0107<\/a>, <a href=\"http:\/\/www.teatar.hr\/osobe\/hana-hegedusic\/\">Hana Hegedu\u0161i\u0107<\/a> i <a href=\"http:\/\/www.planet-art.hr\/hr\/biografije\/155\/19\/19\">Robert Plemi\u0107<\/a><\/span><\/p>\n<p style=\"text-align: justify;\"><span style=\"font-size: small; line-height: 115%; font-family: Arial, sans-serif;\">Produkcija: <a href=\"http:\/\/www.planet-art.hr\/hr\/naslovnica\/page\/1\/1\">Planet Art<\/a><\/span><\/p>\n<p style=\"text-align: justify;\"><span style=\"font-size: 10pt; line-height: 115%; font-family: Arial, sans-serif;\">\u00a0<\/span><\/p>\n","protected":false},"excerpt":{"rendered":"<p>Predstava Pri\u010daj mi o Gorkom nastala je prema dvama autobiografskim romanima Mani Gotovac, Fali\u0161 mi, a koja je na scenu iznjedrila autori\u010dinu ljubavnu pri\u010du s \u010dovjekom njenog \u017eivota. To je ljubavna pri\u010da o dvoje ljudi koji su trideset godina \u017eivjeli jedan za drugoga, a samo tri godine proveli zajedno. Kroz osobnu pri\u010du pratimo intimni rast [&hellip;]<\/p>\n","protected":false},"author":5,"featured_media":50866,"comment_status":"open","ping_status":"closed","sticky":false,"template":"","format":"standard","meta":{"_acf_changed":false,"_editorskit_title_hidden":false,"_editorskit_reading_time":0,"_editorskit_is_block_options_detached":false,"_editorskit_block_options_position":"{}","_gspb_post_css":"","_crdt_document":"","ngg_post_thumbnail":0,"footnotes":""},"categories":[262],"tags":[],"class_list":["post-50867","post","type-post","status-publish","format-standard","has-post-thumbnail","hentry","category-arhiva"],"blocksy_meta":[],"acf":[],"_links":{"self":[{"href":"https:\/\/scenaamadeo.hr\/wordpress\/index.php\/wp-json\/wp\/v2\/posts\/50867","targetHints":{"allow":["GET"]}}],"collection":[{"href":"https:\/\/scenaamadeo.hr\/wordpress\/index.php\/wp-json\/wp\/v2\/posts"}],"about":[{"href":"https:\/\/scenaamadeo.hr\/wordpress\/index.php\/wp-json\/wp\/v2\/types\/post"}],"author":[{"embeddable":true,"href":"https:\/\/scenaamadeo.hr\/wordpress\/index.php\/wp-json\/wp\/v2\/users\/5"}],"replies":[{"embeddable":true,"href":"https:\/\/scenaamadeo.hr\/wordpress\/index.php\/wp-json\/wp\/v2\/comments?post=50867"}],"version-history":[{"count":0,"href":"https:\/\/scenaamadeo.hr\/wordpress\/index.php\/wp-json\/wp\/v2\/posts\/50867\/revisions"}],"wp:featuredmedia":[{"embeddable":true,"href":"https:\/\/scenaamadeo.hr\/wordpress\/index.php\/wp-json\/wp\/v2\/media\/50866"}],"wp:attachment":[{"href":"https:\/\/scenaamadeo.hr\/wordpress\/index.php\/wp-json\/wp\/v2\/media?parent=50867"}],"wp:term":[{"taxonomy":"category","embeddable":true,"href":"https:\/\/scenaamadeo.hr\/wordpress\/index.php\/wp-json\/wp\/v2\/categories?post=50867"},{"taxonomy":"post_tag","embeddable":true,"href":"https:\/\/scenaamadeo.hr\/wordpress\/index.php\/wp-json\/wp\/v2\/tags?post=50867"}],"curies":[{"name":"wp","href":"https:\/\/api.w.org\/{rel}","templated":true}]}}