{"id":50863,"date":"2013-07-19T09:34:44","date_gmt":"2013-07-19T09:34:44","guid":{"rendered":"https:\/\/scenaamadeo.hr\/wordpress\/index.php\/2013\/07\/19\/srijeda-21-08-2013-21-00-predstava-cyrano\/"},"modified":"2013-07-19T09:34:44","modified_gmt":"2013-07-19T09:34:44","slug":"srijeda-21-08-2013-21-00-predstava-cyrano","status":"publish","type":"post","link":"https:\/\/scenaamadeo.hr\/wordpress\/index.php\/2013\/07\/19\/srijeda-21-08-2013-21-00-predstava-cyrano\/","title":{"rendered":"Srijeda, 21.08.2013. \/ 21:00 \/ predstava \/ Cyrano"},"content":{"rendered":"<p style=\"text-align: justify;\"><span style=\"font-size: 10pt; line-height: 115%; font-family: Arial, sans-serif;\"><img loading=\"lazy\" decoding=\"async\" class=\" alignleft size-full wp-image-50861\" src=\"https:\/\/scenaamadeo.hr\/wordpress\/wp-content\/uploads\/program\/Cyrano-bf8.jpg\" width=\"310\" height=\"213\" alt=\"Cyrano\" style=\"margin-right: 40px; margin-bottom: 100px; float: left;\" srcset=\"https:\/\/scenaamadeo.hr\/wordpress\/wp-content\/uploads\/program\/Cyrano-bf8.jpg 600w, https:\/\/scenaamadeo.hr\/wordpress\/wp-content\/uploads\/program\/Cyrano-bf8-300x206.jpg 300w\" sizes=\"auto, (max-width: 310px) 100vw, 310px\" \/><span style=\"font-size: small; font-family: arial, helvetica, sans-serif;\">On je vitez bez mane, ne ra\u010dunamo li njegov dugi nos, prgav karakter i zaljubljivost mjese\u010dara. On je Cyrano, pjesnik i ma\u010devalac. U vremenu nesklonom poeziji, poezijom je zavodio. Zato je on i na\u0161 suvremenik. Oblikuje ga\u00a0<\/span><\/span><span style=\"font-size: small; font-family: arial, helvetica, sans-serif;\"><strong style=\"text-align: start;\"><span style=\"font-weight: normal;\">Goran Grgi\u0107\u00a0<\/span><\/strong>u predstavi u re\u017eiji<strong><span style=\"font-weight: normal;\">Ivice Kun\u010devi\u0107a<\/span><\/strong><span style=\"text-align: start;\">. Roksana je\u00a0<\/span><strong style=\"text-align: start;\"><span style=\"font-weight: normal;\">Nata\u0161a Dangubi\u0107, Kristijan Hrvoje Klobu\u010dar. \u017darko Savi\u0107, Filip Ri\u0111i\u010dki\u00a0<\/span><\/strong><strong><\/strong>glume cijeli niz uloga u ovoj predstavi o ljubavi i smrti zbog ljubavi. Ekipa snova, po izboru redatelja! Volimo li duh ili tijelo, mo\u017ee li se to uop\u0107e razdvajati?! Neko vrijeme da, ali samo neko, kra\u0107e vrijeme, ka\u017eu Kun\u010devi\u0107 i Rostand i svjedo\u010de djelom i \u2013 \u017eivotom!<\/span><\/p>\n<p style=\"text-align: justify;\">\u00a0<\/p>\n<p style=\"text-align: justify;\"><span style=\"font-size: small; font-family: arial, helvetica, sans-serif;\">Glume:<\/span><\/p>\n<p style=\"margin-bottom: 0.0001pt;\"><span style=\"font-size: small; font-family: arial, helvetica, sans-serif;\"><a href=\"http:\/\/hr.wikipedia.org\/wiki\/Goran_Grgi%C4%87\">Goran Grgi\u0107<\/a>, <a href=\"http:\/\/hr.wikipedia.org\/wiki\/Nata%C5%A1a_Dangubi%C4%87\">Nata\u0161a Dangubi\u0107<\/a>, <a href=\"http:\/\/www.gavella.hr\/hr\/ansambl\/klobucar_hrvoje\">Hrvoje Klobu\u010dar<\/a>, <\/span><\/p>\n<p style=\"margin-bottom: 0.0001pt;\"><span style=\"font-size: small; font-family: arial, helvetica, sans-serif;\"><a href=\"http:\/\/www.zkl.hr\/o-kazalistu\/ansambl\/122-zarko-savic.html\">\u017darko Savi\u0107<\/a> i <a href=\"http:\/\/www.teatar.hr\/osobe\/filip-ridicki\/\">Filip Ri\u0111i\u010dki <\/a><\/span><\/p>\n<p style=\"margin-bottom: 0.0001pt;\"><span style=\"font-size: small; font-family: arial, helvetica, sans-serif;\">Redatelj: . <a href=\"http:\/\/www.teatar.hr\/osobe\/ivica-kuncevic\/\">Ivica Kun\u010devi\u0107 <\/a>\u00a0\u00a0\u00a0\u00a0\u00a0\u00a0 <\/span><\/p>\n<p style=\"margin-bottom: 0.0001pt;\"><span style=\"font-size: small; font-family: arial, helvetica, sans-serif;\">Produkcija: <a href=\"http:\/\/teatarmanjevise.wordpress.com\/\">Teatar Manje je vi\u0161e<\/a> i <a href=\"http:\/\/www.cekate.hr\/\">Cekate<\/a><\/span><\/p>\n<p style=\"margin-bottom: 0.0001pt;\"><span style=\"font-size: small; font-family: arial, helvetica, sans-serif;\">\u00a0<\/span><\/p>\n","protected":false},"excerpt":{"rendered":"<p>On je vitez bez mane, ne ra\u010dunamo li njegov dugi nos, prgav karakter i zaljubljivost mjese\u010dara. On je Cyrano, pjesnik i ma\u010devalac. U vremenu nesklonom poeziji, poezijom je zavodio. Zato je on i na\u0161 suvremenik. Oblikuje ga\u00a0Goran Grgi\u0107\u00a0u predstavi u re\u017eijiIvice Kun\u010devi\u0107a. Roksana je\u00a0Nata\u0161a Dangubi\u0107, Kristijan Hrvoje Klobu\u010dar. \u017darko Savi\u0107, Filip Ri\u0111i\u010dki\u00a0glume cijeli niz uloga [&hellip;]<\/p>\n","protected":false},"author":5,"featured_media":50861,"comment_status":"open","ping_status":"closed","sticky":false,"template":"","format":"standard","meta":{"_acf_changed":false,"_editorskit_title_hidden":false,"_editorskit_reading_time":0,"_editorskit_is_block_options_detached":false,"_editorskit_block_options_position":"{}","_gspb_post_css":"","_crdt_document":"","ngg_post_thumbnail":0,"footnotes":""},"categories":[262],"tags":[],"class_list":["post-50863","post","type-post","status-publish","format-standard","has-post-thumbnail","hentry","category-arhiva"],"blocksy_meta":[],"acf":[],"_links":{"self":[{"href":"https:\/\/scenaamadeo.hr\/wordpress\/index.php\/wp-json\/wp\/v2\/posts\/50863","targetHints":{"allow":["GET"]}}],"collection":[{"href":"https:\/\/scenaamadeo.hr\/wordpress\/index.php\/wp-json\/wp\/v2\/posts"}],"about":[{"href":"https:\/\/scenaamadeo.hr\/wordpress\/index.php\/wp-json\/wp\/v2\/types\/post"}],"author":[{"embeddable":true,"href":"https:\/\/scenaamadeo.hr\/wordpress\/index.php\/wp-json\/wp\/v2\/users\/5"}],"replies":[{"embeddable":true,"href":"https:\/\/scenaamadeo.hr\/wordpress\/index.php\/wp-json\/wp\/v2\/comments?post=50863"}],"version-history":[{"count":0,"href":"https:\/\/scenaamadeo.hr\/wordpress\/index.php\/wp-json\/wp\/v2\/posts\/50863\/revisions"}],"wp:featuredmedia":[{"embeddable":true,"href":"https:\/\/scenaamadeo.hr\/wordpress\/index.php\/wp-json\/wp\/v2\/media\/50861"}],"wp:attachment":[{"href":"https:\/\/scenaamadeo.hr\/wordpress\/index.php\/wp-json\/wp\/v2\/media?parent=50863"}],"wp:term":[{"taxonomy":"category","embeddable":true,"href":"https:\/\/scenaamadeo.hr\/wordpress\/index.php\/wp-json\/wp\/v2\/categories?post=50863"},{"taxonomy":"post_tag","embeddable":true,"href":"https:\/\/scenaamadeo.hr\/wordpress\/index.php\/wp-json\/wp\/v2\/tags?post=50863"}],"curies":[{"name":"wp","href":"https:\/\/api.w.org\/{rel}","templated":true}]}}