{"id":50860,"date":"2013-07-19T09:19:09","date_gmt":"2013-07-19T09:19:09","guid":{"rendered":"https:\/\/scenaamadeo.hr\/wordpress\/index.php\/2013\/07\/19\/subota-10-08-2013-21-00-koncert-matija-dedic-scott-colley-antonio-sanchez\/"},"modified":"2013-07-19T09:19:09","modified_gmt":"2013-07-19T09:19:09","slug":"subota-10-08-2013-21-00-koncert-matija-dedic-scott-colley-antonio-sanchez","status":"publish","type":"post","link":"https:\/\/scenaamadeo.hr\/wordpress\/index.php\/2013\/07\/19\/subota-10-08-2013-21-00-koncert-matija-dedic-scott-colley-antonio-sanchez\/","title":{"rendered":"Subota, 10.08.2013. \/ 21:00 \/ koncert \/ Matija Dedi\u0107, Scott Colley, Antonio Sanchez"},"content":{"rendered":"<p style=\"margin-bottom: 0.0001pt;\"><span style=\"font-size: 10pt; font-family: Arial, sans-serif;\"><img loading=\"lazy\" decoding=\"async\" class=\" alignleft size-full wp-image-50859\" src=\"https:\/\/scenaamadeo.hr\/wordpress\/wp-content\/uploads\/phocagallery\/2012\/Dedic_Krajacic\/IMG_9251-fe5.jpg\" width=\"310\" height=\"244\" alt=\"IMG 9251\" style=\"margin-right: 40px; float: left;\" srcset=\"https:\/\/scenaamadeo.hr\/wordpress\/wp-content\/uploads\/phocagallery\/2012\/Dedic_Krajacic\/IMG_9251-fe5.jpg 609w, https:\/\/scenaamadeo.hr\/wordpress\/wp-content\/uploads\/phocagallery\/2012\/Dedic_Krajacic\/IMG_9251-fe5-300x236.jpg 300w\" sizes=\"auto, (max-width: 310px) 100vw, 310px\" \/><span style=\"font-size: 10pt; font-family: Arial, sans-serif;\"><span style=\"font-size: 10pt; font-family: Arial, sans-serif;\"><span style=\"font-size: 10pt; font-family: Arial, sans-serif;\"><span style=\"font-size: small; color: #000000;\">Nastupaju: \u00a0 \u00a0 \u00a0 \u00a0 \u00a0 \u00a0 \u00a0 \u00a0 \u00a0 \u00a0 \u00a0 \u00a0 \u00a0 \u00a0 \u00a0 \u00a0 \u00a0 \u00a0 \u00a0 \u00a0 \u00a0 \u00a0 \u00a0 \u00a0 \u00a0 \u00a0 \u00a0 \u00a0 \u00a0 \u00a0 \u00a0 \u00a0 \u00a0 \u00a0 \u00a0 \u00a0 \u00a0<\/span><\/span><\/span><\/span><\/span><\/p>\n<p style=\"margin-bottom: 0.0001pt;\"><span style=\"font-size: 10pt; font-family: Arial, sans-serif;\"><span style=\"font-size: small; color: #000000;\">\u00a0<\/span><\/span><\/p>\n<p style=\"margin-bottom: 0.0001pt;\"><a href=\"http:\/\/www.matijadedic.com\/\"><span style=\"font-size: 10pt; font-family: Arial, sans-serif;\"><span style=\"font-size: small; color: #000000;\">Matija Dedi\u0107<\/span><\/span><\/a><span style=\"font-size: small; font-family: Arial, sans-serif; color: #000000;\">, klavir<\/span><\/p>\n<p style=\"margin-bottom: 0.0001pt;\"><span style=\"font-size: small; color: #000000;\"><span style=\"font-family: Arial, sans-serif;\"><a href=\"http:\/\/www.scottcolley.com\/\">Scott Colley<\/a>, <\/span><span style=\"font-family: Arial, sans-serif;\">kontrabas; <\/span><\/span><\/p>\n<p style=\"margin-bottom: 0.0001pt;\"><span style=\"font-size: small; color: #000000;\"><span style=\"font-family: Arial, sans-serif;\"><a href=\"http:\/\/www.antoniosanchez.net\/\">Antonio Sanchez<\/a>, <\/span><span style=\"font-family: Arial, sans-serif;\">bubnjevi<\/span><\/span><\/p>\n<p style=\"margin-bottom: 0.0001pt;\"><strong><span style=\"font-size: small; color: #000000;\"><span style=\"font-family: Arial, sans-serif;\">\u00a0<\/span><\/span><\/strong><\/p>\n<p style=\"margin-bottom: 0.0001pt;\"><strong><span style=\"font-size: small; color: #000000;\"><span style=\"font-family: Arial, sans-serif;\">U slu\u010daju ki\u0161e koncert \u0107e se odr\u017eati u muzeju Mimara!<\/span><\/span><\/strong><\/p>\n<p style=\"margin-bottom: 0.0001pt;\"><strong><span style=\"font-size: small; color: #000000;\"><span style=\"font-family: Arial, sans-serif;\">\u00a0<\/span><\/span><\/strong><\/p>\n","protected":false},"excerpt":{"rendered":"<p>Nastupaju: \u00a0 \u00a0 \u00a0 \u00a0 \u00a0 \u00a0 \u00a0 \u00a0 \u00a0 \u00a0 \u00a0 \u00a0 \u00a0 \u00a0 \u00a0 \u00a0 \u00a0 \u00a0 \u00a0 \u00a0 \u00a0 \u00a0 \u00a0 \u00a0 \u00a0 \u00a0 \u00a0 \u00a0 \u00a0 \u00a0 \u00a0 \u00a0 \u00a0 \u00a0 \u00a0 \u00a0 \u00a0 \u00a0 Matija Dedi\u0107, klavir Scott Colley, kontrabas; Antonio Sanchez, bubnjevi \u00a0 U slu\u010daju ki\u0161e koncert \u0107e se [&hellip;]<\/p>\n","protected":false},"author":5,"featured_media":50859,"comment_status":"open","ping_status":"closed","sticky":false,"template":"","format":"standard","meta":{"_acf_changed":false,"_editorskit_title_hidden":false,"_editorskit_reading_time":0,"_editorskit_is_block_options_detached":false,"_editorskit_block_options_position":"{}","_gspb_post_css":"","_crdt_document":"","ngg_post_thumbnail":0,"footnotes":""},"categories":[262],"tags":[],"class_list":["post-50860","post","type-post","status-publish","format-standard","has-post-thumbnail","hentry","category-arhiva"],"blocksy_meta":[],"acf":[],"_links":{"self":[{"href":"https:\/\/scenaamadeo.hr\/wordpress\/index.php\/wp-json\/wp\/v2\/posts\/50860","targetHints":{"allow":["GET"]}}],"collection":[{"href":"https:\/\/scenaamadeo.hr\/wordpress\/index.php\/wp-json\/wp\/v2\/posts"}],"about":[{"href":"https:\/\/scenaamadeo.hr\/wordpress\/index.php\/wp-json\/wp\/v2\/types\/post"}],"author":[{"embeddable":true,"href":"https:\/\/scenaamadeo.hr\/wordpress\/index.php\/wp-json\/wp\/v2\/users\/5"}],"replies":[{"embeddable":true,"href":"https:\/\/scenaamadeo.hr\/wordpress\/index.php\/wp-json\/wp\/v2\/comments?post=50860"}],"version-history":[{"count":0,"href":"https:\/\/scenaamadeo.hr\/wordpress\/index.php\/wp-json\/wp\/v2\/posts\/50860\/revisions"}],"wp:featuredmedia":[{"embeddable":true,"href":"https:\/\/scenaamadeo.hr\/wordpress\/index.php\/wp-json\/wp\/v2\/media\/50859"}],"wp:attachment":[{"href":"https:\/\/scenaamadeo.hr\/wordpress\/index.php\/wp-json\/wp\/v2\/media?parent=50860"}],"wp:term":[{"taxonomy":"category","embeddable":true,"href":"https:\/\/scenaamadeo.hr\/wordpress\/index.php\/wp-json\/wp\/v2\/categories?post=50860"},{"taxonomy":"post_tag","embeddable":true,"href":"https:\/\/scenaamadeo.hr\/wordpress\/index.php\/wp-json\/wp\/v2\/tags?post=50860"}],"curies":[{"name":"wp","href":"https:\/\/api.w.org\/{rel}","templated":true}]}}