{"id":50850,"date":"2013-06-13T08:33:23","date_gmt":"2013-06-13T08:33:23","guid":{"rendered":"https:\/\/scenaamadeo.hr\/wordpress\/index.php\/2013\/06\/13\/nedjelja-28-07-2013-21-00-mala-dvorana-kd-lisinski-flamenco-festival\/"},"modified":"2013-06-13T08:33:23","modified_gmt":"2013-06-13T08:33:23","slug":"nedjelja-28-07-2013-21-00-mala-dvorana-kd-lisinski-flamenco-festival","status":"publish","type":"post","link":"https:\/\/scenaamadeo.hr\/wordpress\/index.php\/2013\/06\/13\/nedjelja-28-07-2013-21-00-mala-dvorana-kd-lisinski-flamenco-festival\/","title":{"rendered":"Nedjelja, 28.07.2013. \/ 21:00 \/ Mala dvorana KD Lisinski \/ Flamenco Festival"},"content":{"rendered":"<p><span style=\"color: #000000; font-size: small;\"><strong><span style=\"line-height: 115%; font-family: Arial, sans-serif;\"><img loading=\"lazy\" decoding=\"async\" class=\" alignleft size-full wp-image-50849\" src=\"https:\/\/scenaamadeo.hr\/wordpress\/wp-content\/uploads\/program\/flamenco_2013\/07_MADERA_POR_METAL-35d.jpg\" width=\"310\" height=\"310\" alt=\"07 MADERA POR METAL\" style=\"margin-right: 40px; margin-bottom: 300px; float: left;\" srcset=\"https:\/\/scenaamadeo.hr\/wordpress\/wp-content\/uploads\/program\/flamenco_2013\/07_MADERA_POR_METAL-35d.jpg 1181w, https:\/\/scenaamadeo.hr\/wordpress\/wp-content\/uploads\/program\/flamenco_2013\/07_MADERA_POR_METAL-35d-300x300.jpg 300w, https:\/\/scenaamadeo.hr\/wordpress\/wp-content\/uploads\/program\/flamenco_2013\/07_MADERA_POR_METAL-35d-1024x1024.jpg 1024w, https:\/\/scenaamadeo.hr\/wordpress\/wp-content\/uploads\/program\/flamenco_2013\/07_MADERA_POR_METAL-35d-150x150.jpg 150w, https:\/\/scenaamadeo.hr\/wordpress\/wp-content\/uploads\/program\/flamenco_2013\/07_MADERA_POR_METAL-35d-768x768.jpg 768w\" sizes=\"auto, (max-width: 310px) 100vw, 310px\" \/>Madera por Metal \u00a0 \u00a0 \u00a0 \u00a0 \u00a0 \u00a0 \u00a0 \u00a0 \u00a0 \u00a0 \u00a0 \u00a0 \u00a0 \u00a0 \u00a0 \u00a0 \u00a0 \u00a0 \u00a0 \u00a0 \u00a0 \u00a0 \u00a0 \u00a0 \u00a0 \u00a0 \u00a0 \u00a0 \u00a0 \u00a0 \u00a0 \u00a0 \u00a0 \u00a0<\/span><\/strong><\/span><\/p>\n<p><span style=\"color: #000000; font-size: small;\"><span style=\"line-height: 115%; font-family: Arial, sans-serif;\">Selene Mu\u00f1oz, \u0160panjolska \/ predstava<\/span><\/span><\/p>\n<p><span style=\"color: #000000; font-size: small;\"><span style=\"line-height: 115%; font-family: Arial, sans-serif;\">\u00a0<\/span><\/span><\/p>\n<p style=\"text-align: justify;\"><span style=\"font-size: small; line-height: 115%; font-family: Arial, sans-serif; color: #000000;\">\u0160uma pjeva, \u0161uma ple\u0161e, Selene Mu\u00f1oz ju je probudila i zanjihala. Miguel Rodriguez stvara zvukove samo za nju. \u017dice se mi\u010du,povr\u0161ine pulsiraju, podrhtava atmosfera. Drvo. Metal. Papir. Zemlja. \u0160uma vra\u0107a jeku. Ljepota ove predstave smje\u0161tena je u pokretu ovo dvoje umjetnika. &#8220;Madera por Metal&#8221; obuzima i privija u svoje skute. <\/span><\/p>\n<p style=\"text-align: justify;\"><span style=\"color: #000000; font-size: small;\"><span style=\"line-height: 115%; font-family: Arial, sans-serif;\">\u00a0<\/span><\/span><\/p>\n<p style=\"text-align: justify;\"><span style=\"color: #000000; font-size: small;\"><span style=\"line-height: 115%; font-family: Arial, sans-serif;\">Selene Mu\u00f1oz <\/span><span style=\"line-height: 115%; font-family: Arial, sans-serif;\">nominirana je za najbolju plesa\u010dicu na presti\u017enom natjecanju u Danskoj\u00a0 2012. godine. Dobitnica je nagrade <i>Fotoescena <\/i>za najbolju scensku sliku za koreografiju\u00a0 \u201cLa Chaconera\u201d na natjecanju XV Certamen Coreogr\u00e1fico de Danza Espa\u00f1ola y Flamenco. Selene je, izme\u0111u ostalih, nastupila na sljede\u0107im presti\u017enim pozornicama: u m<\/span><span style=\"line-height: 115%; font-family: Arial, sans-serif;\">uzeju ReinaSof\u00eda, na sv<\/span><span style=\"line-height: 115%; font-family: Arial, sans-serif;\">j<\/span><span style=\"line-height: 115%; font-family: Arial, sans-serif;\">etskoj izlo\u017ebi u \u0160angaju, dodjeli nagrada za Flamenco Hoy, festivalu Caja Madrid , Sangre Nueva \u201cJovenes Flamencos\u201d, festivalu Flamenco Ciutat Vella, III Festival Flamenco \u201cLos Almaizares\u201d, festivalu Suma Flamenca, festivalu <i>flamenca<\/i> u Londonu i SAD-u, klubu\u201cMoods\u201d <\/span><span style=\"line-height: 115%; font-family: Arial, sans-serif;\">u Z\u00fcrichu<\/span><span style=\"line-height: 115%; font-family: Arial, sans-serif;\">, festivalu <i>flamenca<\/i> u Kopenhagenu\u2026<\/span><\/span><\/p>\n<p style=\"text-align: justify;\"><span style=\"color: #000000; font-size: small;\"><span style=\"line-height: 115%; font-family: Arial, sans-serif;\">\u00a0<\/span><\/span><\/p>\n<p style=\"text-align: justify;\"><span style=\"color: #000000; font-size: small;\"><span style=\"line-height: 115%; font-family: Arial, sans-serif;\"><strong><span style=\"color: #000000;\">Cijena ulaznice: 90,00 kn<\/span><\/strong><\/span><\/span><\/p>\n<p style=\"text-align: justify;\"><span style=\"color: #000000; font-size: small;\"><span style=\"line-height: 115%; font-family: Arial, sans-serif;\"><span><strong><span style=\"color: #000000;\"><span face=\"Arial, sans-serif\" size=\"2\" style=\"font-family: Arial, sans-serif; font-size: small;\">K<\/span><i style=\"font-family: Tahoma, Arial, Helvetica, sans-serif; font-size: 12px;\">oncert \u0107e se odr\u017eati u Maloj dvorani KD Lisinski!<\/i><\/span><\/strong><\/span><span face=\"Arial, sans-serif\" size=\"2\" style=\"font-family: Arial, sans-serif; font-size: small;\">\u00a0<\/span><\/span><\/span><\/p>\n<p style=\"text-align: justify;\"><span style=\"color: #000000; font-size: small;\"><span style=\"line-height: 115%; font-family: Arial, sans-serif;\">\u00a0<\/span><\/span><\/p>\n<p style=\"text-align: justify;\"><span style=\"color: #000000; font-size: small;\"><span style=\"line-height: 115%; font-family: Arial, sans-serif;\"><strong style=\"font-family: arial, helvetica, sans-serif; font-size: small;\"><span style=\"color: #000000;\">Vi\u0161e informacija na\u00a0<a href=\"http:\/\/www.flamencofestivalzagreb.com\/\" style=\"font-family: Tahoma, Arial, Helvetica, sans-serif; font-size: 12px; color: #e20032;\">www.flamencofestivalzagreb.com<\/a><\/span><\/strong><\/span><\/span><\/p>\n<p style=\"text-align: justify;\"><span style=\"color: #000000; font-size: small;\"><span style=\"line-height: 115%; font-family: Arial, sans-serif;\">\u00a0<\/span><\/span><\/p>\n<p style=\"text-align: justify;\">\u00a0<\/p>\n<p style=\"margin-bottom: 5px; font-family: Tahoma, Arial, Helvetica, sans-serif; font-size: 12px;\"><span style=\"font-family: arial, helvetica, sans-serif; font-size: small; color: #000000;\"><strong>Radionice u sklopu Flamenco festivala:<\/strong><\/span><\/p>\n<p style=\"text-align: justify;\">\u00a0<\/p>\n<p style=\"margin-bottom: 5px; font-family: Tahoma, Arial, Helvetica, sans-serif; font-size: 12px;\"><span style=\"font-family: arial, helvetica, sans-serif; font-size: small; color: #000000;\">u 11:00 sati<\/span><\/p>\n<p style=\"text-align: justify;\">\u00a0<\/p>\n<p style=\"margin-bottom: 5px; font-family: Tahoma, Arial, Helvetica, sans-serif; font-size: 12px; text-align: justify;\"><span style=\"font-size: small; line-height: 14px; font-family: arial, helvetica, sans-serif;\">Masterclass Selene <span style=\"color: #000000; font-family: Arial, sans-serif; font-size: small; line-height: 14px;\">Mu\u00f1oz<\/span>\u00a0<\/span><\/p>\n<p style=\"text-align: justify;\">\u00a0<\/p>\n<p style=\"margin-bottom: 5px; font-family: Tahoma, Arial, Helvetica, sans-serif; font-size: 12px; text-align: justify;\"><span style=\"font-family: arial, helvetica, sans-serif; color: #000000;\">Radionica se odr\u017eava u \u0160koli flamenca Un Respiro, \u0160ubi\u0107eva 55, II kat.<\/span><\/p>\n<p style=\"text-align: justify;\">\u00a0<\/p>\n<p style=\"margin-bottom: 5px; font-family: Tahoma, Arial, Helvetica, sans-serif; font-size: 12px;\"><span style=\"font-size: small;\"><strong><span style=\"font-family: Arial, sans-serif;\">Prijave:<\/span><\/strong><span style=\"font-family: Arial, sans-serif;\">\u00a0<a href=\"mailto:% <script type='text\/javascript'> <!-- var prefix = 'ma' + 'il' + 'to'; var path = 'hr' + 'ef' + '='; var addy2130 = '20workshops' + '@'; addy2130 = addy2130 + 'flamencofestivalzagreb' + '.' + 'com'; document.write('<a ' + path + '\\'' + prefix + ':' + addy2130 + '\\'>'); document.write(addy2130); document.write('<\\\/a>'); \/\/-->\\n <\/script><script type='text\/javascript'> <!-- document.write('<span style=\\'display: none;\\'>'); \/\/--> <\/script>Ova e-mail adresa je za%C5%A1ti%C4%87ena od spambota. Potrebno je omogu%C4%87iti JavaScript da je vidite. <script type='text\/javascript'> <!-- document.write('<\/'); document.write('span>'); \/\/--> <\/script>&#8221; style=&#8221;font-family: Tahoma, Arial, Helvetica, sans-serif; font-size: 12px; color: #e20032;&#8221;><em><\/em><\/a><em><a href=\"mailto: <script type='text\/javascript'> <!-- var prefix = 'ma' + 'il' + 'to'; var path = 'hr' + 'ef' + '='; var addy27056 = 'workshops' + '@'; addy27056 = addy27056 + 'flamencofestivalzagreb' + '.' + 'com'; document.write('<a ' + path + '\\'' + prefix + ':' + addy27056 + '\\'>'); document.write(addy27056); document.write('<\\\/a>'); \/\/-->\\n <\/script><script type='text\/javascript'> <!-- document.write('<span style=\\'display: none;\\'>'); \/\/--> <\/script>Ova e-mail adresa je za%C5%A1ti%C4%87ena od spambota. Potrebno je omogu%C4%87iti JavaScript da je vidite. <script type='text\/javascript'> <!-- document.write('<\/'); document.write('span>'); \/\/--> <\/script>&#8221; style=&#8221;font-family: Tahoma, Arial, Helvetica, sans-serif; font-size: 12px; color: #e20032;&#8221;><\/a>\u00a0<a href=\"mailto:workshops@flamencofestivalzagreb.com\" style=\"font-family: Tahoma, Arial, Helvetica, sans-serif; font-size: 12px; color: #e20032;\"><\/a><a href=\"mailto:workshops@flamencofestivalzagreb.com\">workshops@flamencofestivalzagreb.com<\/a><\/em><\/span><\/span><br \/><span style=\"font-size: small;\"><strong>Telefon:\u00a0<\/strong>+385 95 805 6008<\/span><\/p>\n<p style=\"text-align: justify;\">\u00a0<\/p>\n<p style=\"margin-bottom: 5px; font-family: Tahoma, Arial, Helvetica, sans-serif; font-size: 12px; text-align: justify;\"><span style=\"font-family: arial, helvetica, sans-serif; font-size: small; color: #000000;\">Vi\u0161e informacija mo\u017eete na\u0107i na web stranicama\u00a0<a href=\"http:\/\/www.flamencofestivalzagreb.com\/radionica-flamenco-plesa-za-pocetnike\/\" style=\"font-family: Tahoma, Arial, Helvetica, sans-serif; font-size: 12px; color: #e20032;\">Flamenco festivala<\/a>.<\/span><\/p>\n<p style=\"text-align: justify;\">\u00a0<\/p>\n<div dir=\"ltr\" style=\"font-family: Tahoma, Arial, Helvetica, sans-serif; font-size: 12px;\"><strong style=\"color: #000000; font-family: arial, helvetica, sans-serif; font-size: small; text-align: justify;\">Cijena: 480,00 kn<\/strong><\/div>\n<p style=\"text-align: justify;\"><span style=\"color: #000000; font-size: small;\"><span style=\"line-height: 115%; font-family: Arial, sans-serif;\">\u00a0<\/span><\/span><\/p>\n","protected":false},"excerpt":{"rendered":"<p>Madera por Metal \u00a0 \u00a0 \u00a0 \u00a0 \u00a0 \u00a0 \u00a0 \u00a0 \u00a0 \u00a0 \u00a0 \u00a0 \u00a0 \u00a0 \u00a0 \u00a0 \u00a0 \u00a0 \u00a0 \u00a0 \u00a0 \u00a0 \u00a0 \u00a0 \u00a0 \u00a0 \u00a0 \u00a0 \u00a0 \u00a0 \u00a0 \u00a0 \u00a0 \u00a0 Selene Mu\u00f1oz, \u0160panjolska \/ predstava \u00a0 \u0160uma pjeva, \u0161uma ple\u0161e, Selene Mu\u00f1oz ju je probudila i zanjihala. Miguel [&hellip;]<\/p>\n","protected":false},"author":5,"featured_media":50849,"comment_status":"open","ping_status":"closed","sticky":false,"template":"","format":"standard","meta":{"_acf_changed":false,"_editorskit_title_hidden":false,"_editorskit_reading_time":0,"_editorskit_is_block_options_detached":false,"_editorskit_block_options_position":"{}","_gspb_post_css":"","_crdt_document":"","ngg_post_thumbnail":0,"footnotes":""},"categories":[262],"tags":[],"class_list":["post-50850","post","type-post","status-publish","format-standard","has-post-thumbnail","hentry","category-arhiva"],"blocksy_meta":[],"acf":[],"_links":{"self":[{"href":"https:\/\/scenaamadeo.hr\/wordpress\/index.php\/wp-json\/wp\/v2\/posts\/50850","targetHints":{"allow":["GET"]}}],"collection":[{"href":"https:\/\/scenaamadeo.hr\/wordpress\/index.php\/wp-json\/wp\/v2\/posts"}],"about":[{"href":"https:\/\/scenaamadeo.hr\/wordpress\/index.php\/wp-json\/wp\/v2\/types\/post"}],"author":[{"embeddable":true,"href":"https:\/\/scenaamadeo.hr\/wordpress\/index.php\/wp-json\/wp\/v2\/users\/5"}],"replies":[{"embeddable":true,"href":"https:\/\/scenaamadeo.hr\/wordpress\/index.php\/wp-json\/wp\/v2\/comments?post=50850"}],"version-history":[{"count":0,"href":"https:\/\/scenaamadeo.hr\/wordpress\/index.php\/wp-json\/wp\/v2\/posts\/50850\/revisions"}],"wp:featuredmedia":[{"embeddable":true,"href":"https:\/\/scenaamadeo.hr\/wordpress\/index.php\/wp-json\/wp\/v2\/media\/50849"}],"wp:attachment":[{"href":"https:\/\/scenaamadeo.hr\/wordpress\/index.php\/wp-json\/wp\/v2\/media?parent=50850"}],"wp:term":[{"taxonomy":"category","embeddable":true,"href":"https:\/\/scenaamadeo.hr\/wordpress\/index.php\/wp-json\/wp\/v2\/categories?post=50850"},{"taxonomy":"post_tag","embeddable":true,"href":"https:\/\/scenaamadeo.hr\/wordpress\/index.php\/wp-json\/wp\/v2\/tags?post=50850"}],"curies":[{"name":"wp","href":"https:\/\/api.w.org\/{rel}","templated":true}]}}