{"id":50848,"date":"2013-06-11T12:24:41","date_gmt":"2013-06-11T12:24:41","guid":{"rendered":"https:\/\/scenaamadeo.hr\/wordpress\/index.php\/2013\/06\/11\/petak-26-07-2013-21-00-flamenco-festival\/"},"modified":"2013-06-11T12:24:41","modified_gmt":"2013-06-11T12:24:41","slug":"petak-26-07-2013-21-00-flamenco-festival","status":"publish","type":"post","link":"https:\/\/scenaamadeo.hr\/wordpress\/index.php\/2013\/06\/11\/petak-26-07-2013-21-00-flamenco-festival\/","title":{"rendered":"Petak, 26.07.2013. \/ 21:00 \/ Flamenco Festival"},"content":{"rendered":"<p><strong style=\"text-align: justify;\"><span style=\"font-size: 10pt; line-height: 115%; font-family: Arial, sans-serif;\"><img loading=\"lazy\" decoding=\"async\" class=\" alignleft size-full wp-image-50846\" src=\"https:\/\/scenaamadeo.hr\/wordpress\/wp-content\/uploads\/program\/flamenco_2013\/03_ENCUENTRO-528.jpg\" width=\"310\" height=\"310\" alt=\"03 ENCUENTRO\" style=\"margin-right: 40px; float: left;\" srcset=\"https:\/\/scenaamadeo.hr\/wordpress\/wp-content\/uploads\/program\/flamenco_2013\/03_ENCUENTRO-528.jpg 1181w, https:\/\/scenaamadeo.hr\/wordpress\/wp-content\/uploads\/program\/flamenco_2013\/03_ENCUENTRO-528-300x300.jpg 300w, https:\/\/scenaamadeo.hr\/wordpress\/wp-content\/uploads\/program\/flamenco_2013\/03_ENCUENTRO-528-1024x1024.jpg 1024w, https:\/\/scenaamadeo.hr\/wordpress\/wp-content\/uploads\/program\/flamenco_2013\/03_ENCUENTRO-528-150x150.jpg 150w, https:\/\/scenaamadeo.hr\/wordpress\/wp-content\/uploads\/program\/flamenco_2013\/03_ENCUENTRO-528-768x768.jpg 768w\" sizes=\"auto, (max-width: 310px) 100vw, 310px\" \/><\/span><\/strong><\/p>\n<p style=\"text-align: justify;\"><span style=\"font-family: arial, helvetica, sans-serif; font-size: small;\"><strong><span style=\"line-height: 115%;\">Encuentro<\/span><\/strong><\/span><\/p>\n<p style=\"text-align: justify;\"><span style=\"font-family: arial, helvetica, sans-serif; font-size: small;\"><em><span style=\"line-height: 115%;\">Susret flamenco umjetnica iz regije (Slovenija, Hrvatska, Srbija, Crna Gora) \/ predstava<\/span><\/em><\/span><\/p>\n<p style=\"text-align: justify;\"><span style=\"font-size: small; line-height: 115%; font-family: arial, helvetica, sans-serif;\">\u00a0<\/span><\/p>\n<p style=\"text-align: justify;\"><span style=\"font-size: small; line-height: 115%; font-family: arial, helvetica, sans-serif;\">Plodnim susretima i suradnjom vode\u0107ih \u017eenskih figura scene<i> flamenca <\/i>\u00a0u regiji\u00a0 okupljen je me\u0111unarodni ansambl. Pod utjecajem kulture i okru\u017eenja (Slovenija, Hrvatska,Srbija, Crna Gora) svaka od njih na svoj na\u010din vidi i predstavlja umjetnost<i> flamenca<\/i> u svojoj zemlji. Autorica La Sali okupila je ovih pet umjetnica kako bi pokazala da <i>flamenco <\/i>bri\u0161e granice i prostornu udaljenost, a samo zajedni\u010dki rad stvara veliko djelo.<\/span><\/p>\n<p><span style=\"font-family: arial, helvetica, sans-serif; font-size: small;\">\u00a0<\/span><\/p>\n<p style=\"text-align: left;\"><span style=\"font-size: small; line-height: 115%; font-family: arial, helvetica, sans-serif;\"><strong style=\"font-family: arial, helvetica, sans-serif; font-size: small;\"><span style=\"color: #000000;\">Vi\u0161e informacija na\u00a0<a href=\"http:\/\/www.flamencofestivalzagreb.com\">flamencofestivalzagreb.com<\/a><\/span><\/strong>\u00a0<\/span><\/p>\n<p><span style=\"font-size: small; font-family: arial, helvetica, sans-serif;\">\u00a0<\/span><\/p>\n<p>\u00a0<\/p>\n<p>\u00a0<\/p>\n<p>\u00a0<\/p>\n<p>\u00a0<\/p>\n<p>\u00a0<\/p>\n<p style=\"text-align: justify;\"><span style=\"font-size: 10pt; line-height: 115%; font-family: Arial, sans-serif;\">\u00a0<\/span><\/p>\n<p style=\"text-align: justify;\"><span style=\"font-size: 10pt; line-height: 115%; font-family: Arial, sans-serif;\"><img loading=\"lazy\" decoding=\"async\" class=\" alignleft size-full wp-image-50847\" src=\"https:\/\/scenaamadeo.hr\/wordpress\/wp-content\/uploads\/program\/flamenco_2013\/04_TRENUTEK-4d1.jpg\" width=\"310\" height=\"310\" alt=\"04 TRENUTEK\" style=\"margin-right: 40px; margin-bottom: 700px; float: left;\" srcset=\"https:\/\/scenaamadeo.hr\/wordpress\/wp-content\/uploads\/program\/flamenco_2013\/04_TRENUTEK-4d1.jpg 1181w, https:\/\/scenaamadeo.hr\/wordpress\/wp-content\/uploads\/program\/flamenco_2013\/04_TRENUTEK-4d1-300x300.jpg 300w, https:\/\/scenaamadeo.hr\/wordpress\/wp-content\/uploads\/program\/flamenco_2013\/04_TRENUTEK-4d1-1024x1024.jpg 1024w, https:\/\/scenaamadeo.hr\/wordpress\/wp-content\/uploads\/program\/flamenco_2013\/04_TRENUTEK-4d1-150x150.jpg 150w, https:\/\/scenaamadeo.hr\/wordpress\/wp-content\/uploads\/program\/flamenco_2013\/04_TRENUTEK-4d1-768x768.jpg 768w\" sizes=\"auto, (max-width: 310px) 100vw, 310px\" \/><\/span><span style=\"font-size: 10pt; line-height: 115%; font-family: Arial, sans-serif;\"><strong>Trenutek\u00a0<\/strong><\/span><\/p>\n<p style=\"text-align: justify;\"><span style=\"font-size: 10pt; line-height: 115%; font-family: Arial, sans-serif;\"><strong><\/strong><em>CoraViento, Slovenija<\/em><\/span><\/p>\n<p style=\"text-align: justify;\"><span style=\"font-size: 10pt; line-height: 115%; font-family: Arial, sans-serif;\">\u00a0<\/span><\/p>\n<p style=\"text-align: justify;\"><span style=\"font-size: small; line-height: 115%; font-family: Arial, sans-serif;\">Predstava &#8220;Trenutek&#8221; predstava je koja se temelji na ritmu, pokretu i izra\u017eaju <i>flamenca<\/i> slu\u017ee\u0107i se modernom interpretacijom u dodiru s drugim plesnim stilovima. &#8220;Trenutek&#8221; predstavlja odraz vremena i okru\u017eenja u kojem \u017eivimo. \u010covjek se svakodnevno osje\u0107a zarobljen pod pritiskom vremena koje ga na neki na\u010din sputava i zbog toga za\u017eeli da ga na trenutak napusti ili zaustavi. No, iz kolote\u010dine zivota, na\u017ealost, ne mo\u017eemo pobje\u0107i. Trebamo ga uhvatiti tako da unutar njega do\u017eivimo mno\u0161tvo svojih dobrih trenutaka koji nam ispunjavaju \u017eivot. Otkrijmo sebe kroz trenutak. <\/span><\/p>\n<p style=\"text-align: justify;\"><span style=\"font-size: small; line-height: 115%; font-family: Arial, sans-serif; color: #1f497d;\">\u00a0<\/span><\/p>\n<p style=\"text-align: justify;\"><span style=\"font-size: small;\"><span style=\"line-height: 115%; font-family: Arial, sans-serif; color: #1f497d;\"><\/span><span style=\"color: #000000;\"><span style=\"line-height: 115%; font-family: Arial, sans-serif;\">Skupina CoraViento sastoji se od 8 <\/span><span style=\"line-height: 115%; font-family: Arial, sans-serif;\">plesa\u010da iz Slovenije (<\/span><span style=\"line-height: 115%; font-family: Arial, sans-serif;\">Ur\u0161ka Centa, Manca Dolenc, Mitja Obed, Katarina Rogelj, Simona \u0160turm i Mihaela Wabra Kucler<\/span><span style=\"line-height: 115%; font-family: Arial, sans-serif;\"> i <\/span><span style=\"line-height: 115%; font-family: Arial, sans-serif;\">Ur\u0161a Ivanu\u0161a) <\/span><\/span><span style=\"line-height: 115%; font-family: Arial, sans-serif; color: #1f497d;\"><span style=\"color: #000000;\">koji su se udru\u017eili kad su im se srca prona\u0161la u nadahnu\u0107u vjetra ( \u0161pa. CORAzon en VIENTO \u2013 Srce u vjetru). Zbog toga su i ostvarili svoju prvu predstavu &#8220;V zeleni senci lune&#8221; koja je plod zajedni\u010dkog rada i prijateljstva. Grupa nema voditelja, svi \u010dlanovi su ravnopravni, koreografije su zajedni\u010dko djelo sa ciljem uzdizanja plesa koji \u0107e ispuniti kako plesa\u010de tako i publiku. Svi plesa\u010di\u00a0 <i>flamenco <\/i>su u\u010dili kod Ane Pandur Predin u Sloveniji, a mnogi me\u0111u njima poha\u0111ali su i satove u \u0160panjolskoj. Uz <i>flamenco<\/i> vladaju i drugim plesnim formama kao \u0161to je balet, te su njihove koreografije oboga\u0107ene raznim stilovima.<\/span>\u00a0<\/span><\/span><\/p>\n<p>\u00a0<\/p>\n<p><em style=\"font-family: Tahoma, Arial, Helvetica, sans-serif; font-size: 12px;\"><strong><span style=\"color: #000000;\">U slu\u010daju ki\u0161e koncert \u0107e se odr\u017eati u Maloj dvorani KD Lisinski!<\/span><\/strong><\/em>\u00a0<\/p>\n<p>\u00a0<\/p>\n<p><span style=\"font-family: arial, helvetica, sans-serif; font-size: small; color: #000000;\"><strong><strong style=\"font-family: arial, helvetica, sans-serif; font-size: small;\"><span style=\"color: #000000;\"><\/span><\/strong><\/strong><\/span><span style=\"font-family: arial, helvetica, sans-serif; font-size: small; color: #000000;\"><strong><strong><span>Vi\u0161e informacija na\u00a0<\/span><\/strong><\/strong><\/span><\/p>\n<p><span style=\"font-family: arial, helvetica, sans-serif; font-size: small; color: #000000;\"><strong><strong><span><a href=\"http:\/\/www.flamencofestivalzagreb.com\">www.flamencofestivalzagreb.com<\/a><\/span><\/strong><\/strong><\/span><\/p>\n<p><span style=\"font-family: arial, helvetica, sans-serif; font-size: small; color: #000000;\"><strong>\u00a0<\/strong><\/span><\/p>\n<p><span style=\"font-family: arial, helvetica, sans-serif; font-size: small; color: #000000;\"><strong>Radionice u sklopu Flamenco festivala:<\/strong><\/span><\/p>\n<p>\u00a0<\/p>\n<p><span style=\"font-family: arial, helvetica, sans-serif; font-size: small; color: #000000;\">u 11:00 sati<\/span><\/p>\n<p style=\"text-align: justify;\"><span style=\"font-family: arial, helvetica, sans-serif; font-size: small; color: #000000;\">Radionica flamenco plesa za po\u010detnike &#8211; za djecu<\/span><\/p>\n<p style=\"text-align: justify;\"><span style=\"font-family: arial, helvetica, sans-serif; font-size: small; color: #000000;\">Neka va\u0161e djete upozna magi\u010dne ritmove flamenca uz u\u010ditelje prve \u0161kole\u00a0flamenca u Hrvatskoj. Djeca \u0107e nau\u010diti koordinirati ples, pljeskanje i ritmi\u010dko\u00a0udaranje nogama, za\u0161titni znak flamenca, i uz to se dobro zabaviti.<br \/><\/span><\/p>\n<p style=\"text-align: justify;\"><span style=\"font-family: arial, helvetica, sans-serif; font-size: small; color: #000000;\"><\/span><span style=\"font-family: arial, helvetica, sans-serif; font-size: small; color: #000000;\">Radionica se odr\u017eava u \u0160koli flamenca Un Respiro, \u0160ubi\u0107eva 55, II kat.<\/span><\/p>\n<p><span style=\"font-size: small;\"><strong><span style=\"font-family: Arial, sans-serif;\">Prijave:<\/span><\/strong><span style=\"font-family: Arial, sans-serif;\"> <a href=\"mailto:%20workshops@flamencofestivalzagreb.com\"><em><\/em><\/a><em><a href=\"mailto:workshops@flamencofestivalzagreb.com\">workshops@flamencofestivalzagreb.com<\/a><\/em><\/span><\/span><br \/><span style=\"font-size: small;\"> <strong>Telefon: <\/strong>+385 95 805 6008<\/span><o:p><\/o:p><\/p>\n<p style=\"text-align: justify;\"><span style=\"font-family: arial, helvetica, sans-serif; font-size: small; color: #000000;\">Vi\u0161e informacija mo\u017eete na\u0107i na web stranicama <a href=\"http:\/\/www.flamencofestivalzagreb.com\/radionica-flamenco-plesa-za-pocetnike\/\">Flamenco festivala<\/a>.<\/span><\/p>\n<div dir=\"ltr\"><strong style=\"color: #000000; font-family: arial, helvetica, sans-serif; font-size: small; text-align: justify;\">Ulaz besplatan!<\/strong><\/div>\n<p><span style=\"font-family: arial, helvetica, sans-serif; font-size: small; color: #000000;\">\u00a0<\/span><\/p>\n<p><span style=\"font-family: arial, helvetica, sans-serif; font-size: small; color: #000000;\">U 17:00 sati<\/span><\/p>\n<p><span style=\"font-family: arial, helvetica, sans-serif; font-size: small; color: #000000;\">Radionica flamenco plesa za po\u010detnike &#8211; za odrasle<\/span><\/p>\n<p style=\"text-align: justify;\"><span style=\"font-family: arial, helvetica, sans-serif; font-size: small;\">U\u010dinite svoje prve korake u flamencu i dopustite da vas za\u010daraju strastveni\u00a0<\/span><span style=\"font-family: arial, helvetica, sans-serif; font-size: small;\">ritmovi uz u\u010ditelje prve \u0161kole flamenca u Hrvatskoj. Sve \u0161to vam treba je\u00a0<\/span><span style=\"font-family: arial, helvetica, sans-serif; font-size: small;\">udobna odje\u0107a i cipele s potpeticom 3-6cm.<\/span><br style=\"font-family: Arial, sans-serif;\" \/><span style=\"font-family: arial, helvetica, sans-serif; font-size: small; color: #000000;\"><\/span><\/p>\n<p style=\"text-align: justify;\"><span style=\"font-family: arial, helvetica, sans-serif; font-size: small; color: #000000;\"><\/span><span style=\"font-family: arial, helvetica, sans-serif; font-size: small; color: #000000;\">Radionica se odr\u017eava u \u0160koli flamenca Un Respiro, \u0160ubi\u0107eva 55, II kat.<\/span><\/p>\n<p><span style=\"font-size: small;\"><strong><span style=\"font-family: Arial, sans-serif;\">Prijave:<\/span><\/strong><span style=\"font-family: Arial, sans-serif;\">\u00a0<a href=\"mailto:%20workshops@flamencofestivalzagreb.com\"><em><\/em><\/a><em><a href=\"mailto:workshops@flamencofestivalzagreb.com\"><\/a><a href=\"mailto:workshops@flamencofestivalzagreb.com\">workshops@flamencofestivalzagreb.com<\/a><\/em><\/span><\/span><br \/><span style=\"font-size: small;\"><strong>Telefon:\u00a0<\/strong>+385 95 805 6008<\/span><o:p><\/o:p><\/p>\n<p style=\"text-align: justify;\"><span style=\"font-family: arial, helvetica, sans-serif; font-size: small; color: #000000;\">Vi\u0161e informacija mo\u017eete na\u0107i na web stranicama\u00a0<a href=\"http:\/\/www.flamencofestivalzagreb.com\/radionica-flamenco-plesa-za-pocetnike\/\">Flamenco festivala<\/a>.<\/span><\/p>\n<p><span style=\"font-family: arial, helvetica, sans-serif; font-size: small; color: #000000;\"><strong style=\"font-family: Arial, sans-serif;\">Ulaz besplatan!<\/strong><\/span><\/p>\n<p><span style=\"font-family: arial, helvetica, sans-serif; font-size: small; color: #000000;\">\u00a0<\/span><\/p>\n","protected":false},"excerpt":{"rendered":"<p>Encuentro Susret flamenco umjetnica iz regije (Slovenija, Hrvatska, Srbija, Crna Gora) \/ predstava \u00a0 Plodnim susretima i suradnjom vode\u0107ih \u017eenskih figura scene flamenca \u00a0u regiji\u00a0 okupljen je me\u0111unarodni ansambl. Pod utjecajem kulture i okru\u017eenja (Slovenija, Hrvatska,Srbija, Crna Gora) svaka od njih na svoj na\u010din vidi i predstavlja umjetnost flamenca u svojoj zemlji. Autorica La Sali [&hellip;]<\/p>\n","protected":false},"author":5,"featured_media":50846,"comment_status":"open","ping_status":"closed","sticky":false,"template":"","format":"standard","meta":{"_acf_changed":false,"_editorskit_title_hidden":false,"_editorskit_reading_time":0,"_editorskit_is_block_options_detached":false,"_editorskit_block_options_position":"{}","_gspb_post_css":"","_crdt_document":"","ngg_post_thumbnail":0,"footnotes":""},"categories":[262],"tags":[],"class_list":["post-50848","post","type-post","status-publish","format-standard","has-post-thumbnail","hentry","category-arhiva"],"blocksy_meta":[],"acf":[],"_links":{"self":[{"href":"https:\/\/scenaamadeo.hr\/wordpress\/index.php\/wp-json\/wp\/v2\/posts\/50848","targetHints":{"allow":["GET"]}}],"collection":[{"href":"https:\/\/scenaamadeo.hr\/wordpress\/index.php\/wp-json\/wp\/v2\/posts"}],"about":[{"href":"https:\/\/scenaamadeo.hr\/wordpress\/index.php\/wp-json\/wp\/v2\/types\/post"}],"author":[{"embeddable":true,"href":"https:\/\/scenaamadeo.hr\/wordpress\/index.php\/wp-json\/wp\/v2\/users\/5"}],"replies":[{"embeddable":true,"href":"https:\/\/scenaamadeo.hr\/wordpress\/index.php\/wp-json\/wp\/v2\/comments?post=50848"}],"version-history":[{"count":0,"href":"https:\/\/scenaamadeo.hr\/wordpress\/index.php\/wp-json\/wp\/v2\/posts\/50848\/revisions"}],"wp:featuredmedia":[{"embeddable":true,"href":"https:\/\/scenaamadeo.hr\/wordpress\/index.php\/wp-json\/wp\/v2\/media\/50846"}],"wp:attachment":[{"href":"https:\/\/scenaamadeo.hr\/wordpress\/index.php\/wp-json\/wp\/v2\/media?parent=50848"}],"wp:term":[{"taxonomy":"category","embeddable":true,"href":"https:\/\/scenaamadeo.hr\/wordpress\/index.php\/wp-json\/wp\/v2\/categories?post=50848"},{"taxonomy":"post_tag","embeddable":true,"href":"https:\/\/scenaamadeo.hr\/wordpress\/index.php\/wp-json\/wp\/v2\/tags?post=50848"}],"curies":[{"name":"wp","href":"https:\/\/api.w.org\/{rel}","templated":true}]}}