{"id":50845,"date":"2013-06-11T12:17:18","date_gmt":"2013-06-11T12:17:18","guid":{"rendered":"https:\/\/scenaamadeo.hr\/wordpress\/index.php\/2013\/06\/11\/subota-27-07-2013-21-00-flamenco-festival\/"},"modified":"2013-06-11T12:17:18","modified_gmt":"2013-06-11T12:17:18","slug":"subota-27-07-2013-21-00-flamenco-festival","status":"publish","type":"post","link":"https:\/\/scenaamadeo.hr\/wordpress\/index.php\/2013\/06\/11\/subota-27-07-2013-21-00-flamenco-festival\/","title":{"rendered":"Subota, 27.07.2013. \/ 21:00 \/ Flamenco Festival"},"content":{"rendered":"<p><img loading=\"lazy\" decoding=\"async\" class=\" alignleft size-full wp-image-50843\" src=\"https:\/\/scenaamadeo.hr\/wordpress\/wp-content\/uploads\/program\/flamenco_2013\/05_DE_COBRE-d29.jpg\" width=\"310\" height=\"310\" alt=\"05 DE COBRE\" style=\"margin-right: 40px; margin-bottom: 120px; float: left;\" srcset=\"https:\/\/scenaamadeo.hr\/wordpress\/wp-content\/uploads\/program\/flamenco_2013\/05_DE_COBRE-d29.jpg 1181w, https:\/\/scenaamadeo.hr\/wordpress\/wp-content\/uploads\/program\/flamenco_2013\/05_DE_COBRE-d29-300x300.jpg 300w, https:\/\/scenaamadeo.hr\/wordpress\/wp-content\/uploads\/program\/flamenco_2013\/05_DE_COBRE-d29-1024x1024.jpg 1024w, https:\/\/scenaamadeo.hr\/wordpress\/wp-content\/uploads\/program\/flamenco_2013\/05_DE_COBRE-d29-150x150.jpg 150w, https:\/\/scenaamadeo.hr\/wordpress\/wp-content\/uploads\/program\/flamenco_2013\/05_DE_COBRE-d29-768x768.jpg 768w\" sizes=\"auto, (max-width: 310px) 100vw, 310px\" \/><\/p>\n<p style=\"text-align: justify;\"><span style=\"font-size: 10pt; line-height: 115%; font-family: Arial, sans-serif; color: black;\"><strong>De Cobre<\/strong><\/span><\/p>\n<p style=\"text-align: justify;\"><span style=\"font-size: 10pt; line-height: 115%; font-family: Arial, sans-serif; color: black;\"> Mar\u00eda Keck, Ma\u0111arska \/ koncert<\/span><\/p>\n<p style=\"text-align: justify;\"><span style=\"font-size: 10pt; line-height: 115%; font-family: Arial, sans-serif; color: black;\"><em>glazba i ples s utjecajem flamenca, ma\u0111arskog folklora i romske glazbe<\/em><\/span><\/p>\n<p style=\"text-align: justify;\"><span style=\"color: black; font-family: Arial, sans-serif; font-size: 10pt; line-height: 115%;\">\u00a0<\/span><\/p>\n<p style=\"text-align: justify;\"><span style=\"font-size: 10pt; line-height: 115%; font-family: Arial, sans-serif; color: black;\">&#8220;De Cobre&#8221; je projekt u kojem su ples i glazba ujedinjeni u simbiozu punu me\u0111usobnih utjecaja i kontrasta. Autorica ovog djela je Mar\u00eda Keck koja u njemu i ple\u0161e i pjeva. Ova umjetnica iz Ma\u0111arske sama sklada pjesme koje daju \u017eivot djelu, uklju\u010duju\u0107i djeli\u0107 ma\u0111arskog folklora i romske glazbe ovog dijela Europe. Ovo djelo do sada je izvedeno u Madridu, u Valenciji i na festivalu glazbe u Novom Sadu. <\/span><\/p>\n<p style=\"text-align: justify;\">\u00a0<\/p>\n<p style=\"text-align: justify;\"><span style=\"font-size: 10pt; line-height: 115%; font-family: Arial, sans-serif; color: black;\">Maria Keck diplomirala je modernu koreografiju na Konzervatoriju za ples u Ma\u0111arskoj, a nakon toga stje\u010de diplomu stru\u010dnjaka za muzikoterapiju na Sveu\u010dili\u0161tu u Alcala de Henares. Osniva\u010dica je i ravnateljica skupine Nuestro Aire (2007.-2010.) u kojoj djeluje kao koreografkinja, plesa\u010dica, pjeva\u010dica i skladateljica. S ovom trupom nastupa u nekoliko kazali\u0161ta i festivala u Ma\u0111arskoj i Srbiji. Od 2011. \u010dlanica je seksteta Miguel Reyes u kojemu\u00a0 sura\u0111uje na projektu<i> ethno jazz<\/i> tria Olivares. Kao plesa\u010dica <i>flamenca <\/i>nastupa u nekoliko <i>tablao<\/i>a u Madridu, na festivalu <i>flamenca<\/i> u Berlinu, Engleskoj i Japanu.\u00a0 Trenutno \u017eivi u Madridu i voditeljica je vlastitog projekta &#8220;De Cobre&#8221; (2010.) u kome se razvija kao koreografkinja, plesa\u010dica, pjeva\u010dica i skladateljica.<\/span><\/p>\n<p style=\"text-align: justify;\"><span style=\"font-size: 10pt; line-height: 115%; font-family: Arial, sans-serif; color: black;\">\u00a0<\/span><\/p>\n<p style=\"text-align: justify;\"><span style=\"font-size: 10pt; line-height: 115%; font-family: Arial, sans-serif; color: black;\"><strong style=\"font-family: arial, helvetica, sans-serif; font-size: small;\"><span style=\"color: #000000;\">Vi\u0161e informacija na\u00a0<a href=\"http:\/\/www.flamencofestivalzagreb.com\">www.flamencofestivalzagreb.com<\/a><\/span><\/strong>\u00a0<\/span><\/p>\n<p style=\"text-align: justify;\">\u00a0<\/p>\n<p style=\"text-align: justify;\">\u00a0<\/p>\n<p><span style=\"font-size: 10pt; line-height: 115%; font-family: Arial, sans-serif; color: black;\"><img loading=\"lazy\" decoding=\"async\" class=\" alignleft size-full wp-image-50844\" src=\"https:\/\/scenaamadeo.hr\/wordpress\/wp-content\/uploads\/program\/flamenco_2013\/06_FABULA_RASA-ae0.jpg\" width=\"310\" height=\"310\" alt=\"06 FABULA RASA\" style=\"margin-right: 40px; margin-bottom: 350px; float: left;\" srcset=\"https:\/\/scenaamadeo.hr\/wordpress\/wp-content\/uploads\/program\/flamenco_2013\/06_FABULA_RASA-ae0.jpg 1181w, https:\/\/scenaamadeo.hr\/wordpress\/wp-content\/uploads\/program\/flamenco_2013\/06_FABULA_RASA-ae0-300x300.jpg 300w, https:\/\/scenaamadeo.hr\/wordpress\/wp-content\/uploads\/program\/flamenco_2013\/06_FABULA_RASA-ae0-1024x1024.jpg 1024w, https:\/\/scenaamadeo.hr\/wordpress\/wp-content\/uploads\/program\/flamenco_2013\/06_FABULA_RASA-ae0-150x150.jpg 150w, https:\/\/scenaamadeo.hr\/wordpress\/wp-content\/uploads\/program\/flamenco_2013\/06_FABULA_RASA-ae0-768x768.jpg 768w\" sizes=\"auto, (max-width: 310px) 100vw, 310px\" \/><span style=\"font-size: 10pt; line-height: 115%; font-family: Arial, sans-serif; color: black;\"><strong><span style=\"font-size: 10pt; line-height: 115%; font-family: Arial, sans-serif; color: black;\">Fabula Rasa<\/span><\/strong><\/span><\/span><\/p>\n<p><span style=\"font-size: 10pt; line-height: 115%; font-family: Arial, sans-serif; color: black;\">Aldebaran Komp\u00e1nia, Ma\u0111arska \/ predstava<\/span><\/p>\n<p style=\"text-align: justify;\"><span style=\"font-size: 10pt; line-height: 115%; font-family: Arial, sans-serif; color: black;\">\u00a0<\/span><\/p>\n<p style=\"text-align: justify;\"><span style=\"font-size: 10pt; line-height: 115%; font-family: Arial, sans-serif; color: black;\">Umjetnica Beata Bajnai, <\/span><span style=\"font-size: 10pt; line-height: 115%; font-family: Arial, sans-serif; color: black;\">voditeljica plesne skupine<\/span><span style=\"font-size: 10pt; line-height: 115%; font-family: Arial, sans-serif; color: black;\"> Aldebaran stvorila je potpuno novi stil spajanjem <i>flamenca<\/i> i ma\u0111arskog folklora s elementima suvremenog plesa<\/span><span style=\"font-size: 10pt; line-height: 115%; font-family: Arial, sans-serif; color: black;\">.Djelo je definirano kratkim pri\u010dama u kojima je glavni motiv \u017eena<\/span><span style=\"font-size: 10pt; line-height: 115%; font-family: Arial, sans-serif; color: black;\">. Tra\u017ee\u0107i svoj put, \u017eena se transformira u mu\u0161karca. Ostaje sama i napu\u0161tena.<\/span><span style=\"font-size: 10pt; line-height: 115%; font-family: Arial, sans-serif; color: black;\">Ideja predstave je da se uka\u017ee na anomaliju postoje\u0107eg i da se \u010duje glas nade o mogu\u0107nosti kompromisa. Poruka je jasna: voditi vlastiti \u017eivot, igrati po svojim pravilima, dozvoliti da mu\u0161karac bude mu\u0161karac i da \u017eena iznova postane \u017eena. Da vode su\u017eivot dostojan \u010dovjeka, bez gubitka identiteta, poma\u017eu\u0107i jedno drugom i \u0161tite\u0107i se me\u0111usobno. Ovo je pri\u010da o novom po\u010detku. <\/span><\/p>\n<p style=\"text-align: justify;\"><span style=\"font-size: 10pt; line-height: 115%; font-family: Arial, sans-serif; color: black;\"><span style=\"font-size: 10pt; line-height: 115%; font-family: Arial, sans-serif; color: black;\">Plesna <\/span><span style=\"font-size: 10pt; line-height: 115%; font-family: Arial, sans-serif; color: black;\">skupina <\/span><span style=\"font-size: 10pt; line-height: 115%; font-family: Arial, sans-serif; color: black;\">Aldebaran predvo\u0111en<\/span><span style=\"font-size: 10pt; line-height: 115%; font-family: Arial, sans-serif; color: black;\">a <\/span><span style=\"font-size: 10pt; line-height: 115%; font-family: Arial, sans-serif; color: black;\">Beatom Bajnai debitira 2005. godine. Ansambl preuzima alternativan, inovativan pristup na <i>flamenco<\/i> sceni s velikim po\u0161tovanjem spram tradicionalnog. Skupina Aldebaran\u00a0 pobjednik je 15. natjecanja u plesu za odrasle 2005. godine. Godine 2009. skupina prvi put sura\u0111uje s ma\u0111arskim narodnim plesnim ansamblom u predstavi: \u201eHilea ili tko je u potrazi za ku\u0107om u kojoj on \u017eivi&#8221;.<\/span><\/span><\/p>\n<p><span style=\"font-size: small; font-family: arial, helvetica, sans-serif;\">\u00a0<\/span><\/p>\n<p><span style=\"font-size: small; font-family: arial, helvetica, sans-serif;\"><em style=\"font-family: Tahoma, Arial, Helvetica, sans-serif; font-size: 12px;\"><strong><span style=\"color: #000000;\">U slu\u010daju ki\u0161e program \u0107e se odr\u017eati u Maloj dvorani KD Lisinski!<\/span><\/strong><\/em>\u00a0<\/span><\/p>\n<p><span style=\"font-size: small; font-family: arial, helvetica, sans-serif;\"><\/span><span style=\"font-family: arial, helvetica, sans-serif; font-size: small;\">\u00a0<\/span><\/p>\n<p><span style=\"font-size: small; font-family: arial, helvetica, sans-serif;\"><\/span><strong style=\"font-family: arial, helvetica, sans-serif; font-size: small;\"><span style=\"color: #000000;\">Vi\u0161e informacija na\u00a0<\/span><\/strong><\/p>\n<p><strong style=\"font-family: arial, helvetica, sans-serif; font-size: small;\"><span style=\"color: #000000;\"><a href=\"http:\/\/www.flamencofestivalzagreb.com\">www.flamencofestivalzagreb.com<\/a><\/span><\/strong>\u00a0<\/p>\n<p style=\"text-align: left;\"><span style=\"font-size: small; font-family: arial, helvetica, sans-serif;\">\u00a0<\/span>\u00a0<\/p>\n<p style=\"margin-bottom: 5px; font-family: Tahoma, Arial, Helvetica, sans-serif; font-size: 12px;\"><span style=\"font-family: arial, helvetica, sans-serif; font-size: small; color: #000000;\"><strong>\u00a0<\/strong><\/span><\/p>\n<p style=\"margin-bottom: 5px; font-family: Tahoma, Arial, Helvetica, sans-serif; font-size: 12px;\"><span style=\"font-family: arial, helvetica, sans-serif; font-size: small; color: #000000;\"><strong>\u00a0<\/strong><\/span><\/p>\n<p style=\"margin-bottom: 5px; font-family: Tahoma, Arial, Helvetica, sans-serif; font-size: 12px;\"><span style=\"font-family: arial, helvetica, sans-serif; font-size: small; color: #000000;\"><strong>Radionice u sklopu Flamenco festivala:<\/strong><\/span><\/p>\n<p>\u00a0<\/p>\n<p style=\"margin-bottom: 5px; font-family: Tahoma, Arial, Helvetica, sans-serif; font-size: 12px;\"><span style=\"font-family: arial, helvetica, sans-serif; font-size: small; color: #000000;\">u 14:30 sati<\/span><\/p>\n<p style=\"margin-bottom: 5px; font-family: Tahoma, Arial, Helvetica, sans-serif; font-size: 12px; text-align: justify;\"><span style=\"font-size: small; line-height: 115%; font-family: arial, helvetica, sans-serif;\">Radionica flamenco plesa Maria Keck<\/span><\/p>\n<p style=\"margin-bottom: 5px; font-family: Tahoma, Arial, Helvetica, sans-serif; font-size: 12px; text-align: justify;\"><span style=\"font-family: arial, helvetica, sans-serif; color: #000000;\">Radionica se odr\u017eava u \u0160koli flamenca Un Respiro, \u0160ubi\u0107eva 55, II kat.<\/span><\/p>\n<p style=\"margin-bottom: 5px; font-family: Tahoma, Arial, Helvetica, sans-serif; font-size: 12px;\"><span style=\"font-size: small;\"><strong><span style=\"font-family: Arial, sans-serif;\">Prijave:<\/span><\/strong><span style=\"font-family: Arial, sans-serif;\">\u00a0<a href=\"mailto:% <script type='text\/javascript'> <!-- var prefix = 'ma' + 'il' + 'to'; var path = 'hr' + 'ef' + '='; var addy2130 = '20workshops' + '@'; addy2130 = addy2130 + 'flamencofestivalzagreb' + '.' + 'com'; document.write('<a ' + path + '\\'' + prefix + ':' + addy2130 + '\\'>'); document.write(addy2130); document.write('<\\\/a>'); \/\/-->\\n <\/script><script type='text\/javascript'> <!-- document.write('<span style=\\'display: none;\\'>'); \/\/--> <\/script>Ova e-mail adresa je za%C5%A1ti%C4%87ena od spambota. Potrebno je omogu%C4%87iti JavaScript da je vidite. <script type='text\/javascript'> <!-- document.write('<\/'); document.write('span>'); \/\/--> <\/script>&#8221; style=&#8221;font-family: Tahoma, Arial, Helvetica, sans-serif; font-size: 12px; color: #e20032;&#8221;><em><\/em><\/a><em><a href=\"mailto:workshops@flamencofestivalzagreb.com\" style=\"font-family: Tahoma, Arial, Helvetica, sans-serif; font-size: 12px; color: #e20032;\"><\/a><a href=\"mailto:workshops@flamencofestivalzagreb.com\">workshops@flamencofestivalzagreb.com<\/a><\/em><\/span><\/span><br \/><span style=\"font-size: small;\"><strong>Telefon:\u00a0<\/strong>+385 95 805 6008<\/span><\/p>\n<p style=\"margin-bottom: 5px; font-family: Tahoma, Arial, Helvetica, sans-serif; font-size: 12px; text-align: justify;\"><span style=\"font-family: arial, helvetica, sans-serif; font-size: small; color: #000000;\"><\/span><span style=\"font-family: arial, helvetica, sans-serif; font-size: small; color: #000000;\">\u00a0<\/span><\/p>\n<p style=\"margin-bottom: 5px; font-family: Tahoma, Arial, Helvetica, sans-serif; font-size: 12px; text-align: justify;\"><span style=\"font-family: arial, helvetica, sans-serif; font-size: small; color: #000000;\"><\/span><span style=\"font-family: arial, helvetica, sans-serif; font-size: small; color: #000000;\">Vi\u0161e informacija mo\u017eete na\u0107i na web stranicama<\/span><\/p>\n<p style=\"margin-bottom: 5px; font-family: Tahoma, Arial, Helvetica, sans-serif; font-size: 12px; text-align: left;\"><span style=\"font-family: arial, helvetica, sans-serif; font-size: small; color: #000000;\"><a href=\"http:\/\/www.flamencofestivalzagreb.com\/radionica-flamenco-plesa-za-pocetnike\/\" style=\"font-family: Tahoma, Arial, Helvetica, sans-serif; font-size: 12px; color: #e20032;\">Flamenco festivala<\/a>.\u00a0<\/span><\/p>\n<p style=\"margin-bottom: 5px; font-family: Tahoma, Arial, Helvetica, sans-serif; font-size: 12px; text-align: left;\"><strong style=\"color: #000000; font-family: arial, helvetica, sans-serif; font-size: small; text-align: justify;\">Cijena: 270,00 kn<\/strong><\/p>\n<p style=\"text-align: left;\"><span style=\"font-size: small; font-family: arial, helvetica, sans-serif;\">\u00a0<\/span><\/p>\n","protected":false},"excerpt":{"rendered":"<p>De Cobre Mar\u00eda Keck, Ma\u0111arska \/ koncert glazba i ples s utjecajem flamenca, ma\u0111arskog folklora i romske glazbe \u00a0 &#8220;De Cobre&#8221; je projekt u kojem su ples i glazba ujedinjeni u simbiozu punu me\u0111usobnih utjecaja i kontrasta. Autorica ovog djela je Mar\u00eda Keck koja u njemu i ple\u0161e i pjeva. Ova umjetnica iz Ma\u0111arske sama [&hellip;]<\/p>\n","protected":false},"author":5,"featured_media":50843,"comment_status":"open","ping_status":"closed","sticky":false,"template":"","format":"standard","meta":{"_acf_changed":false,"_editorskit_title_hidden":false,"_editorskit_reading_time":0,"_editorskit_is_block_options_detached":false,"_editorskit_block_options_position":"{}","_gspb_post_css":"","_crdt_document":"","ngg_post_thumbnail":0,"footnotes":""},"categories":[262],"tags":[],"class_list":["post-50845","post","type-post","status-publish","format-standard","has-post-thumbnail","hentry","category-arhiva"],"blocksy_meta":[],"acf":[],"_links":{"self":[{"href":"https:\/\/scenaamadeo.hr\/wordpress\/index.php\/wp-json\/wp\/v2\/posts\/50845","targetHints":{"allow":["GET"]}}],"collection":[{"href":"https:\/\/scenaamadeo.hr\/wordpress\/index.php\/wp-json\/wp\/v2\/posts"}],"about":[{"href":"https:\/\/scenaamadeo.hr\/wordpress\/index.php\/wp-json\/wp\/v2\/types\/post"}],"author":[{"embeddable":true,"href":"https:\/\/scenaamadeo.hr\/wordpress\/index.php\/wp-json\/wp\/v2\/users\/5"}],"replies":[{"embeddable":true,"href":"https:\/\/scenaamadeo.hr\/wordpress\/index.php\/wp-json\/wp\/v2\/comments?post=50845"}],"version-history":[{"count":0,"href":"https:\/\/scenaamadeo.hr\/wordpress\/index.php\/wp-json\/wp\/v2\/posts\/50845\/revisions"}],"wp:featuredmedia":[{"embeddable":true,"href":"https:\/\/scenaamadeo.hr\/wordpress\/index.php\/wp-json\/wp\/v2\/media\/50843"}],"wp:attachment":[{"href":"https:\/\/scenaamadeo.hr\/wordpress\/index.php\/wp-json\/wp\/v2\/media?parent=50845"}],"wp:term":[{"taxonomy":"category","embeddable":true,"href":"https:\/\/scenaamadeo.hr\/wordpress\/index.php\/wp-json\/wp\/v2\/categories?post=50845"},{"taxonomy":"post_tag","embeddable":true,"href":"https:\/\/scenaamadeo.hr\/wordpress\/index.php\/wp-json\/wp\/v2\/tags?post=50845"}],"curies":[{"name":"wp","href":"https:\/\/api.w.org\/{rel}","templated":true}]}}