{"id":50842,"date":"2013-06-11T12:11:33","date_gmt":"2013-06-11T12:11:33","guid":{"rendered":"https:\/\/scenaamadeo.hr\/wordpress\/index.php\/2013\/06\/11\/cetvrtak-25-07-2013-19-00-flamenco-festival-svecano-otvaranje\/"},"modified":"2013-06-11T12:11:33","modified_gmt":"2013-06-11T12:11:33","slug":"cetvrtak-25-07-2013-19-00-flamenco-festival-svecano-otvaranje","status":"publish","type":"post","link":"https:\/\/scenaamadeo.hr\/wordpress\/index.php\/2013\/06\/11\/cetvrtak-25-07-2013-19-00-flamenco-festival-svecano-otvaranje\/","title":{"rendered":"\u010cetvrtak, 25.07.2013. \/ 19:00 \/ Flamenco Festival \/ Sve\u010dano otvaranje"},"content":{"rendered":"<p><span style=\"font-size: 12pt; font-family: Arial, sans-serif;\"><span style=\"font-family: arial, helvetica, sans-serif; font-size: small;\"><img loading=\"lazy\" decoding=\"async\" class=\" alignleft size-full wp-image-50839\" src=\"https:\/\/scenaamadeo.hr\/wordpress\/wp-content\/uploads\/program\/flamenco_2013\/01_MOVIMIENTOS_izlozba-6ad.jpg\" width=\"310\" height=\"310\" alt=\"01 MOVIMIENTOS izlozba\" style=\"margin-right: 40px; float: left;\" srcset=\"https:\/\/scenaamadeo.hr\/wordpress\/wp-content\/uploads\/program\/flamenco_2013\/01_MOVIMIENTOS_izlozba-6ad.jpg 1181w, https:\/\/scenaamadeo.hr\/wordpress\/wp-content\/uploads\/program\/flamenco_2013\/01_MOVIMIENTOS_izlozba-6ad-300x300.jpg 300w, https:\/\/scenaamadeo.hr\/wordpress\/wp-content\/uploads\/program\/flamenco_2013\/01_MOVIMIENTOS_izlozba-6ad-1024x1024.jpg 1024w, https:\/\/scenaamadeo.hr\/wordpress\/wp-content\/uploads\/program\/flamenco_2013\/01_MOVIMIENTOS_izlozba-6ad-150x150.jpg 150w, https:\/\/scenaamadeo.hr\/wordpress\/wp-content\/uploads\/program\/flamenco_2013\/01_MOVIMIENTOS_izlozba-6ad-768x768.jpg 768w\" sizes=\"auto, (max-width: 310px) 100vw, 310px\" \/><\/span><\/span><\/p>\n<p style=\"text-align: justify;\"><strong><span style=\"color: black; font-family: Arial, sans-serif; font-size: 10pt; line-height: 115%;\">Movimientos <\/span><\/strong><\/p>\n<p style=\"text-align: justify;\"><span style=\"color: black; font-family: Arial, sans-serif; font-size: 10pt; line-height: 115%;\">izlo\u017eba fotografija Aleksandra Topalovi\u0107a<\/span><\/p>\n<p style=\"text-align: justify;\"><em><span style=\"font-size: 10pt; line-height: 115%; font-family: Arial, sans-serif; color: black;\">Ona je \u201ctrenutak i sjena; korak i bludnja. <\/span><span style=\"font-size: 10pt; line-height: 115%; font-family: Arial, sans-serif; color: black;\">Samo je ljepota koliko je tajna. I istina samo koliko je \u017eudnja.\u201c<\/span><\/em><\/p>\n<p>\u00a0<\/p>\n<p style=\"text-align: justify;\"><span style=\"font-size: 10pt; line-height: 115%; font-family: Arial, sans-serif; color: black;\">Na svom putovanju kroz svijet fotografije, Aleksandar Topalovi\u0107 dugo je tra\u017eio istinsku emociju. Tra\u017ee\u0107i ono to je mislio da je u svojim lutanjima izgubio, vratio se ku\u0107i. A onda je spoznao da je ono \u0161to tra\u017ei, zapravo oduvijek bilo tu nadohvat ruke. I tako se dogodila \u201cLa Sali\u201d &#8211; \u017eena koja je zbog ljubavi prema flamencu napustila sve i oti\u0161la \u017eivjeti svoje snove. Prepoznav\u0161i emociju koja izvire iz svakog njezinog pokreta, odlu\u010dio je da njegova prva samostalna izlo\u017eba bude posve\u0107ena upravo njoj.<\/span><\/p>\n<p style=\"text-align: justify;\"><span style=\"font-size: 10pt; line-height: 115%; font-family: Arial, sans-serif; color: black;\">\u00a0<\/span><\/p>\n<p style=\"text-align: justify;\"><span color=\"#000000\" face=\"Arial, sans-serif\" size=\"2\" style=\"color: #000000; font-family: Arial, sans-serif; font-size: small;\"><span style=\"line-height: 14px;\">Vi\u0161e o: <a href=\"index.php?option=com_content&#038;view=article&#038;id=1406;aleksandar-topalovic&#038;catid=78;uncategorised\">Aleksandar Topalovi\u0107<\/a><\/span><\/span><\/p>\n<p style=\"text-align: justify;\"><span style=\"color: #000000; font-family: Arial, sans-serif; font-size: 13px; line-height: 14px;\"><\/span><span style=\"color: #000000; font-family: Arial, sans-serif; font-size: 13px; line-height: 14px;\">Otvorenje izlo\u017ebe odr\u017eati \u0107e se u Atriju Hrvatskoga prirodoslovnog muzeja u 19h<\/span><\/p>\n<p style=\"text-align: justify;\"><span style=\"color: #000000; font-family: Arial, sans-serif; font-size: 13px; line-height: 14px;\">\u00a0<\/span><\/p>\n<p style=\"text-align: justify;\"><span style=\"font-size: 10pt; line-height: 115%; font-family: Arial, sans-serif; color: black;\"><span style=\"color: #000000; font-family: Arial, sans-serif; font-size: 13px; line-height: 14px; text-align: justify;\">ULAZ BESPLATAN<\/span><\/span><\/p>\n<p><span style=\"font-size: 12pt; font-family: Arial, sans-serif;\"><span style=\"font-family: arial, helvetica, sans-serif; font-size: small;\"><strong style=\"font-family: arial, helvetica, sans-serif; font-size: small;\"><span style=\"color: #000000;\">Vi\u0161e informacija na\u00a0<a href=\"http:\/\/www.flamencofestivalzagreb.com\">www.flamencofestivalzagreb.com<\/a><\/span><\/strong>\u00a0<\/span><\/span><\/p>\n<p><span style=\"font-size: 12pt; font-family: Arial, sans-serif;\"><span style=\"font-family: arial, helvetica, sans-serif; font-size: small;\">\u00a0<\/span><\/span><\/p>\n<p><span style=\"font-size: 12pt; font-family: Arial, sans-serif;\"><span style=\"font-family: arial, helvetica, sans-serif; font-size: small;\"><img loading=\"lazy\" decoding=\"async\" class=\" alignleft size-full wp-image-50840\" src=\"https:\/\/scenaamadeo.hr\/wordpress\/wp-content\/uploads\/program\/flamenco_2013\/01a_FLAMENCORANEO_performans_La_Sali_Mitja_Obed-bb7.jpg\" width=\"310\" height=\"310\" alt=\"01a FLAMENCORANEO performans La Sali Mitja Obed\" style=\"margin-right: 40px; float: left;\" srcset=\"https:\/\/scenaamadeo.hr\/wordpress\/wp-content\/uploads\/program\/flamenco_2013\/01a_FLAMENCORANEO_performans_La_Sali_Mitja_Obed-bb7.jpg 1181w, https:\/\/scenaamadeo.hr\/wordpress\/wp-content\/uploads\/program\/flamenco_2013\/01a_FLAMENCORANEO_performans_La_Sali_Mitja_Obed-bb7-300x300.jpg 300w, https:\/\/scenaamadeo.hr\/wordpress\/wp-content\/uploads\/program\/flamenco_2013\/01a_FLAMENCORANEO_performans_La_Sali_Mitja_Obed-bb7-1024x1024.jpg 1024w, https:\/\/scenaamadeo.hr\/wordpress\/wp-content\/uploads\/program\/flamenco_2013\/01a_FLAMENCORANEO_performans_La_Sali_Mitja_Obed-bb7-150x150.jpg 150w, https:\/\/scenaamadeo.hr\/wordpress\/wp-content\/uploads\/program\/flamenco_2013\/01a_FLAMENCORANEO_performans_La_Sali_Mitja_Obed-bb7-768x768.jpg 768w\" sizes=\"auto, (max-width: 310px) 100vw, 310px\" \/><\/span><\/span><\/p>\n<p style=\"text-align: justify;\"><strong><span style=\"font-size: 10pt; line-height: 115%; font-family: Arial, sans-serif;\">Flamencoraneo <\/span><\/strong><\/p>\n<p style=\"text-align: justify;\"><span style=\"font-size: 10pt; line-height: 115%; font-family: Arial, sans-serif;\">La Sali i Mitja Obed <\/span><\/p>\n<p style=\"text-align: justify;\"><em><span style=\"font-size: 10pt; line-height: 115%; font-family: Arial, sans-serif;\">performans na otvaranju izlo\u017ebe fotografija \/ 19:30<\/span><\/em><\/p>\n<p style=\"text-align: justify;\"><span style=\"font-size: 10pt; line-height: 115%; font-family: Arial, sans-serif;\">\u00a0<\/span><\/p>\n<p style=\"text-align: justify;\"><span style=\"font-size: 10pt; line-height: 115%; font-family: Arial, sans-serif;\"><\/span><span style=\"font-size: 10pt; line-height: 115%; font-family: Arial, sans-serif;\">&#8220;Flamencoraneo&#8221; je spoj klasi\u010dnog, tradicionalnog <i>flamen<\/i><\/span><i><span style=\"font-size: 10pt; line-height: 115%; font-family: Arial, sans-serif;\">c<\/span><\/i><i><span style=\"font-size: 10pt; line-height: 115%; font-family: Arial, sans-serif;\">a<\/span><\/i><span style=\"font-size: 10pt; line-height: 115%; font-family: Arial, sans-serif;\"> i modernog, s<\/span><span style=\"font-size: 10pt; line-height: 115%; font-family: Arial, sans-serif;\">u<\/span><span style=\"font-size: 10pt; line-height: 115%; font-family: Arial, sans-serif;\">vremenog plesa. Povezuju\u0107i me\u0111usobno udaljene i naizgled suprotstavljene strukture, s<\/span><span style=\"font-size: 10pt; line-height: 115%; font-family: Arial, sans-serif;\">u<\/span><span style=\"font-size: 10pt; line-height: 115%; font-family: Arial, sans-serif;\">vremeno i nasl<\/span><span style=\"font-size: 10pt; line-height: 115%; font-family: Arial, sans-serif;\">ij<\/span><span style=\"font-size: 10pt; line-height: 115%; font-family: Arial, sans-serif;\">e\u0111eno, konvencionalno i slobodno, rigidno i dinami\u010dno, autori ispituju mogu\u0107nosti <\/span><span style=\"font-size: 10pt; line-height: 115%; font-family: Arial, sans-serif;\">po<\/span><span style=\"font-size: 10pt; line-height: 115%; font-family: Arial, sans-serif;\">mirenja i komunikacije me\u0111u parovima ovog binarnog niza. Identitet suvremenog \u010dovjeka &#8220;Flamancoraneo&#8221; prepoznaje kao nu\u017eno eklekti\u010dan, sastavljen od znakova razli\u010ditih po svojoj prirodi i porijeklu, i upravo u toj mno\u017eini autori pronalaze prostor za artikulaciju vlastitog umjetni\u010dkog izraza. Klasi\u010dne vrijednosti ocrtavaju na\u0161 identitet i njihovo bi nestajanje zna\u010dilo odricanje od pro\u0161losti. Suvremeni \u010dovjek, me\u0111utim, \u017eeli slobodu i ne prihva\u0107a sputanost. Borba izme\u0111u tih principa nu\u017ena je, ali novo ne proizlazi iz borbe, ve\u0107 iz saznanja. U tom smislu, autori se opred<\/span><span style=\"font-size: 10pt; line-height: 115%; font-family: Arial, sans-serif;\">j<\/span><span style=\"font-size: 10pt; line-height: 115%; font-family: Arial, sans-serif;\">eljuju za dekonstrukciju, <\/span><span style=\"font-size: 10pt; line-height: 115%; font-family: Arial, sans-serif;\">a ne<\/span><span style=\"font-size: 10pt; line-height: 115%; font-family: Arial, sans-serif;\"> destrukcij<\/span><span style=\"font-size: 10pt; line-height: 115%; font-family: Arial, sans-serif;\">u<\/span><span style=\"font-size: 10pt; line-height: 115%; font-family: Arial, sans-serif;\">, za integraciju, <\/span><span style=\"font-size: 10pt; line-height: 115%; font-family: Arial, sans-serif;\">a ne<\/span><span style=\"font-size: 10pt; line-height: 115%; font-family: Arial, sans-serif;\"> sukobljavanj<\/span><span style=\"font-size: 10pt; line-height: 115%; font-family: Arial, sans-serif;\">e<\/span><span style=\"font-size: 10pt; line-height: 115%; font-family: Arial, sans-serif;\">.<\/span><\/p>\n<p>\u00a0<\/p>\n<p style=\"text-align: justify;\"><span style=\"font-size: 10pt; line-height: 14px; font-family: Arial, sans-serif; color: black;\">ULAZ BESPLATAN<\/span><\/p>\n<p style=\"text-align: justify;\"><span style=\"font-size: 10pt; line-height: 14px; font-family: Arial, sans-serif; color: black;\"><strong style=\"font-family: arial, helvetica, sans-serif; font-size: small;\"><span style=\"color: #000000;\">Vi\u0161e informacija na\u00a0<a href=\"http:\/\/www.flamencofestivalzagreb.com\">www.flamencofestivalzagreb.com<\/a><\/span><\/strong><\/span><\/p>\n<p style=\"text-align: justify;\"><span style=\"color: black; font-family: Arial, sans-serif; font-size: 10pt; line-height: 14px;\">\u00a0<\/span><\/p>\n<p style=\"text-align: justify;\"><span style=\"color: black; font-family: Arial, sans-serif; font-size: 10pt; line-height: 14px;\">\u00a0<\/span><\/p>\n<p style=\"text-align: justify;\"><span style=\"font-size: 10pt; line-height: 14px; font-family: Arial, sans-serif; color: black;\"><img loading=\"lazy\" decoding=\"async\" class=\" alignleft size-full wp-image-50841\" src=\"https:\/\/scenaamadeo.hr\/wordpress\/wp-content\/uploads\/program\/flamenco_2013\/02_YO_SOY-FLAMENCA_Nina_Coric-f30.jpg\" width=\"310\" height=\"310\" alt=\"02 YO SOY FLAMENCA Nina Coric\" style=\"margin-right: 40px; margin-bottom: 80px; float: left;\" srcset=\"https:\/\/scenaamadeo.hr\/wordpress\/wp-content\/uploads\/program\/flamenco_2013\/02_YO_SOY-FLAMENCA_Nina_Coric-f30.jpg 1181w, https:\/\/scenaamadeo.hr\/wordpress\/wp-content\/uploads\/program\/flamenco_2013\/02_YO_SOY-FLAMENCA_Nina_Coric-f30-300x300.jpg 300w, https:\/\/scenaamadeo.hr\/wordpress\/wp-content\/uploads\/program\/flamenco_2013\/02_YO_SOY-FLAMENCA_Nina_Coric-f30-1024x1024.jpg 1024w, https:\/\/scenaamadeo.hr\/wordpress\/wp-content\/uploads\/program\/flamenco_2013\/02_YO_SOY-FLAMENCA_Nina_Coric-f30-150x150.jpg 150w, https:\/\/scenaamadeo.hr\/wordpress\/wp-content\/uploads\/program\/flamenco_2013\/02_YO_SOY-FLAMENCA_Nina_Coric-f30-768x768.jpg 768w\" sizes=\"auto, (max-width: 310px) 100vw, 310px\" \/><\/span><\/p>\n<p style=\"text-align: justify;\"><strong style=\"color: black; font-family: Arial, sans-serif; font-size: 10pt; line-height: 115%;\">Yo Soy Flamenca<\/strong><\/p>\n<p><em><span style=\"text-align: justify; font-size: 10pt; line-height: 115%; font-family: Arial, sans-serif; color: black;\">Nina \u0106ori\u0107, koncert \/ 21:00 sat<\/span><\/em><\/p>\n<p><em><span style=\"text-align: justify; font-size: 10pt; line-height: 115%; font-family: Arial, sans-serif; color: black;\">\u00a0<\/span><\/em><\/p>\n<p style=\"text-align: justify;\"><em><span style=\"text-align: justify; font-size: 10pt; line-height: 115%; font-family: Arial, sans-serif; color: black;\"><\/span><\/em><span style=\"text-align: justify; font-size: 10pt; line-height: 115%; font-family: Arial, sans-serif; color: black;\"><\/span><span style=\"font-size: 10pt; line-height: 115%; font-family: Arial, sans-serif; color: black;\">Zagreba\u010dka\u00a0 <\/span><span style=\"font-size: 10pt; line-height: 115%; font-family: Arial, sans-serif; color: black;\">pjeva\u010dica\u00a0<\/span><span style=\"font-size: 10pt; line-height: 115%; font-family: Arial, sans-serif; color: black;\">Nina Flamenca (Nina \u0106ori\u0107) <\/span><span style=\"font-size: 10pt; line-height: 115%; font-family: Arial, sans-serif; color: black;\">predstavit \u0107e publici prvi samostalni projekt &#8220;Yo soy Flamenca&#8221;. Njezino pjevanje bit \u0107e popra\u0107eno \u010darobnim zvucima poznatoga pijanista Joea Kaplowitza..<\/span><\/p>\n<p style=\"text-align: justify;\"><span style=\"font-size: 10pt; line-height: 115%; font-family: Arial, sans-serif; color: black;\">\u00a0<\/span><\/p>\n<p style=\"text-align: justify;\"><span style=\"font-size: 10pt; line-height: 115%; font-family: Arial, sans-serif; color: black;\"><span style=\"font-size: 10pt; line-height: 115%; font-family: Arial, sans-serif; color: black;\">Nina Flamenca\u00a0<\/span><span style=\"font-size: 10pt; line-height: 115%; font-family: Arial, sans-serif; color: black;\">svoju je karijeru zapo\u010dela 2010. godine u kultnom <\/span><i><span style=\"font-size: 10pt; line-height: 115%; font-family: Arial, sans-serif; color: black;\">j<\/span><span style=\"font-size: 10pt; line-height: 115%; font-family: Arial, sans-serif; color: black;\">azz<\/span><\/i><span style=\"font-size: 10pt; line-height: 115%; font-family: Arial, sans-serif; color: black;\"> klubu Bo\u0161ka Petrovi\u0107a.\u00a0Zagreba\u010dkoj publici poznata je i po nastupima na kazali\u0161nome festivalu Nu:Write, festivalu Nebo, u klubu Sax, Vip clubu te brojnim drugim prigodama. Organizatorica je Prvog festivala\u00a0<i>flamenca\u00a0<\/i>u regiji &#8220;Zeleno, volim te zeleno&#8221;, odr\u017eanog na Sceni Amadeo 2012. godine.\u00a0Nakon uspjeha ostvarenog na festivalu pozvana je da nastavi daljnje usavr\u0161avanje u Madridu, u poznatom\u00a0centru<\/span><span style=\"font-size: 10pt; line-height: 115%; font-family: Arial, sans-serif; color: black;\"> za <i>flamenco<\/i> &#8220;<\/span><span style=\"font-size: 10pt; line-height: 115%; font-family: Arial, sans-serif; color: black;\">Amor de Dios<\/span><span style=\"font-size: 10pt; line-height: 115%; font-family: Arial, sans-serif; color: black;\">&#8220;<\/span><span style=\"font-size: 10pt; line-height: 115%; font-family: Arial, sans-serif; color: black;\">.\u00a0Sura\u0111ivala je s mnogim gitaristima<i> flamenca\u00a0<\/i><\/span><i><\/i><span style=\"font-size: 10pt; line-height: 115%; font-family: Arial, sans-serif; color: black;\">iz regije<\/span><span style=\"font-size: 10pt; line-height: 115%; font-family: Arial, sans-serif; color: black;\">, <\/span><span style=\"font-size: 10pt; line-height: 115%; font-family: Arial, sans-serif; color: black;\">no sada je odlu\u010dila pomaknuti vlastite granice te publici predstaviti svoje osobno putovanje u svijet flamenca.<\/span>\u00a0<\/span><\/p>\n<p>\u00a0<\/p>\n<p><em style=\"font-family: Tahoma, Arial, Helvetica, sans-serif; font-size: 12px;\"><strong><span style=\"color: #000000;\">U slu\u010daju ki\u0161e koncert \u0107e se odr\u017eati u Maloj dvorani KD Lisinski!<\/span><\/strong><\/em><\/p>\n<p><em style=\"font-family: Tahoma, Arial, Helvetica, sans-serif; font-size: 12px;\"><strong><span style=\"color: #000000;\">\u00a0<\/span><\/strong><\/em><\/p>\n<p><span style=\"font-family: arial, helvetica, sans-serif; font-size: small;\"><strong><span style=\"color: #000000;\">Vi\u0161e informacija na <a href=\"http:\/\/www.flamencofestivalzagreb.com\">www.flamencofestivalzagreb.com<\/a><\/span><\/strong><\/span><\/p>\n<p>\u00a0<\/p>\n","protected":false},"excerpt":{"rendered":"<p>Movimientos izlo\u017eba fotografija Aleksandra Topalovi\u0107a Ona je \u201ctrenutak i sjena; korak i bludnja. Samo je ljepota koliko je tajna. I istina samo koliko je \u017eudnja.\u201c \u00a0 Na svom putovanju kroz svijet fotografije, Aleksandar Topalovi\u0107 dugo je tra\u017eio istinsku emociju. Tra\u017ee\u0107i ono to je mislio da je u svojim lutanjima izgubio, vratio se ku\u0107i. A onda [&hellip;]<\/p>\n","protected":false},"author":5,"featured_media":50839,"comment_status":"open","ping_status":"closed","sticky":false,"template":"","format":"standard","meta":{"_acf_changed":false,"_editorskit_title_hidden":false,"_editorskit_reading_time":0,"_editorskit_is_block_options_detached":false,"_editorskit_block_options_position":"{}","_gspb_post_css":"","_crdt_document":"","ngg_post_thumbnail":0,"footnotes":""},"categories":[262],"tags":[],"class_list":["post-50842","post","type-post","status-publish","format-standard","has-post-thumbnail","hentry","category-arhiva"],"blocksy_meta":[],"acf":[],"_links":{"self":[{"href":"https:\/\/scenaamadeo.hr\/wordpress\/index.php\/wp-json\/wp\/v2\/posts\/50842","targetHints":{"allow":["GET"]}}],"collection":[{"href":"https:\/\/scenaamadeo.hr\/wordpress\/index.php\/wp-json\/wp\/v2\/posts"}],"about":[{"href":"https:\/\/scenaamadeo.hr\/wordpress\/index.php\/wp-json\/wp\/v2\/types\/post"}],"author":[{"embeddable":true,"href":"https:\/\/scenaamadeo.hr\/wordpress\/index.php\/wp-json\/wp\/v2\/users\/5"}],"replies":[{"embeddable":true,"href":"https:\/\/scenaamadeo.hr\/wordpress\/index.php\/wp-json\/wp\/v2\/comments?post=50842"}],"version-history":[{"count":0,"href":"https:\/\/scenaamadeo.hr\/wordpress\/index.php\/wp-json\/wp\/v2\/posts\/50842\/revisions"}],"wp:featuredmedia":[{"embeddable":true,"href":"https:\/\/scenaamadeo.hr\/wordpress\/index.php\/wp-json\/wp\/v2\/media\/50839"}],"wp:attachment":[{"href":"https:\/\/scenaamadeo.hr\/wordpress\/index.php\/wp-json\/wp\/v2\/media?parent=50842"}],"wp:term":[{"taxonomy":"category","embeddable":true,"href":"https:\/\/scenaamadeo.hr\/wordpress\/index.php\/wp-json\/wp\/v2\/categories?post=50842"},{"taxonomy":"post_tag","embeddable":true,"href":"https:\/\/scenaamadeo.hr\/wordpress\/index.php\/wp-json\/wp\/v2\/tags?post=50842"}],"curies":[{"name":"wp","href":"https:\/\/api.w.org\/{rel}","templated":true}]}}