{"id":50834,"date":"2013-06-10T11:00:12","date_gmt":"2013-06-10T11:00:12","guid":{"rendered":"https:\/\/scenaamadeo.hr\/wordpress\/index.php\/2013\/06\/10\/nedjelja-21-07-2013-21-00-koncert-goran-koncar-i-ljerka-koncar-gamulin\/"},"modified":"2013-06-10T11:00:12","modified_gmt":"2013-06-10T11:00:12","slug":"nedjelja-21-07-2013-21-00-koncert-goran-koncar-i-ljerka-koncar-gamulin","status":"publish","type":"post","link":"https:\/\/scenaamadeo.hr\/wordpress\/index.php\/2013\/06\/10\/nedjelja-21-07-2013-21-00-koncert-goran-koncar-i-ljerka-koncar-gamulin\/","title":{"rendered":"Nedjelja, 21.07.2013. \/ 21:00 \/ koncert \/ Goran Kon\u010dar i Ljerka Kon\u010dar-Gamulin"},"content":{"rendered":"<p><span style=\"font-size: 10pt; font-family: Arial, sans-serif;\"><img loading=\"lazy\" decoding=\"async\" class=\" alignleft size-full wp-image-50833\" src=\"https:\/\/scenaamadeo.hr\/wordpress\/wp-content\/uploads\/program\/Koncar-a62.jpg\" width=\"310\" height=\"472\" alt=\"Koncar\" style=\"margin-right: 40px; float: left;\" srcset=\"https:\/\/scenaamadeo.hr\/wordpress\/wp-content\/uploads\/program\/Koncar-a62.jpg 394w, https:\/\/scenaamadeo.hr\/wordpress\/wp-content\/uploads\/program\/Koncar-a62-197x300.jpg 197w\" sizes=\"auto, (max-width: 310px) 100vw, 310px\" \/><a href=\"index.php?option=com_content&#038;view=article&#038;id=1404;goran-koncar&#038;catid=78;uncategorised\"><\/a><\/span><\/p>\n<p><span style=\"font-size: 10pt; font-family: Arial, sans-serif;\"><i><span style=\"font-size: 10pt; font-family: Arial, sans-serif;\">Bach, Nje\u017ei\u0107; Kon\u010dar-Gamulin; Kodaly; Handel-Halvorsen<\/span><\/i><\/span><\/p>\n<p><span style=\"font-size: 10pt; font-family: Arial, sans-serif;\">\u00a0<\/span><\/p>\n<p><span style=\"font-size: 10pt; font-family: Arial, sans-serif;\">Nastupaju:<\/span><\/p>\n<p><span style=\"font-size: 10pt; font-family: Arial, sans-serif;\"><a href=\"index.php?option=com_content&#038;view=article&#038;id=1404;goran-koncar&#038;catid=78;uncategorised\">Goran Kon\u010dar<\/a><\/span><span style=\"font-size: 10pt; font-family: Arial, sans-serif;\">, violina \u00a0 \u00a0 \u00a0 \u00a0 \u00a0 \u00a0 \u00a0 \u00a0 \u00a0 \u00a0 \u00a0 \u00a0 \u00a0 \u00a0 \u00a0 \u00a0 \u00a0 \u00a0 \u00a0 \u00a0 \u00a0 \u00a0 \u00a0 \u00a0 \u00a0 \u00a0 \u00a0 \u00a0 \u00a0 \u00a0 \u00a0<\/span><\/p>\n<p><a href=\"index.php?option=com_content&#038;view=article&#038;id=1405;ljerka-koncar-gamulin&#038;catid=58;program-1&#038;Itemid=50\"><span style=\"font-size: 10pt; font-family: Arial, sans-serif;\">Ljerka Kon\u010dar-Gamulin<\/span><\/a><span style=\"font-size: 10pt; font-family: Arial, sans-serif;\">, violon\u010delo<\/span><\/p>\n<p><span style=\"font-size: 10pt; font-family: Arial, sans-serif;\"><\/span><i><span style=\"font-size: 10pt; font-family: Arial, sans-serif;\">\u00a0 \u00a0<\/span><\/i><\/p>\n","protected":false},"excerpt":{"rendered":"<p>Bach, Nje\u017ei\u0107; Kon\u010dar-Gamulin; Kodaly; Handel-Halvorsen \u00a0 Nastupaju: Goran Kon\u010dar, violina \u00a0 \u00a0 \u00a0 \u00a0 \u00a0 \u00a0 \u00a0 \u00a0 \u00a0 \u00a0 \u00a0 \u00a0 \u00a0 \u00a0 \u00a0 \u00a0 \u00a0 \u00a0 \u00a0 \u00a0 \u00a0 \u00a0 \u00a0 \u00a0 \u00a0 \u00a0 \u00a0 \u00a0 \u00a0 \u00a0 \u00a0 Ljerka Kon\u010dar-Gamulin, violon\u010delo \u00a0 \u00a0<\/p>\n","protected":false},"author":5,"featured_media":50833,"comment_status":"open","ping_status":"closed","sticky":false,"template":"","format":"standard","meta":{"_acf_changed":false,"_editorskit_title_hidden":false,"_editorskit_reading_time":0,"_editorskit_is_block_options_detached":false,"_editorskit_block_options_position":"{}","_gspb_post_css":"","_crdt_document":"","ngg_post_thumbnail":0,"footnotes":""},"categories":[262],"tags":[],"class_list":["post-50834","post","type-post","status-publish","format-standard","has-post-thumbnail","hentry","category-arhiva"],"blocksy_meta":[],"acf":[],"_links":{"self":[{"href":"https:\/\/scenaamadeo.hr\/wordpress\/index.php\/wp-json\/wp\/v2\/posts\/50834","targetHints":{"allow":["GET"]}}],"collection":[{"href":"https:\/\/scenaamadeo.hr\/wordpress\/index.php\/wp-json\/wp\/v2\/posts"}],"about":[{"href":"https:\/\/scenaamadeo.hr\/wordpress\/index.php\/wp-json\/wp\/v2\/types\/post"}],"author":[{"embeddable":true,"href":"https:\/\/scenaamadeo.hr\/wordpress\/index.php\/wp-json\/wp\/v2\/users\/5"}],"replies":[{"embeddable":true,"href":"https:\/\/scenaamadeo.hr\/wordpress\/index.php\/wp-json\/wp\/v2\/comments?post=50834"}],"version-history":[{"count":0,"href":"https:\/\/scenaamadeo.hr\/wordpress\/index.php\/wp-json\/wp\/v2\/posts\/50834\/revisions"}],"wp:featuredmedia":[{"embeddable":true,"href":"https:\/\/scenaamadeo.hr\/wordpress\/index.php\/wp-json\/wp\/v2\/media\/50833"}],"wp:attachment":[{"href":"https:\/\/scenaamadeo.hr\/wordpress\/index.php\/wp-json\/wp\/v2\/media?parent=50834"}],"wp:term":[{"taxonomy":"category","embeddable":true,"href":"https:\/\/scenaamadeo.hr\/wordpress\/index.php\/wp-json\/wp\/v2\/categories?post=50834"},{"taxonomy":"post_tag","embeddable":true,"href":"https:\/\/scenaamadeo.hr\/wordpress\/index.php\/wp-json\/wp\/v2\/tags?post=50834"}],"curies":[{"name":"wp","href":"https:\/\/api.w.org\/{rel}","templated":true}]}}