{"id":50832,"date":"2013-06-10T10:53:54","date_gmt":"2013-06-10T10:53:54","guid":{"rendered":"https:\/\/scenaamadeo.hr\/wordpress\/index.php\/2013\/06\/10\/subota-20-07-2013-21-00-koncert-trio-elogio\/"},"modified":"2013-06-10T10:53:54","modified_gmt":"2013-06-10T10:53:54","slug":"subota-20-07-2013-21-00-koncert-trio-elogio","status":"publish","type":"post","link":"https:\/\/scenaamadeo.hr\/wordpress\/index.php\/2013\/06\/10\/subota-20-07-2013-21-00-koncert-trio-elogio\/","title":{"rendered":"Subota, 20.07.2013. \/ 21:00 \/ koncert \/ Trio Elogio"},"content":{"rendered":"<p><strong><span style=\"font-size: 10pt; font-family: Arial, sans-serif;\"><img loading=\"lazy\" decoding=\"async\" class=\" alignleft size-full wp-image-50831\" src=\"https:\/\/scenaamadeo.hr\/wordpress\/wp-content\/uploads\/program\/Petrit_trio-8a4.jpg\" width=\"310\" height=\"200\" alt=\"Petrit trio\" style=\"margin-right: 40px; float: left;\" srcset=\"https:\/\/scenaamadeo.hr\/wordpress\/wp-content\/uploads\/program\/Petrit_trio-8a4.jpg 310w, https:\/\/scenaamadeo.hr\/wordpress\/wp-content\/uploads\/program\/Petrit_trio-8a4-300x194.jpg 300w\" sizes=\"auto, (max-width: 310px) 100vw, 310px\" \/><\/span><\/strong><\/p>\n<p><span style=\"font-size: 10pt; font-family: Arial, sans-serif;\"><em><span style=\"font-size: 10pt; font-family: Arial, sans-serif;\">Bach,\u00a0<\/span><span style=\"font-size: 10pt; font-family: Arial, sans-serif;\">Mozart<\/span><span style=\"font-size: 10pt; font-family: Arial, sans-serif;\">, Chopin, Ru\u017edjak, de Falla,\u00a0<\/span><span style=\"font-size: 10pt; font-family: Arial, sans-serif;\">Dvo\u0159\u00e1k<\/span><\/em><\/span><\/p>\n<p><span style=\"font-size: 10pt; font-family: Arial, sans-serif;\">\u00a0<\/span><\/p>\n<p><span style=\"font-size: 10pt; font-family: Arial, sans-serif;\">Nastupaju:<\/span><\/p>\n<p style=\"margin-bottom: 5px; font-family: Tahoma, Arial, Helvetica, sans-serif; font-size: 12px;\"><span style=\"color: #000000;\"><a href=\"http:\/\/www.glazbena-garaza.com\/procitajte-vise.php?glazba=petrit-%C4%87eku&#038;vid=68\" style=\"color: #e20032;\">Petrit Ceku<\/a><\/span><\/p>\n<p style=\"margin-bottom: 5px; font-family: Tahoma, Arial, Helvetica, sans-serif; font-size: 12px;\"><span style=\"color: #000000;\"><a href=\"http:\/\/www.lisinski.hr\/event.php?id=99\" style=\"color: #e20032;\">Tomislav Vuk\u0161i\u0107<\/a><\/span><\/p>\n<p style=\"margin-bottom: 5px; font-family: Tahoma, Arial, Helvetica, sans-serif; font-size: 12px;\"><span style=\"color: #000000;\"><a href=\"http:\/\/www.tzzadar.hr\/hr\/dogadanja\/koncerti\/18-06-2010\/pedro-ribeiro-rodrigues-gitara-guitar\" style=\"color: #e20032;\">Pedro Ribeiro Rodrigues<\/a><\/span><\/p>\n<p><i><span style=\"font-size: 10pt; font-family: Arial, sans-serif;\">\u00a0<\/span><\/i><\/p>\n<p><strong><span style=\"font-size: 10pt; font-family: Arial, sans-serif;\">Cijena ulaznice: 90,00 kn<\/span><\/strong><\/p>\n<p><strong><i><span style=\"font-size: 10pt; font-family: Arial, sans-serif;\">U slu\u010daju ki\u0161e koncert \u0107e se odr\u017eati u Maloj dvorani KD Lisinski!<\/span><\/i><\/strong><\/p>\n","protected":false},"excerpt":{"rendered":"<p>Bach,\u00a0Mozart, Chopin, Ru\u017edjak, de Falla,\u00a0Dvo\u0159\u00e1k \u00a0 Nastupaju: Petrit Ceku Tomislav Vuk\u0161i\u0107 Pedro Ribeiro Rodrigues \u00a0 Cijena ulaznice: 90,00 kn U slu\u010daju ki\u0161e koncert \u0107e se odr\u017eati u Maloj dvorani KD Lisinski!<\/p>\n","protected":false},"author":5,"featured_media":50831,"comment_status":"open","ping_status":"closed","sticky":false,"template":"","format":"standard","meta":{"_acf_changed":false,"_editorskit_title_hidden":false,"_editorskit_reading_time":0,"_editorskit_is_block_options_detached":false,"_editorskit_block_options_position":"{}","_gspb_post_css":"","_crdt_document":"","ngg_post_thumbnail":0,"footnotes":""},"categories":[262],"tags":[],"class_list":["post-50832","post","type-post","status-publish","format-standard","has-post-thumbnail","hentry","category-arhiva"],"blocksy_meta":[],"acf":[],"_links":{"self":[{"href":"https:\/\/scenaamadeo.hr\/wordpress\/index.php\/wp-json\/wp\/v2\/posts\/50832","targetHints":{"allow":["GET"]}}],"collection":[{"href":"https:\/\/scenaamadeo.hr\/wordpress\/index.php\/wp-json\/wp\/v2\/posts"}],"about":[{"href":"https:\/\/scenaamadeo.hr\/wordpress\/index.php\/wp-json\/wp\/v2\/types\/post"}],"author":[{"embeddable":true,"href":"https:\/\/scenaamadeo.hr\/wordpress\/index.php\/wp-json\/wp\/v2\/users\/5"}],"replies":[{"embeddable":true,"href":"https:\/\/scenaamadeo.hr\/wordpress\/index.php\/wp-json\/wp\/v2\/comments?post=50832"}],"version-history":[{"count":0,"href":"https:\/\/scenaamadeo.hr\/wordpress\/index.php\/wp-json\/wp\/v2\/posts\/50832\/revisions"}],"wp:featuredmedia":[{"embeddable":true,"href":"https:\/\/scenaamadeo.hr\/wordpress\/index.php\/wp-json\/wp\/v2\/media\/50831"}],"wp:attachment":[{"href":"https:\/\/scenaamadeo.hr\/wordpress\/index.php\/wp-json\/wp\/v2\/media?parent=50832"}],"wp:term":[{"taxonomy":"category","embeddable":true,"href":"https:\/\/scenaamadeo.hr\/wordpress\/index.php\/wp-json\/wp\/v2\/categories?post=50832"},{"taxonomy":"post_tag","embeddable":true,"href":"https:\/\/scenaamadeo.hr\/wordpress\/index.php\/wp-json\/wp\/v2\/tags?post=50832"}],"curies":[{"name":"wp","href":"https:\/\/api.w.org\/{rel}","templated":true}]}}