{"id":50801,"date":"2015-05-19T09:55:58","date_gmt":"2015-05-19T09:55:58","guid":{"rendered":"https:\/\/scenaamadeo.hr\/wordpress\/index.php\/2015\/05\/19\/cetvrtak-07-07-2016-21-00-izlozba\/"},"modified":"2015-05-19T09:55:58","modified_gmt":"2015-05-19T09:55:58","slug":"cetvrtak-07-07-2016-21-00-izlozba","status":"publish","type":"post","link":"https:\/\/scenaamadeo.hr\/wordpress\/index.php\/2015\/05\/19\/cetvrtak-07-07-2016-21-00-izlozba\/","title":{"rendered":"\u010cetvrtak, 07.07.2016. \/ 21:00 \/ izlo\u017eba"},"content":{"rendered":"<p style=\"margin-bottom: 0.0001pt;\"><span style=\"font-size: 10pt; font-family: Arial, sans-serif;\">Marija Ujevi\u0107 Galetovi\u0107<\/span><\/p>\n<p style=\"margin-bottom: 0.0001pt;\"><strong><span style=\"font-size: 10pt; font-family: Arial, sans-serif;\">\u017dENA I ZVIJER<\/span><\/strong><\/p>\n<p style=\"margin-bottom: 0.0001pt;\"><em><span style=\"font-size: 10pt; font-family: Arial, sans-serif;\">Otvorenje izlo\u017ebe &#8211;<strong>\u00a0<\/strong><\/span><\/em><span style=\"font-size: 12.16px;\"><strong>Ulaz slobodan!<\/strong><\/span><\/p>\n<p style=\"margin-bottom: 0.0001pt; text-align: justify;\">\u00a0<\/p>\n<p style=\"margin-bottom: 0.0001pt; text-align: justify;\"><span style=\"font-size: 10pt; font-family: Arial, sans-serif;\">Sedma je to u nizu izlo\u017eaba ( <em>\u0160imunovi\u0107, Filakovac, Kra\u0161kovi\u0107<\/em>,\u00a0<em>Doli\u0107, Milenkovi\u0107, Kuli\u0161\u2026<\/em>) posve\u0107enih\u00a0<\/span><span style=\"font-size: 10pt; font-family: Arial, sans-serif;\">akademskoj slikarici i grafi\u010darki\u00a0<em>Izabeli \u0160imunovi\u0107 (1970. &#8211; 2010.)\u00a0<\/em>kojima Scena Amadeo\u00a0<\/span><span style=\"font-size: 10pt; font-family: Arial, sans-serif;\">i Hrvatski prirodoslovni\u00a0muzej predstavljaju likovne umjetnike \u010dija su djela inspirirana\u00a0<\/span><span style=\"font-size: 10pt; font-family: Arial, sans-serif;\">prirodoslovnom tematikom.<\/span>\u00a0<\/p>\n","protected":false},"excerpt":{"rendered":"<p>Marija Ujevi\u0107 Galetovi\u0107 \u017dENA I ZVIJER Otvorenje izlo\u017ebe &#8211;\u00a0Ulaz slobodan! \u00a0 Sedma je to u nizu izlo\u017eaba ( \u0160imunovi\u0107, Filakovac, Kra\u0161kovi\u0107,\u00a0Doli\u0107, Milenkovi\u0107, Kuli\u0161\u2026) posve\u0107enih\u00a0akademskoj slikarici i grafi\u010darki\u00a0Izabeli \u0160imunovi\u0107 (1970. &#8211; 2010.)\u00a0kojima Scena Amadeo\u00a0i Hrvatski prirodoslovni\u00a0muzej predstavljaju likovne umjetnike \u010dija su djela inspirirana\u00a0prirodoslovnom tematikom.\u00a0<\/p>\n","protected":false},"author":5,"featured_media":50800,"comment_status":"open","ping_status":"closed","sticky":false,"template":"","format":"standard","meta":{"_acf_changed":false,"_editorskit_title_hidden":false,"_editorskit_reading_time":0,"_editorskit_is_block_options_detached":false,"_editorskit_block_options_position":"{}","_gspb_post_css":"","_crdt_document":"","ngg_post_thumbnail":0,"footnotes":""},"categories":[280],"tags":[],"class_list":["post-50801","post","type-post","status-publish","format-standard","has-post-thumbnail","hentry","category-izlozbe"],"blocksy_meta":[],"acf":[],"_links":{"self":[{"href":"https:\/\/scenaamadeo.hr\/wordpress\/index.php\/wp-json\/wp\/v2\/posts\/50801","targetHints":{"allow":["GET"]}}],"collection":[{"href":"https:\/\/scenaamadeo.hr\/wordpress\/index.php\/wp-json\/wp\/v2\/posts"}],"about":[{"href":"https:\/\/scenaamadeo.hr\/wordpress\/index.php\/wp-json\/wp\/v2\/types\/post"}],"author":[{"embeddable":true,"href":"https:\/\/scenaamadeo.hr\/wordpress\/index.php\/wp-json\/wp\/v2\/users\/5"}],"replies":[{"embeddable":true,"href":"https:\/\/scenaamadeo.hr\/wordpress\/index.php\/wp-json\/wp\/v2\/comments?post=50801"}],"version-history":[{"count":0,"href":"https:\/\/scenaamadeo.hr\/wordpress\/index.php\/wp-json\/wp\/v2\/posts\/50801\/revisions"}],"wp:featuredmedia":[{"embeddable":true,"href":"https:\/\/scenaamadeo.hr\/wordpress\/index.php\/wp-json\/wp\/v2\/media\/50800"}],"wp:attachment":[{"href":"https:\/\/scenaamadeo.hr\/wordpress\/index.php\/wp-json\/wp\/v2\/media?parent=50801"}],"wp:term":[{"taxonomy":"category","embeddable":true,"href":"https:\/\/scenaamadeo.hr\/wordpress\/index.php\/wp-json\/wp\/v2\/categories?post=50801"},{"taxonomy":"post_tag","embeddable":true,"href":"https:\/\/scenaamadeo.hr\/wordpress\/index.php\/wp-json\/wp\/v2\/tags?post=50801"}],"curies":[{"name":"wp","href":"https:\/\/api.w.org\/{rel}","templated":true}]}}