{"id":50710,"date":"2012-06-21T13:27:34","date_gmt":"2012-06-21T13:27:34","guid":{"rendered":"https:\/\/scenaamadeo.hr\/wordpress\/index.php\/2012\/06\/21\/subota-01-09-2012-21-00-koncert-edin-karamazov-solisticki-recital\/"},"modified":"2012-06-21T13:27:34","modified_gmt":"2012-06-21T13:27:34","slug":"subota-01-09-2012-21-00-koncert-edin-karamazov-solisticki-recital","status":"publish","type":"post","link":"https:\/\/scenaamadeo.hr\/wordpress\/index.php\/2012\/06\/21\/subota-01-09-2012-21-00-koncert-edin-karamazov-solisticki-recital\/","title":{"rendered":"Subota, 01.09.2012. \/ 21:00 \/ koncert \/ Edin Karamazov, solisti\u010dki recital"},"content":{"rendered":"<p><img loading=\"lazy\" decoding=\"async\" class=\" alignleft size-full wp-image-50709\" style=\"margin-right: 40px; margin-bottom: 80px; float: left;\" alt=\"01_09_Edin_solo\" height=\"207\" width=\"310\" src=\"https:\/\/scenaamadeo.hr\/wordpress\/wp-content\/uploads\/Arhiva2012\/01_09_Edin_solo-513.jpg\" srcset=\"https:\/\/scenaamadeo.hr\/wordpress\/wp-content\/uploads\/Arhiva2012\/01_09_Edin_solo-513.jpg 310w, https:\/\/scenaamadeo.hr\/wordpress\/wp-content\/uploads\/Arhiva2012\/01_09_Edin_solo-513-300x200.jpg 300w\" sizes=\"auto, (max-width: 310px) 100vw, 310px\" \/><span style=\"color: #000000;\">Edin Karamazov, solisti\u010dki recital \u00a0 \u00a0 \u00a0 \u00a0 \u00a0 \u00a0 \u00a0 \u00a0 \u00a0 \u00a0 \u00a0 \u00a0 \u00a0 \u00a0 \u00a0 \u00a0 \u00a0 \u00a0 \u00a0 \u00a0 \u00a0 \u00a0 \u00a0 \u00a0 \u00a0 \u00a0 \u00a0 \u00a0 \u00a0 \u00a0 \u00a0 \u00a0 \u00a0 \u00a0 \u00a0 \u00a0 \u00a0 \u00a0 \u00a0 \u00a0 \u00a0 \u00a0 \u00a0 \u00a0 \u00a0 \u00a0 \u00a0 \u00a0 \u00a0 \u00a0 \u00a0 \u00a0 \u00a0 \u00a0<\/span><\/p>\n<p><span style=\"color: #000000;\">Nastupa:<\/span><\/p>\n<p><span style=\"color: #000000;\"><a href=\"http:\/\/hr.wikipedia.org\/wiki\/Edin_Karamazov\">Edin Karamazov<\/a>\u00a0<\/span><\/p>\n<p><span style=\"color: #000000;\"><i>P.  Sculthorpe (arr. E.Karamazov); L.  Brouwer (arr.E.Karamazov); F. Sor;\u00a0<\/i><\/span><span style=\"color: #000000;\"><i>A.  Barrios;\u00a0<\/i><\/span><i style=\"color: #000000;\">A.  Piazzolla (arr.S.Assad)<\/i><\/p>\n<p>\u00a0<\/p>\n<p><span style=\"color: #000000;\"><b><i>Cijena ulaznica: 90,00 kuna<\/i><\/b><\/span><\/p>\n<p><span style=\"color: #000000;\"><b>U slu\u010daju ki\u0161e program \u0107e se odr\u017eati u crkvi sv. Marka!<\/b><\/span><\/p>\n","protected":false},"excerpt":{"rendered":"<p>Edin Karamazov, solisti\u010dki recital \u00a0 \u00a0 \u00a0 \u00a0 \u00a0 \u00a0 \u00a0 \u00a0 \u00a0 \u00a0 \u00a0 \u00a0 \u00a0 \u00a0 \u00a0 \u00a0 \u00a0 \u00a0 \u00a0 \u00a0 \u00a0 \u00a0 \u00a0 \u00a0 \u00a0 \u00a0 \u00a0 \u00a0 \u00a0 \u00a0 \u00a0 \u00a0 \u00a0 \u00a0 \u00a0 \u00a0 \u00a0 \u00a0 \u00a0 \u00a0 \u00a0 \u00a0 \u00a0 \u00a0 \u00a0 \u00a0 \u00a0 \u00a0 \u00a0 \u00a0 \u00a0 [&hellip;]<\/p>\n","protected":false},"author":5,"featured_media":50709,"comment_status":"open","ping_status":"closed","sticky":false,"template":"","format":"standard","meta":{"_acf_changed":false,"_editorskit_title_hidden":false,"_editorskit_reading_time":0,"_editorskit_is_block_options_detached":false,"_editorskit_block_options_position":"{}","_gspb_post_css":"","_crdt_document":"","ngg_post_thumbnail":0,"footnotes":""},"categories":[262],"tags":[],"class_list":["post-50710","post","type-post","status-publish","format-standard","has-post-thumbnail","hentry","category-arhiva"],"blocksy_meta":[],"acf":[],"_links":{"self":[{"href":"https:\/\/scenaamadeo.hr\/wordpress\/index.php\/wp-json\/wp\/v2\/posts\/50710","targetHints":{"allow":["GET"]}}],"collection":[{"href":"https:\/\/scenaamadeo.hr\/wordpress\/index.php\/wp-json\/wp\/v2\/posts"}],"about":[{"href":"https:\/\/scenaamadeo.hr\/wordpress\/index.php\/wp-json\/wp\/v2\/types\/post"}],"author":[{"embeddable":true,"href":"https:\/\/scenaamadeo.hr\/wordpress\/index.php\/wp-json\/wp\/v2\/users\/5"}],"replies":[{"embeddable":true,"href":"https:\/\/scenaamadeo.hr\/wordpress\/index.php\/wp-json\/wp\/v2\/comments?post=50710"}],"version-history":[{"count":0,"href":"https:\/\/scenaamadeo.hr\/wordpress\/index.php\/wp-json\/wp\/v2\/posts\/50710\/revisions"}],"wp:featuredmedia":[{"embeddable":true,"href":"https:\/\/scenaamadeo.hr\/wordpress\/index.php\/wp-json\/wp\/v2\/media\/50709"}],"wp:attachment":[{"href":"https:\/\/scenaamadeo.hr\/wordpress\/index.php\/wp-json\/wp\/v2\/media?parent=50710"}],"wp:term":[{"taxonomy":"category","embeddable":true,"href":"https:\/\/scenaamadeo.hr\/wordpress\/index.php\/wp-json\/wp\/v2\/categories?post=50710"},{"taxonomy":"post_tag","embeddable":true,"href":"https:\/\/scenaamadeo.hr\/wordpress\/index.php\/wp-json\/wp\/v2\/tags?post=50710"}],"curies":[{"name":"wp","href":"https:\/\/api.w.org\/{rel}","templated":true}]}}