{"id":50708,"date":"2012-06-21T13:21:33","date_gmt":"2012-06-21T13:21:33","guid":{"rendered":"https:\/\/scenaamadeo.hr\/wordpress\/index.php\/2012\/06\/21\/cetvrtak-30-08-2012-21-00-koncert-petrit-ceku-trio\/"},"modified":"2012-06-21T13:21:33","modified_gmt":"2012-06-21T13:21:33","slug":"cetvrtak-30-08-2012-21-00-koncert-petrit-ceku-trio","status":"publish","type":"post","link":"https:\/\/scenaamadeo.hr\/wordpress\/index.php\/2012\/06\/21\/cetvrtak-30-08-2012-21-00-koncert-petrit-ceku-trio\/","title":{"rendered":"\u010cetvrtak, 30.08.2012. \/ 21:00 \/ koncert \/ Petrit Ceku Trio"},"content":{"rendered":"<p><img loading=\"lazy\" decoding=\"async\" class=\" alignleft size-full wp-image-50707\" width=\"310\" height=\"330\" src=\"https:\/\/scenaamadeo.hr\/wordpress\/wp-content\/uploads\/Arhiva2012\/ceku-f20.jpg\" alt=\"ceku\" style=\"float: left; margin-right: 40px;\" srcset=\"https:\/\/scenaamadeo.hr\/wordpress\/wp-content\/uploads\/Arhiva2012\/ceku-f20.jpg 291w, https:\/\/scenaamadeo.hr\/wordpress\/wp-content\/uploads\/Arhiva2012\/ceku-f20-282x300.jpg 282w\" sizes=\"auto, (max-width: 310px) 100vw, 310px\" \/><span style=\"color: #000000;\">Petrit Ceku Trio \u00a0 \u00a0 \u00a0 \u00a0 \u00a0 \u00a0 \u00a0 \u00a0 \u00a0 \u00a0 \u00a0 \u00a0 \u00a0 \u00a0 \u00a0 \u00a0 \u00a0 \u00a0 \u00a0 \u00a0 \u00a0 \u00a0 \u00a0 \u00a0 \u00a0 \u00a0 \u00a0 \u00a0 \u00a0 \u00a0 \u00a0 \u00a0 \u00a0 \u00a0 \u00a0 \u00a0 \u00a0<\/span><\/p>\n<p>\u00a0<\/p>\n<p><span style=\"color: #000000;\">Nastupaju:<\/span><\/p>\n<p><span style=\"color: #000000;\"><a href=\"http:\/\/www.glazbena-garaza.com\/procitajte-vise.php?glazba=petrit-%C4%87eku&#038;vid=68\">Petrit Ceku<\/a><\/span><\/p>\n<p><span style=\"color: #000000;\"><a href=\"http:\/\/www.lisinski.hr\/event.php?id=99\">Tomislav Vuk\u0161i\u0107<\/a><\/span><\/p>\n<p><span style=\"color: #000000;\"><a href=\"http:\/\/www.tzzadar.hr\/hr\/dogadanja\/koncerti\/18-06-2010\/pedro-ribeiro-rodrigues-gitara-guitar\">Pedro Ribeiro Rodrigues<\/a><\/span><\/p>\n<p>\u00a0<\/p>\n<p><span style=\"color: #000000;\">Mozart; Josipovic; Piazzolla; Dvorak<\/span><\/p>\n<p>\u00a0<\/p>\n<p><span style=\"color: #000000;\">Cijena ulaznica: 90,00 kuna<\/span><\/p>\n<p>\u00a0<\/p>\n<p><span style=\"color: #000000;\">U slu\u010daju ki\u0161e program \u0107e se odr\u017eati u crkvi sv. Marka!<\/span><\/p>\n","protected":false},"excerpt":{"rendered":"<p>Petrit Ceku Trio \u00a0 \u00a0 \u00a0 \u00a0 \u00a0 \u00a0 \u00a0 \u00a0 \u00a0 \u00a0 \u00a0 \u00a0 \u00a0 \u00a0 \u00a0 \u00a0 \u00a0 \u00a0 \u00a0 \u00a0 \u00a0 \u00a0 \u00a0 \u00a0 \u00a0 \u00a0 \u00a0 \u00a0 \u00a0 \u00a0 \u00a0 \u00a0 \u00a0 \u00a0 \u00a0 \u00a0 \u00a0 \u00a0 Nastupaju: Petrit Ceku Tomislav Vuk\u0161i\u0107 Pedro Ribeiro Rodrigues \u00a0 Mozart; Josipovic; Piazzolla; Dvorak \u00a0 [&hellip;]<\/p>\n","protected":false},"author":5,"featured_media":50707,"comment_status":"open","ping_status":"closed","sticky":false,"template":"","format":"standard","meta":{"_acf_changed":false,"_editorskit_title_hidden":false,"_editorskit_reading_time":0,"_editorskit_is_block_options_detached":false,"_editorskit_block_options_position":"{}","_gspb_post_css":"","_crdt_document":"","ngg_post_thumbnail":0,"footnotes":""},"categories":[262],"tags":[],"class_list":["post-50708","post","type-post","status-publish","format-standard","has-post-thumbnail","hentry","category-arhiva"],"blocksy_meta":[],"acf":[],"_links":{"self":[{"href":"https:\/\/scenaamadeo.hr\/wordpress\/index.php\/wp-json\/wp\/v2\/posts\/50708","targetHints":{"allow":["GET"]}}],"collection":[{"href":"https:\/\/scenaamadeo.hr\/wordpress\/index.php\/wp-json\/wp\/v2\/posts"}],"about":[{"href":"https:\/\/scenaamadeo.hr\/wordpress\/index.php\/wp-json\/wp\/v2\/types\/post"}],"author":[{"embeddable":true,"href":"https:\/\/scenaamadeo.hr\/wordpress\/index.php\/wp-json\/wp\/v2\/users\/5"}],"replies":[{"embeddable":true,"href":"https:\/\/scenaamadeo.hr\/wordpress\/index.php\/wp-json\/wp\/v2\/comments?post=50708"}],"version-history":[{"count":0,"href":"https:\/\/scenaamadeo.hr\/wordpress\/index.php\/wp-json\/wp\/v2\/posts\/50708\/revisions"}],"wp:featuredmedia":[{"embeddable":true,"href":"https:\/\/scenaamadeo.hr\/wordpress\/index.php\/wp-json\/wp\/v2\/media\/50707"}],"wp:attachment":[{"href":"https:\/\/scenaamadeo.hr\/wordpress\/index.php\/wp-json\/wp\/v2\/media?parent=50708"}],"wp:term":[{"taxonomy":"category","embeddable":true,"href":"https:\/\/scenaamadeo.hr\/wordpress\/index.php\/wp-json\/wp\/v2\/categories?post=50708"},{"taxonomy":"post_tag","embeddable":true,"href":"https:\/\/scenaamadeo.hr\/wordpress\/index.php\/wp-json\/wp\/v2\/tags?post=50708"}],"curies":[{"name":"wp","href":"https:\/\/api.w.org\/{rel}","templated":true}]}}