{"id":50706,"date":"2012-06-21T13:17:58","date_gmt":"2012-06-21T13:17:58","guid":{"rendered":"https:\/\/scenaamadeo.hr\/wordpress\/index.php\/2012\/06\/21\/srijeda-29-08-2012-21-00-koncert-zagrebacki-solisti\/"},"modified":"2012-06-21T13:17:58","modified_gmt":"2012-06-21T13:17:58","slug":"srijeda-29-08-2012-21-00-koncert-zagrebacki-solisti","status":"publish","type":"post","link":"https:\/\/scenaamadeo.hr\/wordpress\/index.php\/2012\/06\/21\/srijeda-29-08-2012-21-00-koncert-zagrebacki-solisti\/","title":{"rendered":"Srijeda, 29.08.2012. \/ 21:00 \/ koncert \/ Zagreba\u010dki solisti"},"content":{"rendered":"<p><img loading=\"lazy\" decoding=\"async\" class=\" alignleft size-full wp-image-49603\" width=\"310\" height=\"202\" src=\"https:\/\/scenaamadeo.hr\/wordpress\/wp-content\/uploads\/arhiva2011\/Zagrebacki_Solisti-067.jpg\" alt=\"Zagrebacki_Solisti\" style=\"margin-right: 40px; margin-bottom: 110px; float: left;\" srcset=\"https:\/\/scenaamadeo.hr\/wordpress\/wp-content\/uploads\/arhiva2011\/Zagrebacki_Solisti-067.jpg 310w, https:\/\/scenaamadeo.hr\/wordpress\/wp-content\/uploads\/arhiva2011\/Zagrebacki_Solisti-067-300x195.jpg 300w\" sizes=\"auto, (max-width: 310px) 100vw, 310px\" \/><span style=\"color: #000000;\">Zagreba\u010dki solisti<\/span><\/p>\n<p>\u00a0<\/p>\n<p><span style=\"color: #000000;\">Nastupaju:<\/span><\/p>\n<p><span style=\"color: #000000;\">Borivoj  Martini\u0107-Jer\u010di\u0107, violina, koncertni majstor; Karlo S. Fio, violina; \u0110ana  Kahriman, violina; Mislav Pavlin, violina; Krunoslav Mari\u0107,  violina,\u00a0Ivan  Ze\u010devi\u0107, violina; Saki Kodama, violina;  Aleksandar Milo\u0161ev, viola; Marko  Otma\u010di\u0107, viola; Zlatko Rucner, violon\u010delo; Smiljan Mr\u010dela, violon\u010delo;\u00a0Mario  Ivelja, kontrabas<\/span><\/p>\n<p><span style=\"color: #000000;\">Umjetni\u010dki voditelj:\u00a0<\/span><span style=\"color: #000000;\">Marc  Coppey, violon\u010delo<\/span><\/p>\n<p><span style=\"color: #000000;\"><br \/><\/span><\/p>\n<p><em><span style=\"color: #000000;\">W.A. Mozart, B. Bjelinski,  P.I. \u010cajkovski<\/span><\/em><\/p>\n<p>\u00a0<\/p>\n<p><span style=\"color: #000000;\">U slu\u010daju ki\u0161e program \u0107e se odr\u017eati u crkvi sv. Marka.<\/span><\/p>\n<p>\u00a0<\/p>\n<p><span style=\"color: #000000;\">Vi\u0161e o: <a href=\"http:\/\/www.zg-solisti.hr\/\">Zagreba\u010dki solisti<\/a><\/span><\/p>\n","protected":false},"excerpt":{"rendered":"<p>Zagreba\u010dki solisti \u00a0 Nastupaju: Borivoj Martini\u0107-Jer\u010di\u0107, violina, koncertni majstor; Karlo S. Fio, violina; \u0110ana Kahriman, violina; Mislav Pavlin, violina; Krunoslav Mari\u0107, violina,\u00a0Ivan Ze\u010devi\u0107, violina; Saki Kodama, violina; Aleksandar Milo\u0161ev, viola; Marko Otma\u010di\u0107, viola; Zlatko Rucner, violon\u010delo; Smiljan Mr\u010dela, violon\u010delo;\u00a0Mario Ivelja, kontrabas Umjetni\u010dki voditelj:\u00a0Marc Coppey, violon\u010delo W.A. Mozart, B. Bjelinski, P.I. \u010cajkovski \u00a0 U slu\u010daju ki\u0161e [&hellip;]<\/p>\n","protected":false},"author":5,"featured_media":49603,"comment_status":"open","ping_status":"closed","sticky":false,"template":"","format":"standard","meta":{"_acf_changed":false,"_editorskit_title_hidden":false,"_editorskit_reading_time":0,"_editorskit_is_block_options_detached":false,"_editorskit_block_options_position":"{}","_gspb_post_css":"","_crdt_document":"","ngg_post_thumbnail":0,"footnotes":""},"categories":[262],"tags":[],"class_list":["post-50706","post","type-post","status-publish","format-standard","has-post-thumbnail","hentry","category-arhiva"],"blocksy_meta":[],"acf":[],"_links":{"self":[{"href":"https:\/\/scenaamadeo.hr\/wordpress\/index.php\/wp-json\/wp\/v2\/posts\/50706","targetHints":{"allow":["GET"]}}],"collection":[{"href":"https:\/\/scenaamadeo.hr\/wordpress\/index.php\/wp-json\/wp\/v2\/posts"}],"about":[{"href":"https:\/\/scenaamadeo.hr\/wordpress\/index.php\/wp-json\/wp\/v2\/types\/post"}],"author":[{"embeddable":true,"href":"https:\/\/scenaamadeo.hr\/wordpress\/index.php\/wp-json\/wp\/v2\/users\/5"}],"replies":[{"embeddable":true,"href":"https:\/\/scenaamadeo.hr\/wordpress\/index.php\/wp-json\/wp\/v2\/comments?post=50706"}],"version-history":[{"count":0,"href":"https:\/\/scenaamadeo.hr\/wordpress\/index.php\/wp-json\/wp\/v2\/posts\/50706\/revisions"}],"wp:featuredmedia":[{"embeddable":true,"href":"https:\/\/scenaamadeo.hr\/wordpress\/index.php\/wp-json\/wp\/v2\/media\/49603"}],"wp:attachment":[{"href":"https:\/\/scenaamadeo.hr\/wordpress\/index.php\/wp-json\/wp\/v2\/media?parent=50706"}],"wp:term":[{"taxonomy":"category","embeddable":true,"href":"https:\/\/scenaamadeo.hr\/wordpress\/index.php\/wp-json\/wp\/v2\/categories?post=50706"},{"taxonomy":"post_tag","embeddable":true,"href":"https:\/\/scenaamadeo.hr\/wordpress\/index.php\/wp-json\/wp\/v2\/tags?post=50706"}],"curies":[{"name":"wp","href":"https:\/\/api.w.org\/{rel}","templated":true}]}}