{"id":50703,"date":"2012-06-21T13:05:41","date_gmt":"2012-06-21T13:05:41","guid":{"rendered":"https:\/\/scenaamadeo.hr\/wordpress\/index.php\/2012\/06\/21\/subota-25-08-2012-21-00-koncert-diana-rexhepi-schindlerova-lista\/"},"modified":"2012-06-21T13:05:41","modified_gmt":"2012-06-21T13:05:41","slug":"subota-25-08-2012-21-00-koncert-diana-rexhepi-schindlerova-lista","status":"publish","type":"post","link":"https:\/\/scenaamadeo.hr\/wordpress\/index.php\/2012\/06\/21\/subota-25-08-2012-21-00-koncert-diana-rexhepi-schindlerova-lista\/","title":{"rendered":"Subota, 25.08.2012. \/ 21:00 \/ koncert \/ Diana Rexhepi &#038; Schindlerova lista"},"content":{"rendered":"<p><img loading=\"lazy\" decoding=\"async\" class=\" alignleft size-full wp-image-50702\" height=\"233\" width=\"310\" style=\"float: left; margin-right: 40px;\" alt=\"25_08_rexepi\" src=\"https:\/\/scenaamadeo.hr\/wordpress\/wp-content\/uploads\/Arhiva2012\/25_08_rexepi-71a.jpg\" srcset=\"https:\/\/scenaamadeo.hr\/wordpress\/wp-content\/uploads\/Arhiva2012\/25_08_rexepi-71a.jpg 310w, https:\/\/scenaamadeo.hr\/wordpress\/wp-content\/uploads\/Arhiva2012\/25_08_rexepi-71a-300x225.jpg 300w\" sizes=\"auto, (max-width: 310px) 100vw, 310px\" \/><span style=\"color: #000000;\">Diana Rexhepi &#038; Schindlerova lista \u00a0 \u00a0 \u00a0 \u00a0 \u00a0 \u00a0 \u00a0 \u00a0 \u00a0 \u00a0 \u00a0 \u00a0 \u00a0 \u00a0 \u00a0 \u00a0 \u00a0 \u00a0 \u00a0 \u00a0 \u00a0 \u00a0\u00a0<\/span><\/p>\n<p>\u00a0<\/p>\n<p><span style=\"color: #000000;\">Nastupaju:<\/span><\/p>\n<p><span style=\"color: #000000;\">Diana Rexhepi, vokal<\/span><\/p>\n<p><span style=\"color: #000000;\">Edin Tuzlak, klasi\u010dna gitara<\/span><\/p>\n<p><span style=\"color: #000000;\">Tomislav Pletenac, akusti\u010dna gitara i elektri\u010dna mandolina<\/span><\/p>\n<p><span style=\"color: #000000;\"> Dra\u017een Radinovi\u0107, violina <\/span><\/p>\n<p><span style=\"color: #000000;\">Predrag Vujasinovi\u0107, saksofon, klarinet<\/span><\/p>\n<p><span style=\"color: #000000;\">Sa\u0161a Mil\u010devi\u0107, akusti\u010dni bas<\/span><\/p>\n<p><span style=\"color: #000000;\">Specijalni gost: Branko Bane Stani\u0161i\u0107<\/span><\/p>\n<p><span style=\"color: #000000;\"><br \/><\/span><\/p>\n<p><span style=\"color: #000000;\">U slu\u010daju ki\u0161e program se ne\u0107e odr\u017eati!<\/span><\/p>\n","protected":false},"excerpt":{"rendered":"<p>Diana Rexhepi &#038; Schindlerova lista \u00a0 \u00a0 \u00a0 \u00a0 \u00a0 \u00a0 \u00a0 \u00a0 \u00a0 \u00a0 \u00a0 \u00a0 \u00a0 \u00a0 \u00a0 \u00a0 \u00a0 \u00a0 \u00a0 \u00a0 \u00a0 \u00a0\u00a0 \u00a0 Nastupaju: Diana Rexhepi, vokal Edin Tuzlak, klasi\u010dna gitara Tomislav Pletenac, akusti\u010dna gitara i elektri\u010dna mandolina Dra\u017een Radinovi\u0107, violina Predrag Vujasinovi\u0107, saksofon, klarinet Sa\u0161a Mil\u010devi\u0107, akusti\u010dni bas Specijalni [&hellip;]<\/p>\n","protected":false},"author":5,"featured_media":50702,"comment_status":"open","ping_status":"closed","sticky":false,"template":"","format":"standard","meta":{"_acf_changed":false,"_editorskit_title_hidden":false,"_editorskit_reading_time":0,"_editorskit_is_block_options_detached":false,"_editorskit_block_options_position":"{}","_gspb_post_css":"","_crdt_document":"","ngg_post_thumbnail":0,"footnotes":""},"categories":[262],"tags":[],"class_list":["post-50703","post","type-post","status-publish","format-standard","has-post-thumbnail","hentry","category-arhiva"],"blocksy_meta":[],"acf":[],"_links":{"self":[{"href":"https:\/\/scenaamadeo.hr\/wordpress\/index.php\/wp-json\/wp\/v2\/posts\/50703","targetHints":{"allow":["GET"]}}],"collection":[{"href":"https:\/\/scenaamadeo.hr\/wordpress\/index.php\/wp-json\/wp\/v2\/posts"}],"about":[{"href":"https:\/\/scenaamadeo.hr\/wordpress\/index.php\/wp-json\/wp\/v2\/types\/post"}],"author":[{"embeddable":true,"href":"https:\/\/scenaamadeo.hr\/wordpress\/index.php\/wp-json\/wp\/v2\/users\/5"}],"replies":[{"embeddable":true,"href":"https:\/\/scenaamadeo.hr\/wordpress\/index.php\/wp-json\/wp\/v2\/comments?post=50703"}],"version-history":[{"count":0,"href":"https:\/\/scenaamadeo.hr\/wordpress\/index.php\/wp-json\/wp\/v2\/posts\/50703\/revisions"}],"wp:featuredmedia":[{"embeddable":true,"href":"https:\/\/scenaamadeo.hr\/wordpress\/index.php\/wp-json\/wp\/v2\/media\/50702"}],"wp:attachment":[{"href":"https:\/\/scenaamadeo.hr\/wordpress\/index.php\/wp-json\/wp\/v2\/media?parent=50703"}],"wp:term":[{"taxonomy":"category","embeddable":true,"href":"https:\/\/scenaamadeo.hr\/wordpress\/index.php\/wp-json\/wp\/v2\/categories?post=50703"},{"taxonomy":"post_tag","embeddable":true,"href":"https:\/\/scenaamadeo.hr\/wordpress\/index.php\/wp-json\/wp\/v2\/tags?post=50703"}],"curies":[{"name":"wp","href":"https:\/\/api.w.org\/{rel}","templated":true}]}}