{"id":50695,"date":"2012-06-21T12:52:46","date_gmt":"2012-06-21T12:52:46","guid":{"rendered":"https:\/\/scenaamadeo.hr\/wordpress\/index.php\/2012\/06\/21\/cetvrtak-26-07-2012-21-00-koncert-mariachi-los-caballeros\/"},"modified":"2012-06-21T12:52:46","modified_gmt":"2012-06-21T12:52:46","slug":"cetvrtak-26-07-2012-21-00-koncert-mariachi-los-caballeros","status":"publish","type":"post","link":"https:\/\/scenaamadeo.hr\/wordpress\/index.php\/2012\/06\/21\/cetvrtak-26-07-2012-21-00-koncert-mariachi-los-caballeros\/","title":{"rendered":"\u010cetvrtak, 26.07.2012. \/ 21:00 \/ koncert \/ Mariachi Los Caballeros"},"content":{"rendered":"<p><img loading=\"lazy\" decoding=\"async\" class=\" alignleft size-full wp-image-50694\" width=\"310\" height=\"233\" src=\"https:\/\/scenaamadeo.hr\/wordpress\/wp-content\/uploads\/Arhiva2012\/Mariachi-056.jpg\" alt=\"Mariachi\" style=\"float: left; margin-right: 40px;\" srcset=\"https:\/\/scenaamadeo.hr\/wordpress\/wp-content\/uploads\/Arhiva2012\/Mariachi-056.jpg 310w, https:\/\/scenaamadeo.hr\/wordpress\/wp-content\/uploads\/Arhiva2012\/Mariachi-056-300x225.jpg 300w\" sizes=\"auto, (max-width: 310px) 100vw, 310px\" \/><span style=\"color: #000000;\">Mariachi Los Caballeros \u00a0 \u00a0 \u00a0 \u00a0 \u00a0 \u00a0 \u00a0 \u00a0 \u00a0 \u00a0 \u00a0 \u00a0 \u00a0 \u00a0 \u00a0 \u00a0 \u00a0 \u00a0 \u00a0 \u00a0<\/span><\/p>\n<p><span style=\"color: #000000;\">Najbolji mariachi sastav izvan Meksika!<\/span><\/p>\n<p>\u00a0<\/p>\n<p><span style=\"color: #000000;\">Vi\u0161e o:<\/span><\/p>\n<p><span style=\"color: #000000;\"><a href=\"http:\/\/www.los-caballeros.com\/\">Mariachi Los Caballeros<\/a><\/span><\/p>\n<p>\u00a0<\/p>\n<p><span style=\"color: #000000;\"><strong style=\"text-align: justify;\">\u00a0<\/strong>U slu\u010daju ki\u0161e program se ne\u0107e odr\u017eati!<br \/><\/span><\/p>\n","protected":false},"excerpt":{"rendered":"<p>Mariachi Los Caballeros \u00a0 \u00a0 \u00a0 \u00a0 \u00a0 \u00a0 \u00a0 \u00a0 \u00a0 \u00a0 \u00a0 \u00a0 \u00a0 \u00a0 \u00a0 \u00a0 \u00a0 \u00a0 \u00a0 \u00a0 Najbolji mariachi sastav izvan Meksika! \u00a0 Vi\u0161e o: Mariachi Los Caballeros \u00a0 \u00a0U slu\u010daju ki\u0161e program se ne\u0107e odr\u017eati!<\/p>\n","protected":false},"author":5,"featured_media":50694,"comment_status":"open","ping_status":"closed","sticky":false,"template":"","format":"standard","meta":{"_acf_changed":false,"_editorskit_title_hidden":false,"_editorskit_reading_time":0,"_editorskit_is_block_options_detached":false,"_editorskit_block_options_position":"{}","_gspb_post_css":"","_crdt_document":"","ngg_post_thumbnail":0,"footnotes":""},"categories":[262],"tags":[],"class_list":["post-50695","post","type-post","status-publish","format-standard","has-post-thumbnail","hentry","category-arhiva"],"blocksy_meta":[],"acf":[],"_links":{"self":[{"href":"https:\/\/scenaamadeo.hr\/wordpress\/index.php\/wp-json\/wp\/v2\/posts\/50695","targetHints":{"allow":["GET"]}}],"collection":[{"href":"https:\/\/scenaamadeo.hr\/wordpress\/index.php\/wp-json\/wp\/v2\/posts"}],"about":[{"href":"https:\/\/scenaamadeo.hr\/wordpress\/index.php\/wp-json\/wp\/v2\/types\/post"}],"author":[{"embeddable":true,"href":"https:\/\/scenaamadeo.hr\/wordpress\/index.php\/wp-json\/wp\/v2\/users\/5"}],"replies":[{"embeddable":true,"href":"https:\/\/scenaamadeo.hr\/wordpress\/index.php\/wp-json\/wp\/v2\/comments?post=50695"}],"version-history":[{"count":0,"href":"https:\/\/scenaamadeo.hr\/wordpress\/index.php\/wp-json\/wp\/v2\/posts\/50695\/revisions"}],"wp:featuredmedia":[{"embeddable":true,"href":"https:\/\/scenaamadeo.hr\/wordpress\/index.php\/wp-json\/wp\/v2\/media\/50694"}],"wp:attachment":[{"href":"https:\/\/scenaamadeo.hr\/wordpress\/index.php\/wp-json\/wp\/v2\/media?parent=50695"}],"wp:term":[{"taxonomy":"category","embeddable":true,"href":"https:\/\/scenaamadeo.hr\/wordpress\/index.php\/wp-json\/wp\/v2\/categories?post=50695"},{"taxonomy":"post_tag","embeddable":true,"href":"https:\/\/scenaamadeo.hr\/wordpress\/index.php\/wp-json\/wp\/v2\/tags?post=50695"}],"curies":[{"name":"wp","href":"https:\/\/api.w.org\/{rel}","templated":true}]}}