{"id":50660,"date":"2011-06-08T10:26:46","date_gmt":"2011-06-08T10:26:46","guid":{"rendered":"https:\/\/scenaamadeo.hr\/wordpress\/index.php\/2011\/06\/08\/subota-03-09-2011-21-00-koncert-duende-i-gosti-2\/"},"modified":"2011-06-08T10:26:46","modified_gmt":"2011-06-08T10:26:46","slug":"subota-03-09-2011-21-00-koncert-duende-i-gosti-2","status":"publish","type":"post","link":"https:\/\/scenaamadeo.hr\/wordpress\/index.php\/2011\/06\/08\/subota-03-09-2011-21-00-koncert-duende-i-gosti-2\/","title":{"rendered":"Subota, 03.09.2011. \/  21:00 \/ koncert \/ Duende i gosti"},"content":{"rendered":"<p style=\"line-height: normal; margin-bottom: 0pt;\" class=\"yiv1244072503MsoNormal\"><span style=\"font-family: arial,helvetica,sans-serif; color: #000000;\"><img loading=\"lazy\" decoding=\"async\" class=\" alignleft size-full wp-image-49628\" style=\"margin-right: 40px; float: left;\" alt=\"snoopy_nenci_opt\" src=\"https:\/\/scenaamadeo.hr\/wordpress\/wp-content\/uploads\/arhiva2011\/snoopy_nenci_opt-126.jpg\" height=\"206\" width=\"310\" srcset=\"https:\/\/scenaamadeo.hr\/wordpress\/wp-content\/uploads\/arhiva2011\/snoopy_nenci_opt-126.jpg 310w, https:\/\/scenaamadeo.hr\/wordpress\/wp-content\/uploads\/arhiva2011\/snoopy_nenci_opt-126-300x199.jpg 300w\" sizes=\"auto, (max-width: 310px) 100vw, 310px\" \/>Duende i gosti \u00a0 \u00a0 \u00a0 \u00a0 \u00a0 \u00a0 \u00a0 \u00a0 \u00a0 \u00a0 \u00a0 \u00a0 \u00a0 \u00a0 \u00a0 \u00a0 \u00a0 \u00a0 \u00a0 \u00a0 \u00a0 \u00a0 \u00a0 \u00a0 \u00a0 \u00a0 \u00a0 \u00a0 \u00a0 \u00a0 \u00a0 \u00a0 \u00a0 \u00a0 \u00a0 \u00a0 \u00a0 \u00a0 \u00a0 \u00a0 \u00a0 \u00a0\u00a0<\/span><\/p>\n<p style=\"line-height: normal; margin-bottom: 0pt;\" class=\"yiv1244072503MsoNormal\"><span style=\"color: #000000;\">No\u0107 flamenca<\/span><\/p>\n<p style=\"line-height: normal; margin-bottom: 0pt;\" class=\"yiv1244072503MsoNormal\">\u00a0<\/p>\n<p style=\"line-height: normal; margin-bottom: 0pt;\" class=\"yiv1244072503MsoNormal\"><span style=\"font-family: arial,helvetica,sans-serif; color: #000000;\">Nastupaju:<\/span><\/p>\n<p style=\"line-height: normal; margin-bottom: 0pt;\" class=\"yiv1244072503MsoNormal\">\u00a0<\/p>\n<p style=\"line-height: normal; margin-bottom: 0pt;\" class=\"yiv1244072503MsoNormal\"><span style=\"font-family: arial,helvetica,sans-serif; color: #000000;\">Tomislav Ten\u0161ek-Snoopy,  gitara; Robert Hamp, gitara;<\/span><\/p>\n<p style=\"line-height: normal; margin-bottom: 0pt;\" class=\"yiv1244072503MsoNormal\"><span style=\"font-family: arial,helvetica,sans-serif; color: #000000;\">Matija Opa\u010dak, gitara; Nenad  Jal\u0161evac, bas; Marijan Sever,<\/span><\/p>\n<p style=\"line-height: normal; margin-bottom: 0pt;\" class=\"yiv1244072503MsoNormal\"><span style=\"font-family: arial,helvetica,sans-serif; color: #000000;\">konge<\/span><\/p>\n<p style=\"line-height: normal; margin-bottom: 0pt;\" class=\"yiv1244072503MsoNormal\">\u00a0<\/p>\n<p style=\"line-height: normal; margin-bottom: 0pt;\" class=\"yiv1244072503MsoNormal\"><span style=\"font-family: arial,helvetica,sans-serif; color: #000000;\">U slu\u010daju ki\u0161e program se ne\u0107e odr\u017eati.<br \/><\/span><\/p>\n","protected":false},"excerpt":{"rendered":"<p>Duende i gosti \u00a0 \u00a0 \u00a0 \u00a0 \u00a0 \u00a0 \u00a0 \u00a0 \u00a0 \u00a0 \u00a0 \u00a0 \u00a0 \u00a0 \u00a0 \u00a0 \u00a0 \u00a0 \u00a0 \u00a0 \u00a0 \u00a0 \u00a0 \u00a0 \u00a0 \u00a0 \u00a0 \u00a0 \u00a0 \u00a0 \u00a0 \u00a0 \u00a0 \u00a0 \u00a0 \u00a0 \u00a0 \u00a0 \u00a0 \u00a0 \u00a0 \u00a0\u00a0 No\u0107 flamenca \u00a0 Nastupaju: \u00a0 Tomislav Ten\u0161ek-Snoopy, gitara; Robert Hamp, [&hellip;]<\/p>\n","protected":false},"author":5,"featured_media":49628,"comment_status":"open","ping_status":"closed","sticky":false,"template":"","format":"standard","meta":{"_acf_changed":false,"_editorskit_title_hidden":false,"_editorskit_reading_time":0,"_editorskit_is_block_options_detached":false,"_editorskit_block_options_position":"{}","_gspb_post_css":"","_crdt_document":"","ngg_post_thumbnail":0,"footnotes":""},"categories":[262],"tags":[],"class_list":["post-50660","post","type-post","status-publish","format-standard","has-post-thumbnail","hentry","category-arhiva"],"blocksy_meta":[],"acf":[],"_links":{"self":[{"href":"https:\/\/scenaamadeo.hr\/wordpress\/index.php\/wp-json\/wp\/v2\/posts\/50660","targetHints":{"allow":["GET"]}}],"collection":[{"href":"https:\/\/scenaamadeo.hr\/wordpress\/index.php\/wp-json\/wp\/v2\/posts"}],"about":[{"href":"https:\/\/scenaamadeo.hr\/wordpress\/index.php\/wp-json\/wp\/v2\/types\/post"}],"author":[{"embeddable":true,"href":"https:\/\/scenaamadeo.hr\/wordpress\/index.php\/wp-json\/wp\/v2\/users\/5"}],"replies":[{"embeddable":true,"href":"https:\/\/scenaamadeo.hr\/wordpress\/index.php\/wp-json\/wp\/v2\/comments?post=50660"}],"version-history":[{"count":0,"href":"https:\/\/scenaamadeo.hr\/wordpress\/index.php\/wp-json\/wp\/v2\/posts\/50660\/revisions"}],"wp:featuredmedia":[{"embeddable":true,"href":"https:\/\/scenaamadeo.hr\/wordpress\/index.php\/wp-json\/wp\/v2\/media\/49628"}],"wp:attachment":[{"href":"https:\/\/scenaamadeo.hr\/wordpress\/index.php\/wp-json\/wp\/v2\/media?parent=50660"}],"wp:term":[{"taxonomy":"category","embeddable":true,"href":"https:\/\/scenaamadeo.hr\/wordpress\/index.php\/wp-json\/wp\/v2\/categories?post=50660"},{"taxonomy":"post_tag","embeddable":true,"href":"https:\/\/scenaamadeo.hr\/wordpress\/index.php\/wp-json\/wp\/v2\/tags?post=50660"}],"curies":[{"name":"wp","href":"https:\/\/api.w.org\/{rel}","templated":true}]}}