{"id":50632,"date":"2011-06-02T06:33:13","date_gmt":"2011-06-02T06:33:13","guid":{"rendered":"https:\/\/scenaamadeo.hr\/wordpress\/index.php\/2011\/06\/02\/petak-15-07-2011-21-00-koncert-duo-emmalee-2\/"},"modified":"2011-06-02T06:33:13","modified_gmt":"2011-06-02T06:33:13","slug":"petak-15-07-2011-21-00-koncert-duo-emmalee-2","status":"publish","type":"post","link":"https:\/\/scenaamadeo.hr\/wordpress\/index.php\/2011\/06\/02\/petak-15-07-2011-21-00-koncert-duo-emmalee-2\/","title":{"rendered":"Petak, 15.07.2011. \/ 21:00 \/ koncert \/ Duo EmmaLee"},"content":{"rendered":"<p style=\"line-height: normal; margin-bottom: 0pt;\" class=\"yiv779687818MsoNormal\"><span style=\"font-family: arial,helvetica,sans-serif;\"><img loading=\"lazy\" decoding=\"async\" class=\" alignleft size-full wp-image-49583\" style=\"margin-right: 40px; margin-bottom: 50px; float: left;\" alt=\"emmalee_opt\" src=\"https:\/\/scenaamadeo.hr\/wordpress\/wp-content\/uploads\/arhiva2011\/emmalee_opt-26c.jpg\" height=\"206\" width=\"310\" srcset=\"https:\/\/scenaamadeo.hr\/wordpress\/wp-content\/uploads\/arhiva2011\/emmalee_opt-26c.jpg 310w, https:\/\/scenaamadeo.hr\/wordpress\/wp-content\/uploads\/arhiva2011\/emmalee_opt-26c-300x199.jpg 300w\" sizes=\"auto, (max-width: 310px) 100vw, 310px\" \/>Duo EmmaLee\u00a0\u00a0\u00a0\u00a0\u00a0\u00a0\u00a0\u00a0\u00a0\u00a0\u00a0\u00a0\u00a0\u00a0\u00a0\u00a0\u00a0\u00a0\u00a0\u00a0\u00a0\u00a0\u00a0\u00a0\u00a0\u00a0\u00a0\u00a0\u00a0\u00a0\u00a0\u00a0\u00a0\u00a0\u00a0\u00a0\u00a0\u00a0\u00a0\u00a0\u00a0\u00a0\u00a0\u00a0\u00a0\u00a0\u00a0\u00a0\u00a0\u00a0\u00a0\u00a0\u00a0\u00a0\u00a0\u00a0\u00a0\u00a0\u00a0\u00a0\u00a0\u00a0\u00a0\u00a0\u00a0\u00a0\u00a0\u00a0\u00a0\u00a0\u00a0\u00a0\u00a0\u00a0\u00a0\u00a0\u00a0 <br \/><\/span><\/p>\n<p style=\"line-height: normal; margin-bottom: 0pt;\" class=\"yiv779687818MsoNormal\">\u00a0<\/p>\n<p><span style=\"font-family: arial,helvetica,sans-serif;\">Nastupaju:<\/span><\/p>\n<p style=\"line-height: normal; margin-bottom: 0pt;\" class=\"yiv779687818MsoNormal\"><span style=\"font-family: arial,helvetica,sans-serif;\">Lidija Ljubi\u010di\u0107, flauta<\/span><\/p>\n<p><span style=\"font-family: arial,helvetica,sans-serif;\">Ema Stein, gitara<\/span><\/p>\n<p style=\"line-height: normal; margin-bottom: 0pt;\" class=\"yiv779687818MsoNormal\">\u00a0<\/p>\n<p style=\"line-height: normal; margin-bottom: 0pt;\" class=\"yiv779687818MsoNormal\"><span style=\"font-family: arial,helvetica,sans-serif;\"><i>Ibert; de Falla;  Piazzolla;Taylor; Boutros<\/i><\/span><\/p>\n<p style=\"line-height: normal; margin-bottom: 0pt;\" class=\"yiv779687818MsoNormal\">\u00a0<\/p>\n<p style=\"line-height: normal; margin-bottom: 0pt;\" class=\"yiv779687818MsoNormal\"><span style=\"font-family: arial,helvetica,sans-serif;\">U slu\u010daju ki\u0161e koncert \u0107e se odr\u017eati u crkvi sv. Marka.<\/span><\/p>\n<p style=\"line-height: normal; margin-bottom: 0pt;\" class=\"yiv779687818MsoNormal\">\u00a0<\/p>\n<p><span style=\"font-family: arial,helvetica,sans-serif;\">Vi\u0161e o:<\/span><a href=\"http:\/\/www.myspace.com\/467098391\/\"><span style=\"font-family: arial,helvetica,sans-serif;\">\u00a0<\/span><\/a><\/p>\n<p><a href=\"index.php?option=com_content&#038;view=article&#038;id=1008\"><span style=\"font-family: arial,helvetica,sans-serif;\">Duo EmmaLee<\/span><\/a><\/p>\n<p><a href=\"index.php?option=com_content&#038;view=article&#038;id=1008\"><span style=\"font-family: arial,helvetica,sans-serif;\">Lidija Ljubi\u010di\u0107<\/span><\/a><\/p>\n<p style=\"line-height: normal; margin-bottom: 0pt;\" class=\"yiv779687818MsoNormal\"><a href=\"index.php?option=com_content&#038;view=article&#038;id=1009\"><span style=\"font-family: arial,helvetica,sans-serif;\">Ema Stein<\/span><\/a><\/p>\n","protected":false},"excerpt":{"rendered":"<p>Duo EmmaLee\u00a0\u00a0\u00a0\u00a0\u00a0\u00a0\u00a0\u00a0\u00a0\u00a0\u00a0\u00a0\u00a0\u00a0\u00a0\u00a0\u00a0\u00a0\u00a0\u00a0\u00a0\u00a0\u00a0\u00a0\u00a0\u00a0\u00a0\u00a0\u00a0\u00a0\u00a0\u00a0\u00a0\u00a0\u00a0\u00a0\u00a0\u00a0\u00a0\u00a0\u00a0\u00a0\u00a0\u00a0\u00a0\u00a0\u00a0\u00a0\u00a0\u00a0\u00a0\u00a0\u00a0\u00a0\u00a0\u00a0\u00a0\u00a0\u00a0\u00a0\u00a0\u00a0\u00a0\u00a0\u00a0\u00a0\u00a0\u00a0\u00a0\u00a0\u00a0\u00a0\u00a0\u00a0\u00a0\u00a0\u00a0 \u00a0 Nastupaju: Lidija Ljubi\u010di\u0107, flauta Ema Stein, gitara \u00a0 Ibert; de Falla; Piazzolla;Taylor; Boutros \u00a0 U slu\u010daju ki\u0161e koncert \u0107e se odr\u017eati u crkvi sv. Marka. \u00a0 Vi\u0161e o:\u00a0 Duo EmmaLee Lidija Ljubi\u010di\u0107 Ema Stein<\/p>\n","protected":false},"author":5,"featured_media":49583,"comment_status":"open","ping_status":"closed","sticky":false,"template":"","format":"standard","meta":{"_acf_changed":false,"_editorskit_title_hidden":false,"_editorskit_reading_time":0,"_editorskit_is_block_options_detached":false,"_editorskit_block_options_position":"{}","_gspb_post_css":"","_crdt_document":"","ngg_post_thumbnail":0,"footnotes":""},"categories":[262],"tags":[],"class_list":["post-50632","post","type-post","status-publish","format-standard","has-post-thumbnail","hentry","category-arhiva"],"blocksy_meta":[],"acf":[],"_links":{"self":[{"href":"https:\/\/scenaamadeo.hr\/wordpress\/index.php\/wp-json\/wp\/v2\/posts\/50632","targetHints":{"allow":["GET"]}}],"collection":[{"href":"https:\/\/scenaamadeo.hr\/wordpress\/index.php\/wp-json\/wp\/v2\/posts"}],"about":[{"href":"https:\/\/scenaamadeo.hr\/wordpress\/index.php\/wp-json\/wp\/v2\/types\/post"}],"author":[{"embeddable":true,"href":"https:\/\/scenaamadeo.hr\/wordpress\/index.php\/wp-json\/wp\/v2\/users\/5"}],"replies":[{"embeddable":true,"href":"https:\/\/scenaamadeo.hr\/wordpress\/index.php\/wp-json\/wp\/v2\/comments?post=50632"}],"version-history":[{"count":0,"href":"https:\/\/scenaamadeo.hr\/wordpress\/index.php\/wp-json\/wp\/v2\/posts\/50632\/revisions"}],"wp:featuredmedia":[{"embeddable":true,"href":"https:\/\/scenaamadeo.hr\/wordpress\/index.php\/wp-json\/wp\/v2\/media\/49583"}],"wp:attachment":[{"href":"https:\/\/scenaamadeo.hr\/wordpress\/index.php\/wp-json\/wp\/v2\/media?parent=50632"}],"wp:term":[{"taxonomy":"category","embeddable":true,"href":"https:\/\/scenaamadeo.hr\/wordpress\/index.php\/wp-json\/wp\/v2\/categories?post=50632"},{"taxonomy":"post_tag","embeddable":true,"href":"https:\/\/scenaamadeo.hr\/wordpress\/index.php\/wp-json\/wp\/v2\/tags?post=50632"}],"curies":[{"name":"wp","href":"https:\/\/api.w.org\/{rel}","templated":true}]}}