{"id":50621,"date":"2011-05-08T15:46:22","date_gmt":"2011-05-08T15:46:22","guid":{"rendered":"https:\/\/scenaamadeo.hr\/wordpress\/index.php\/2011\/05\/08\/utorak-05-07-2011-21-00-predstava-amadeoff-festival-cudo-brace-grimm-2\/"},"modified":"2011-05-08T15:46:22","modified_gmt":"2011-05-08T15:46:22","slug":"utorak-05-07-2011-21-00-predstava-amadeoff-festival-cudo-brace-grimm-2","status":"publish","type":"post","link":"https:\/\/scenaamadeo.hr\/wordpress\/index.php\/2011\/05\/08\/utorak-05-07-2011-21-00-predstava-amadeoff-festival-cudo-brace-grimm-2\/","title":{"rendered":"Utorak, 05.07.2011. \/ 21:00 \/ predstava \/ Amadeoff festival \/ \u010cudo bra\u0107e Grimm"},"content":{"rendered":"<p><img loading=\"lazy\" decoding=\"async\" class=\" alignleft size-full wp-image-49565\" style=\"margin-right: 40px; margin-bottom: 600px; float: left;\" alt=\"braca_grimm\" src=\"https:\/\/scenaamadeo.hr\/wordpress\/wp-content\/uploads\/program\/braca_grimm-09f.jpg\" height=\"247\" width=\"310\" srcset=\"https:\/\/scenaamadeo.hr\/wordpress\/wp-content\/uploads\/program\/braca_grimm-09f.jpg 310w, https:\/\/scenaamadeo.hr\/wordpress\/wp-content\/uploads\/program\/braca_grimm-09f-300x239.jpg 300w\" sizes=\"auto, (max-width: 310px) 100vw, 310px\" \/><span style=\"font-family: arial,helvetica,sans-serif; color: #000000;\">\u010cudo bra\u0107e Grimm\u00a0<\/span><\/p>\n<p><span style=\"font-family: arial,helvetica,sans-serif; color: #000000;\">Produkcija: Teatar Gaudeamus<\/span><\/p>\n<p><span style=\"font-family: arial,helvetica,sans-serif; color: #000000;\"><br \/><\/span><\/p>\n<p><span style=\"color: #000000;\">Nagrada za najboljeg glumca 51. festivala hrvatskih kazali\u0161nih amatera (2011): Filip Vrbanec<\/span><\/p>\n<p><span style=\"color: #000000;\">Nagrada za najbolju sporednu \u017eensku ulogu 51. festivala hrvatskih kazali\u0161nih amatera (2011): Rebecca Agi\u0107 <\/span><\/p>\n<p><span style=\"color: #000000;\">Nagrada za najbolji dramski tekst 51. festivala hrvatskih kazali\u0161nih amatera (2011): Zoran Babi\u0107 i ansambl teatra Gaudeamus <\/span><\/p>\n<p><span style=\"color: #000000;\">Nagrada &#8220;Daska koja \u017eivot zna\u010di&#8221; 15. festivala zagreba\u010dkih kazali\u0161nih amatera za najbolju predstavu (2011)<\/span><\/p>\n<p><span style=\"color: #000000;\">Nagrada &#8220;Daska koja \u017eivot zna\u010di&#8221; 15. festivala zagreba\u010dkih kazali\u0161nih amatera za najbolji autorski tekst (2011) <\/span><\/p>\n<p><span style=\"color: #000000;\">Nagrada &#8220;Daska koja \u017eivot zna\u010di&#8221; 15. festivala zagreba\u010dkih kazali\u0161nih amatera za najboljeg glumca (2011): Filip Vrbanec<\/span><\/p>\n<p><span style=\"color: #000000;\">Nagrada &#8220;Daska koja \u017eivot zna\u010di&#8221; 15. festivala zagreba\u010dkih kazali\u0161nih amatera za najbolju glumicu (2011): Rebecca Agi\u0107<\/span><\/p>\n<p><span style=\"color: #000000;\">Nominacije na 51. festivalu hrvatskih kazali\u0161nih amatera (2011): za najbolju predstavu i za najbolju re\u017eiju <\/span><\/p>\n<p><span style=\"color: #000000;\">Nominacije na 15. festivalu zagreba\u010dkih kazali\u0161nih amatera (2011): za najboljeg glumca (Vedran Vitez i Igor Bak\u0161a)\u00a0 <\/span><b><br \/><\/b><\/p>\n<p><b><br \/><\/b><\/p>\n<p><span style=\"font-family: arial,helvetica,sans-serif; color: #000000;\">Tekst prema bra\u0107i Grimm, redatelj Zoran Babi\u0107 <\/span><\/p>\n<p><span style=\"color: #000000;\"><span style=\"font-family: arial,helvetica,sans-serif;\">Glumci: <\/span>Rebecca Agi\u0107, Zoran Babi\u0107, Irena Boha\u010d, Lejla Jerkovi\u0107, Ivor Bak\u0161a, Iva \u0160o\u0161ki\u0107, Josipa Kebet, Sven Lendo, Vedran Strasser, Jelena Vojkovi\u0107, Dinko Vujevi\u0107, Vedran Vitez, Tamara \u017dganec, Filip Vrbanec, Ana Alfirev, Zorana \u010cetkovi\u0107, Monika Haramin\u010di\u0107, Luka Marinkovi\u0107, Isidor Matkovi\u0107, Dario Nikoli\u0107, Miljenka Pra\u010dinec, Branka Trohar<\/span><\/p>\n<p><span style=\"color: #000000;\">Kostimi: Jelena Vojkovi\u0107 <br \/><\/span><\/p>\n<p>\u00a0<\/p>\n<p><span style=\"color: #000000;\">Vi\u0161e o:<\/span><\/p>\n<p><a href=\"http:\/\/www.kcpescenica.hr\/\">Teatru Gaudeamus <\/a><\/p>\n<p><a href=\"http:\/\/hr.wikipedia.org\/wiki\/Bra%C4%87a_Grimm\">Bra\u0107i Grimm <\/a><\/p>\n<p>\u00a0<\/p>\n<p><span style=\"color: #000000;\">Ulaz na sve programe u sklopu Amadeoff festivala je besplatan.<\/span><\/p>\n<p><span style=\"color: #000000;\"><span style=\"font-family: arial,helvetica,sans-serif;\"><br \/><\/span><span style=\"font-family: arial,helvetica,sans-serif;\">\u00a0<\/span><\/span><\/p>\n<p><span style=\"font-family: arial,helvetica,sans-serif;\"><a href=\"index.php?option=com_content&#038;view=article&#038;id=918&#038;Itemid=57\"><img loading=\"lazy\" decoding=\"async\" class=\" size-full wp-image-49344\" style=\"display: block; margin-left: auto; margin-right: auto;\" alt=\"amadeooff\" src=\"https:\/\/scenaamadeo.hr\/wordpress\/wp-content\/uploads\/amadeooff-09f.gif\" height=\"85\" width=\"314\" \/><br \/><\/a><br \/><\/span><\/p>\n","protected":false},"excerpt":{"rendered":"<p>\u010cudo bra\u0107e Grimm\u00a0 Produkcija: Teatar Gaudeamus Nagrada za najboljeg glumca 51. festivala hrvatskih kazali\u0161nih amatera (2011): Filip Vrbanec Nagrada za najbolju sporednu \u017eensku ulogu 51. festivala hrvatskih kazali\u0161nih amatera (2011): Rebecca Agi\u0107 Nagrada za najbolji dramski tekst 51. festivala hrvatskih kazali\u0161nih amatera (2011): Zoran Babi\u0107 i ansambl teatra Gaudeamus Nagrada &#8220;Daska koja \u017eivot zna\u010di&#8221; 15. [&hellip;]<\/p>\n","protected":false},"author":5,"featured_media":49565,"comment_status":"open","ping_status":"closed","sticky":false,"template":"","format":"standard","meta":{"_acf_changed":false,"_editorskit_title_hidden":false,"_editorskit_reading_time":0,"_editorskit_is_block_options_detached":false,"_editorskit_block_options_position":"{}","_gspb_post_css":"","_crdt_document":"","ngg_post_thumbnail":0,"footnotes":""},"categories":[262],"tags":[],"class_list":["post-50621","post","type-post","status-publish","format-standard","has-post-thumbnail","hentry","category-arhiva"],"blocksy_meta":[],"acf":[],"_links":{"self":[{"href":"https:\/\/scenaamadeo.hr\/wordpress\/index.php\/wp-json\/wp\/v2\/posts\/50621","targetHints":{"allow":["GET"]}}],"collection":[{"href":"https:\/\/scenaamadeo.hr\/wordpress\/index.php\/wp-json\/wp\/v2\/posts"}],"about":[{"href":"https:\/\/scenaamadeo.hr\/wordpress\/index.php\/wp-json\/wp\/v2\/types\/post"}],"author":[{"embeddable":true,"href":"https:\/\/scenaamadeo.hr\/wordpress\/index.php\/wp-json\/wp\/v2\/users\/5"}],"replies":[{"embeddable":true,"href":"https:\/\/scenaamadeo.hr\/wordpress\/index.php\/wp-json\/wp\/v2\/comments?post=50621"}],"version-history":[{"count":0,"href":"https:\/\/scenaamadeo.hr\/wordpress\/index.php\/wp-json\/wp\/v2\/posts\/50621\/revisions"}],"wp:featuredmedia":[{"embeddable":true,"href":"https:\/\/scenaamadeo.hr\/wordpress\/index.php\/wp-json\/wp\/v2\/media\/49565"}],"wp:attachment":[{"href":"https:\/\/scenaamadeo.hr\/wordpress\/index.php\/wp-json\/wp\/v2\/media?parent=50621"}],"wp:term":[{"taxonomy":"category","embeddable":true,"href":"https:\/\/scenaamadeo.hr\/wordpress\/index.php\/wp-json\/wp\/v2\/categories?post=50621"},{"taxonomy":"post_tag","embeddable":true,"href":"https:\/\/scenaamadeo.hr\/wordpress\/index.php\/wp-json\/wp\/v2\/tags?post=50621"}],"curies":[{"name":"wp","href":"https:\/\/api.w.org\/{rel}","templated":true}]}}