{"id":50618,"date":"2011-05-08T15:48:49","date_gmt":"2011-05-08T15:48:49","guid":{"rendered":"https:\/\/scenaamadeo.hr\/wordpress\/index.php\/2011\/05\/08\/subota-02-07-2011-21-00-predstava-amadeoff-moje-sunce-pasce-srce-kao-rahatluk-o-bas-bubanj-2\/"},"modified":"2011-05-08T15:48:49","modified_gmt":"2011-05-08T15:48:49","slug":"subota-02-07-2011-21-00-predstava-amadeoff-moje-sunce-pasce-srce-kao-rahatluk-o-bas-bubanj-2","status":"publish","type":"post","link":"https:\/\/scenaamadeo.hr\/wordpress\/index.php\/2011\/05\/08\/subota-02-07-2011-21-00-predstava-amadeoff-moje-sunce-pasce-srce-kao-rahatluk-o-bas-bubanj-2\/","title":{"rendered":"Subota, 02.07.2011.\/ 21:00 \/predstava \/ Amadeoff \/ Moje Sunce, pa\u0161\u010de, srce kao rahatluk o bas bubanj"},"content":{"rendered":"<p><img loading=\"lazy\" decoding=\"async\" class=\" alignleft size-full wp-image-49560\" style=\"margin-right: 40px; margin-bottom: 275px; float: left;\" alt=\"arusa-za-web\" src=\"https:\/\/scenaamadeo.hr\/wordpress\/wp-content\/uploads\/program\/arusa-za-web-1d3.jpg\" height=\"484\" width=\"310\" srcset=\"https:\/\/scenaamadeo.hr\/wordpress\/wp-content\/uploads\/program\/arusa-za-web-1d3.jpg 310w, https:\/\/scenaamadeo.hr\/wordpress\/wp-content\/uploads\/program\/arusa-za-web-1d3-192x300.jpg 192w\" sizes=\"auto, (max-width: 310px) 100vw, 310px\" \/><span style=\"color: #000000;\">Moje Sunce, pa\u0161\u010de, srce kao rahatluk o bas bubanj\u00a0\u00a0\u00a0\u00a0\u00a0\u00a0\u00a0\u00a0\u00a0\u00a0\u00a0\u00a0\u00a0\u00a0\u00a0\u00a0\u00a0\u00a0<\/span><\/p>\n<p><span style=\"color: #000000;\">Kazali\u0161te Aru\u0161a<\/span><\/p>\n<p><span style=\"color: #000000;\">Produkcija: Centar za kulturu i informacije Maksimir i KI kreativne intervencije<\/span><\/p>\n<p><span style=\"color: #000000;\"><br \/><\/span><\/p>\n<p><span style=\"color: #000000;\">Predstava odabrana s 15. FZKA &#8211; festivala zagreba\u010dkih kazali\u0161nih amatera .\u00a0\u00a0<\/span><\/p>\n<p>\u00a0<\/p>\n<p><span style=\"color: #000000;\">Re\u017eija, dramaturgija, svjetlo, zvuk: tijelo.<\/span><\/p>\n<p><span style=\"color: #000000;\">Tijela su: Adriana Josipovi\u0107, Kate Maru\u0161i\u0107, Nikolina Komljenovi\u0107, Laura Potrovi\u0107, Marko Jeli\u0107, Miro Manojlovi\u0107, Karlo Slavikovski, Ivan Marincel, Nino Bokan, Boris Barta, Darko Jefti\u0107<\/span><\/p>\n<p>\u00a0<\/p>\n<p><span style=\"color: #000000;\">Vi\u0161e o:<\/span><\/p>\n<p><span style=\"color: #000000;\"><a href=\"http:\/\/kazaliste-arusa.net\/index.php\/predstava\/\">O predstavi<\/a><\/span><\/p>\n<p><span style=\"color: #000000;\"><a href=\"http:\/\/kazaliste-arusa.net\/\">Kazali\u0161te Aru\u0161a <\/a><\/span><\/p>\n<p><span style=\"color: #000000;\"><a href=\"http:\/\/kazaliste-arusa.net\/index.php\/manifest\/\">Manifest kazali\u0161ta Aru\u0161a<\/a><\/span><\/p>\n<p><span style=\"color: #000000;\"><a href=\"http:\/\/www.cki-m.com\/\">Centar za kulturu i informacije Maksimir<\/a><\/span><\/p>\n<p><span style=\"color: #000000;\"><a href=\"http:\/\/ki.kazaliste-arusa.net\/\">KI kreativne intervencije<\/a><\/span><\/p>\n<p><a href=\"http:\/\/www.knap.hr\/novost.asp?id=23\">15. FZKA<\/a><\/p>\n<p>\u00a0<\/p>\n<p><span style=\"color: #000000;\">Neposredno prije izvedbe predstave na Amadeoff festivalu, Kazali\u0161te Aru\u0161a \u0107e u formi cjelodnevnog izvedbe u Zagrebu proglasiti Dan sporosti i pokrenuti muzej tijela.<\/span><\/p>\n<p><span style=\"color: #000000;\">Predstava Kazali\u0161ta Aru\u0161a bavi se totalnim kazali\u0161tem tijela: re\u017eijom, dramaturgijom, izvedbom tijela; tijelom kao vizualno-akusti\u010dkim instrumentom. Tijelo kao takvo u totalnoj predstavi \u017eivota tek po\u010dinje postojati: apstraktnom geometrijom tijela do konkretne geometrije nepredstavljivog.<\/span><\/p>\n<p>\u00a0<\/p>\n<p><span style=\"color: #000000;\">Ulaz na sve programe u sklopu Amadeoff festivala je besplatan.<\/span><\/p>\n<p><span style=\"color: #000000;\"><br \/><\/span><\/p>\n<p><a href=\"index.php?option=com_content&#038;view=article&#038;id=918&#038;Itemid=57\"><img loading=\"lazy\" decoding=\"async\" class=\" size-full wp-image-49344\" style=\"display: block; margin-left: auto; margin-right: auto;\" alt=\"amadeooff\" src=\"https:\/\/scenaamadeo.hr\/wordpress\/wp-content\/uploads\/amadeooff-09f.gif\" height=\"85\" width=\"314\" \/><\/a><br \/><a href=\"index.php?option=com_content&#038;view=article&#038;id=918&#038;Itemid=57\"><br \/><\/a><\/p>\n","protected":false},"excerpt":{"rendered":"<p>Moje Sunce, pa\u0161\u010de, srce kao rahatluk o bas bubanj\u00a0\u00a0\u00a0\u00a0\u00a0\u00a0\u00a0\u00a0\u00a0\u00a0\u00a0\u00a0\u00a0\u00a0\u00a0\u00a0\u00a0\u00a0 Kazali\u0161te Aru\u0161a Produkcija: Centar za kulturu i informacije Maksimir i KI kreativne intervencije Predstava odabrana s 15. FZKA &#8211; festivala zagreba\u010dkih kazali\u0161nih amatera .\u00a0\u00a0 \u00a0 Re\u017eija, dramaturgija, svjetlo, zvuk: tijelo. Tijela su: Adriana Josipovi\u0107, Kate Maru\u0161i\u0107, Nikolina Komljenovi\u0107, Laura Potrovi\u0107, Marko Jeli\u0107, Miro Manojlovi\u0107, Karlo Slavikovski, [&hellip;]<\/p>\n","protected":false},"author":5,"featured_media":49560,"comment_status":"open","ping_status":"closed","sticky":false,"template":"","format":"standard","meta":{"_acf_changed":false,"_editorskit_title_hidden":false,"_editorskit_reading_time":0,"_editorskit_is_block_options_detached":false,"_editorskit_block_options_position":"{}","_gspb_post_css":"","_crdt_document":"","ngg_post_thumbnail":0,"footnotes":""},"categories":[262],"tags":[],"class_list":["post-50618","post","type-post","status-publish","format-standard","has-post-thumbnail","hentry","category-arhiva"],"blocksy_meta":[],"acf":[],"_links":{"self":[{"href":"https:\/\/scenaamadeo.hr\/wordpress\/index.php\/wp-json\/wp\/v2\/posts\/50618","targetHints":{"allow":["GET"]}}],"collection":[{"href":"https:\/\/scenaamadeo.hr\/wordpress\/index.php\/wp-json\/wp\/v2\/posts"}],"about":[{"href":"https:\/\/scenaamadeo.hr\/wordpress\/index.php\/wp-json\/wp\/v2\/types\/post"}],"author":[{"embeddable":true,"href":"https:\/\/scenaamadeo.hr\/wordpress\/index.php\/wp-json\/wp\/v2\/users\/5"}],"replies":[{"embeddable":true,"href":"https:\/\/scenaamadeo.hr\/wordpress\/index.php\/wp-json\/wp\/v2\/comments?post=50618"}],"version-history":[{"count":0,"href":"https:\/\/scenaamadeo.hr\/wordpress\/index.php\/wp-json\/wp\/v2\/posts\/50618\/revisions"}],"wp:featuredmedia":[{"embeddable":true,"href":"https:\/\/scenaamadeo.hr\/wordpress\/index.php\/wp-json\/wp\/v2\/media\/49560"}],"wp:attachment":[{"href":"https:\/\/scenaamadeo.hr\/wordpress\/index.php\/wp-json\/wp\/v2\/media?parent=50618"}],"wp:term":[{"taxonomy":"category","embeddable":true,"href":"https:\/\/scenaamadeo.hr\/wordpress\/index.php\/wp-json\/wp\/v2\/categories?post=50618"},{"taxonomy":"post_tag","embeddable":true,"href":"https:\/\/scenaamadeo.hr\/wordpress\/index.php\/wp-json\/wp\/v2\/tags?post=50618"}],"curies":[{"name":"wp","href":"https:\/\/api.w.org\/{rel}","templated":true}]}}