{"id":50617,"date":"2011-05-08T15:51:55","date_gmt":"2011-05-08T15:51:55","guid":{"rendered":"https:\/\/scenaamadeo.hr\/wordpress\/index.php\/2011\/05\/08\/subota-02-07-2011-10-00-predstava-mali-amadeo-tri-prascica-2\/"},"modified":"2011-05-08T15:51:55","modified_gmt":"2011-05-08T15:51:55","slug":"subota-02-07-2011-10-00-predstava-mali-amadeo-tri-prascica-2","status":"publish","type":"post","link":"https:\/\/scenaamadeo.hr\/wordpress\/index.php\/2011\/05\/08\/subota-02-07-2011-10-00-predstava-mali-amadeo-tri-prascica-2\/","title":{"rendered":"Subota, 02.07.2011. \/ 10:00 \/ predstava \/ Mali Amadeo \/ Tri pra\u0161\u010di\u0107a"},"content":{"rendered":"<div class=\"style29\" align=\"left\"><img loading=\"lazy\" decoding=\"async\" class=\" alignleft size-full wp-image-49558\" style=\"margin-right: 40px; margin-bottom: 30px; float: left;\" alt=\"tri_prascica\" src=\"https:\/\/scenaamadeo.hr\/wordpress\/wp-content\/uploads\/arhiva2011\/tri_prascica-4a2.jpg\" height=\"391\" width=\"310\" srcset=\"https:\/\/scenaamadeo.hr\/wordpress\/wp-content\/uploads\/arhiva2011\/tri_prascica-4a2.jpg 300w, https:\/\/scenaamadeo.hr\/wordpress\/wp-content\/uploads\/arhiva2011\/tri_prascica-4a2-238x300.jpg 238w\" sizes=\"auto, (max-width: 310px) 100vw, 310px\" \/><span style=\"font-family: arial,helvetica,sans-serif; color: #000000;\">Tri pra\u0161\u010di\u0107a\u00a0\u00a0\u00a0\u00a0\u00a0 \u00a0 \u00a0 \u00a0 \u00a0 \u00a0 \u00a0 \u00a0 \u00a0 \u00a0 \u00a0 \u00a0 \u00a0 \u00a0 \u00a0 \u00a0 \u00a0 \u00a0 \u00a0 \u00a0 \u00a0 \u00a0 \u00a0 \u00a0 \u00a0 \u00a0 \u00a0 \u00a0 \u00a0 \u00a0 \u00a0 \u00a0 \u00a0 \u00a0 \u00a0 \u00a0 \u00a0 \u00a0 \u00a0\u00a0 \u00a0 \u00a0 \u00a0 \u00a0 <br \/><\/span><\/div>\n<div class=\"style29\" align=\"left\">\u00a0\u00a0\u00a0\u00a0\u00a0\u00a0\u00a0\u00a0\u00a0\u00a0\u00a0\u00a0\u00a0\u00a0\u00a0\u00a0\u00a0\u00a0\u00a0\u00a0\u00a0\u00a0\u00a0\u00a0\u00a0\u00a0\u00a0\u00a0\u00a0\u00a0\u00a0\u00a0\u00a0\u00a0\u00a0\u00a0\u00a0\u00a0\u00a0\u00a0\u00a0\u00a0\u00a0\u00a0\u00a0\u00a0\u00a0\u00a0\u00a0\u00a0\u00a0\u00a0\u00a0<\/div>\n<div class=\"style29\" align=\"left\"><\/div>\n<div class=\"style29\" align=\"left\"><\/div>\n<div class=\"style29\" align=\"left\"><span style=\"font-family: arial,helvetica,sans-serif; color: #000000;\">Glume: Nina Benovi\u0107 (Tri pra\u0161\u010di\u0107a) i Hrvoje Perc (Vuk)<\/span><\/div>\n<div class=\"style29\" align=\"left\"><span style=\"font-family: arial,helvetica,sans-serif; color: #000000;\">Re\u017eija: Leo Vukeli\u0107<\/span><\/div>\n<p class=\"style29\" align=\"left\"><span style=\"font-family: arial,helvetica,sans-serif; color: #000000;\">Produkcija: Tigar Teatar<\/span><\/p>\n<p>\u00a0<\/p>\n<p><span style=\"font-family: arial,helvetica,sans-serif; color: #000000;\">Vi\u0161e o:<\/span><\/p>\n<p><span style=\"font-family: arial,helvetica,sans-serif; color: #000000;\"><a href=\"http:\/\/kazalistedubrava.hr\/nina-benovic\/\">Nina Benovi\u0107<\/a><\/span><\/p>\n<p><span style=\"font-family: arial,helvetica,sans-serif; color: #000000;\"><a href=\"http:\/\/www.tigarteatar.com\/html\/leo.html\">Leo Vukeli\u0107<\/a><\/span><\/p>\n<p><span style=\"font-family: arial,helvetica,sans-serif; color: #000000;\"><a href=\"http:\/\/www.tigarteatar.com\/html\/tri-prascica.html\">Tri pra\u0161\u010di\u0107a<\/a><\/span><\/p>\n<p><span style=\"font-family: arial,helvetica,sans-serif; color: #000000;\"><a href=\"http:\/\/www.tigarteatar.com\/\">Tigar Teatar<\/a><\/span><\/p>\n<p>\u00a0<\/p>\n<p><span style=\"font-family: arial,helvetica,sans-serif; color: #000000;\">U slu\u010daju ki\u0161e program se ne\u0107e odr\u017eati.<\/span><\/p>\n<p><span style=\"font-family: arial,helvetica,sans-serif; color: #000000;\">Predstava po\u010dinje u 10 sati.<\/span><\/p>\n<p><span style=\"font-family: arial,helvetica,sans-serif; color: #000000;\">Cijena ulaznice je 25,00 kuna.<\/span><\/p>\n<p><a href=\"index.php?option=com_content&#038;view=article&#038;id=919&#038;Itemid=59\"><img loading=\"lazy\" decoding=\"async\" class=\" size-full wp-image-49551\" src=\"https:\/\/scenaamadeo.hr\/wordpress\/wp-content\/uploads\/mali-cca.gif\" alt=\"mali\" style=\"display: block; margin-left: auto; margin-right: auto;\" height=\"64\" width=\"314\" \/><\/a><span style=\"color: #000000;\"><strong>Obavijest: predstava Tri pra\u0161\u010di\u0107a ne\u0107e se odr\u017eati zbog iznenadne bolesti glumca, te \u0107e se umjesto nje odr\u017eati predstava Zubi\u0107 vila! Vi\u0161e o predstavi mo\u017eete na\u0107i <a href=\"http:\/\/www.tigarteatar.com\/html\/zubic-vila.html\">ovdje<\/a>. <\/strong><\/span><\/p>\n","protected":false},"excerpt":{"rendered":"<p>Tri pra\u0161\u010di\u0107a\u00a0\u00a0\u00a0\u00a0\u00a0 \u00a0 \u00a0 \u00a0 \u00a0 \u00a0 \u00a0 \u00a0 \u00a0 \u00a0 \u00a0 \u00a0 \u00a0 \u00a0 \u00a0 \u00a0 \u00a0 \u00a0 \u00a0 \u00a0 \u00a0 \u00a0 \u00a0 \u00a0 \u00a0 \u00a0 \u00a0 \u00a0 \u00a0 \u00a0 \u00a0 \u00a0 \u00a0 \u00a0 \u00a0 \u00a0 \u00a0 \u00a0 \u00a0\u00a0 \u00a0 \u00a0 \u00a0 \u00a0 \u00a0\u00a0\u00a0\u00a0\u00a0\u00a0\u00a0\u00a0\u00a0\u00a0\u00a0\u00a0\u00a0\u00a0\u00a0\u00a0\u00a0\u00a0\u00a0\u00a0\u00a0\u00a0\u00a0\u00a0\u00a0\u00a0\u00a0\u00a0\u00a0\u00a0\u00a0\u00a0\u00a0\u00a0\u00a0\u00a0\u00a0\u00a0\u00a0\u00a0\u00a0\u00a0\u00a0\u00a0\u00a0\u00a0\u00a0\u00a0\u00a0\u00a0\u00a0\u00a0\u00a0 Glume: Nina Benovi\u0107 (Tri pra\u0161\u010di\u0107a) i Hrvoje Perc (Vuk) Re\u017eija: [&hellip;]<\/p>\n","protected":false},"author":5,"featured_media":49558,"comment_status":"open","ping_status":"closed","sticky":false,"template":"","format":"standard","meta":{"_acf_changed":false,"_editorskit_title_hidden":false,"_editorskit_reading_time":0,"_editorskit_is_block_options_detached":false,"_editorskit_block_options_position":"{}","_gspb_post_css":"","_crdt_document":"","ngg_post_thumbnail":0,"footnotes":""},"categories":[262],"tags":[],"class_list":["post-50617","post","type-post","status-publish","format-standard","has-post-thumbnail","hentry","category-arhiva"],"blocksy_meta":[],"acf":[],"_links":{"self":[{"href":"https:\/\/scenaamadeo.hr\/wordpress\/index.php\/wp-json\/wp\/v2\/posts\/50617","targetHints":{"allow":["GET"]}}],"collection":[{"href":"https:\/\/scenaamadeo.hr\/wordpress\/index.php\/wp-json\/wp\/v2\/posts"}],"about":[{"href":"https:\/\/scenaamadeo.hr\/wordpress\/index.php\/wp-json\/wp\/v2\/types\/post"}],"author":[{"embeddable":true,"href":"https:\/\/scenaamadeo.hr\/wordpress\/index.php\/wp-json\/wp\/v2\/users\/5"}],"replies":[{"embeddable":true,"href":"https:\/\/scenaamadeo.hr\/wordpress\/index.php\/wp-json\/wp\/v2\/comments?post=50617"}],"version-history":[{"count":0,"href":"https:\/\/scenaamadeo.hr\/wordpress\/index.php\/wp-json\/wp\/v2\/posts\/50617\/revisions"}],"wp:featuredmedia":[{"embeddable":true,"href":"https:\/\/scenaamadeo.hr\/wordpress\/index.php\/wp-json\/wp\/v2\/media\/49558"}],"wp:attachment":[{"href":"https:\/\/scenaamadeo.hr\/wordpress\/index.php\/wp-json\/wp\/v2\/media?parent=50617"}],"wp:term":[{"taxonomy":"category","embeddable":true,"href":"https:\/\/scenaamadeo.hr\/wordpress\/index.php\/wp-json\/wp\/v2\/categories?post=50617"},{"taxonomy":"post_tag","embeddable":true,"href":"https:\/\/scenaamadeo.hr\/wordpress\/index.php\/wp-json\/wp\/v2\/tags?post=50617"}],"curies":[{"name":"wp","href":"https:\/\/api.w.org\/{rel}","templated":true}]}}